{"id":1854,"date":"2010-02-20T11:38:25","date_gmt":"2010-02-20T09:38:25","guid":{"rendered":"https:\/\/baraka.cc\/?p=1854"},"modified":"2014-01-08T11:39:56","modified_gmt":"2014-01-08T09:39:56","slug":"tekel-iscileri-ile-dayanisma","status":"publish","type":"post","link":"https:\/\/baraka.cc\/?p=1854","title":{"rendered":"Tekel \u0130\u015f\u00e7ileri \u0130le Dayan\u0131\u015fma"},"content":{"rendered":"<p class=\"MsoNormal\" style=\"margin: 0cm 0cm 0pt; line-height: 150%; text-align: justify;\"><span style=\"font-size: 11pt; line-height: 150%; font-family: Verdana;\">K\u00fcreselle?me yalany ile tek kutuplu d\u00fcnyada, kapitalist sermaye \u00e7evrelerinin \u00e7ykarlaryna hizmet etmeyi siyaset sayan h\u00fck\u00fcmetlere en g\u00fczel \u00f6rnek AKP H\u00fck\u00fcmetidir.<\/span><\/p>\n<p><span style=\"font-size: 11pt; line-height: 150%; font-family: Verdana;\">\u00a0\u00a0 <\/span><span style=\"font-size: 11pt; line-height: 150%; font-family: Verdana;\"><br \/>\n<\/span><\/p>\n<p class=\"MsoNormal\" style=\"margin: 0cm 0cm 0pt; line-height: 150%; text-align: justify;\">D\u00fcnya Bankasy ve Uluslararasy Para Fonu\u2019nun direktifleri ile T\u00fcrkiye\u2019de \u00f6zelle?tirme ady altynda devlete ait hi\u00e7bir i?letme byrakmayan, e?itim sa?lyk gibi temel insan haklaryna hizmet eden her ?eyi bile \u00f6zelle?tirmeye y\u00f6nelen h\u00fck\u00fcmetiniz, Tekel\u2019e ait tesisleri de kapatmaya hyz vermi?tir. Bu \u00e7er\u00e7evede \u201czarar ediyorlar bahanesi\u201d ile TEKEL\u2019e ait kurumlarda i?ten durdurma ve maa? azaltmalara y\u00f6nelen h\u00fck\u00fcmetiniz, g\u00f6sterilen t\u00fcm toplumsal tepkilere de basky ve yyldyrma y\u00f6ntemleri ile kar?ylyk vermektedir. TEKEL i?\u00e7ilerinin aylardan beri devam eden direni?i kar?ysynda basky y\u00f6ntemlerini se\u00e7en h\u00fck\u00fcmetiniz bu tutumu ile sermaye \u00e7evrelerine hizmet etmeyi kendine bir g\u00f6rev olarak belirlemi?tir.<\/p>\n<p><span style=\"font-size: 11pt; line-height: 150%; font-family: Verdana;\">\u00a0<\/span><\/p>\n<p class=\"MsoNormal\" style=\"margin: 0cm 0cm 0pt; line-height: 150%; text-align: justify;\">T\u00fcrkiye emek\u00e7ilerinin, \u00f6zelle?tirmeyi ve fakirle?tirmeyi hedefleyen IMF ve D\u00fcnya Bankasy patentli politikalara kar?y g\u00f6sterdikleri direni?, t\u00fcm d\u00fcnya emek\u00e7ilerine \u00f6rnek olmaktadyr. IMF ve D\u00fcnya Bankasy\u2019nyn direktifleri ile ortaya konan politikalara ve onun uygulayycysy h\u00fck\u00fcmetinize kar?y \u00e7ykmak insanlyk onuruna yaky?an en g\u00fczel davrany? olacaktyr.<\/p>\n<p class=\"MsoNormal\" style=\"margin: 0cm 0cm 0pt; line-height: 150%; text-align: justify;\">\n<p>Konu ile ilgili olarak Avrupa Sendikalar Konfederasyonu (ETUC) ve Uluslararasy Sendikalar Konfederasyonu (ITUC) 20 ?ubat\u2019ty TEKEL i?\u00e7ileri ile dayany?ma g\u00fcn\u00fc ilan etmi?tir. 155 \u00fclkeden 311 sendikal \u00f6rg\u00fct ve 175 milyon emek\u00e7i T\u00fcrkiye\u2019de 12 bin TEKEL Y?\u00e7isinin \u201cinsan onuruna yaky?yr bir ya?am\u201d i\u00e7in verdikleri kararly m\u00fccadelede onlarla dayany?ma i\u00e7inde olduklaryny ifade etmektedirler.<\/p>\n<p><span style=\"font-size: 11pt; line-height: 150%; font-family: Verdana;\">\u00a0<\/span><\/p>\n<p class=\"MsoNormal\" style=\"margin: 0cm 0cm 0pt; line-height: 150%; text-align: justify;\">T\u00fcm d\u00fcnyada kapitalist sermayenin \u201csat kurtul, ver kurtul\u201d anlayy?yna dayaly politikalary \u00e7er\u00e7evesinde T\u00fcrkiye\u2019de ve onun uzantysy \u00fclkemizde i?birlik\u00e7i h\u00fck\u00fcmetimiz tarafyndan dayatylan \u00f6zelle?tirme politikalaryny ?iddetle protesto eder, ?u anda zor ko?ullarda direnen TEKEL i?\u00e7ilerinin yanynda oldu?umuzu ve eylemlerine tam destek verdi?imizi vurgularyz.<\/p>\n<p class=\"MsoNormal\" style=\"margin: 0cm 0cm 0pt; line-height: 150%; text-align: justify;\">\n<p>KT\u00d6S, KTOE\u00d6S, DA\u00dc-BYRSEN, KTAMS, BES, BARAKA K\u00dcLT\u00dcR MERKEZY, PYR SULTAN ABDAL DERNE?Y, \u00c7A?-SEN, T\u00dcRK-SEN, EL-SEN, TEL-SEN, BANK-SEN, GIDA-SEN, U\u00c7-SEN, SA?LIK-SEN, LYMAN-SEN, AS-SEN, A\u00d6A EYLEM KOMYTESY, YKP, BKP<\/p>\n<p class=\"MsoNormal\" style=\"margin: 0cm 0cm 0pt; line-height: 150%; text-align: justify;\">\n<p>&nbsp;<\/p>\n<p><span style=\"font-size: 11pt; line-height: 150%; font-family: Verdana;\">\u00a0<\/span><\/p>\n","protected":false},"excerpt":{"rendered":"<p>K\u00fcreselle?me yalany ile tek kutuplu d\u00fcnyada, kapitalist sermaye \u00e7evrelerinin \u00e7ykarlaryna hizmet etmeyi siyaset sayan h\u00fck\u00fcmetlere en g\u00fczel \u00f6rnek AKP H\u00fck\u00fcmetidir. \u00a0\u00a0 D\u00fcnya Bankasy ve Uluslararasy<\/p>\n","protected":false},"author":1,"featured_media":0,"comment_status":"open","ping_status":"open","sticky":false,"template":"","format":"standard","meta":{"jetpack_post_was_ever_published":false,"_jetpack_newsletter_access":"","_jetpack_newsletter_tier_id":0,"jetpack_publicize_message":"","jetpack_is_tweetstorm":false,"jetpack_publicize_feature_enabled":true,"jetpack_social_post_already_shared":false,"jetpack_social_options":{"image_generator_settings":{"template":"highway","enabled":false}}},"categories":[41],"tags":[],"jetpack_publicize_connections":[],"jetpack_featured_media_url":"","jetpack_shortlink":"https:\/\/wp.me\/p4eHWX-tU","jetpack_sharing_enabled":true,"_links":{"self":[{"href":"https:\/\/baraka.cc\/index.php?rest_route=\/wp\/v2\/posts\/1854"}],"collection":[{"href":"https:\/\/baraka.cc\/index.php?rest_route=\/wp\/v2\/posts"}],"about":[{"href":"https:\/\/baraka.cc\/index.php?rest_route=\/wp\/v2\/types\/post"}],"author":[{"embeddable":true,"href":"https:\/\/baraka.cc\/index.php?rest_route=\/wp\/v2\/users\/1"}],"replies":[{"embeddable":true,"href":"https:\/\/baraka.cc\/index.php?rest_route=%2Fwp%2Fv2%2Fcomments&post=1854"}],"version-history":[{"count":0,"href":"https:\/\/baraka.cc\/index.php?rest_route=\/wp\/v2\/posts\/1854\/revisions"}],"wp:attachment":[{"href":"https:\/\/baraka.cc\/index.php?rest_route=%2Fwp%2Fv2%2Fmedia&parent=1854"}],"wp:term":[{"taxonomy":"category","embeddable":true,"href":"https:\/\/baraka.cc\/index.php?rest_route=%2Fwp%2Fv2%2Fcategories&post=1854"},{"taxonomy":"post_tag","embeddable":true,"href":"https:\/\/baraka.cc\/index.php?rest_route=%2Fwp%2Fv2%2Ftags&post=1854"}],"curies":[{"name":"wp","href":"https:\/\/api.w.org\/{rel}","templated":true}]}}