{"id":1856,"date":"2010-06-23T11:40:58","date_gmt":"2010-06-23T09:40:58","guid":{"rendered":"https:\/\/baraka.cc\/?p=1856"},"modified":"2014-01-08T11:41:14","modified_gmt":"2014-01-08T09:41:14","slug":"goc-yasasi-davalari-bu-yasaya-kari-verylen-onurlu-mucadelenyn-devamidir","status":"publish","type":"post","link":"https:\/\/baraka.cc\/?p=1856","title":{"rendered":"G\u00d6\u00c7 YASASI DAVALARI, BU YASAYA KAR?I VERYLEN ONURLU M\u00dcCADELENYN DEVAMIDIR"},"content":{"rendered":"<p class=\"MsoNormal\" style=\"margin: 0cm 0cm 0pt; text-indent: 14.2pt; line-height: 150%; text-align: center;\" align=\"center\">\n<p><strong><span style=\"font-size: 11pt; line-height: 150%; font-family: 'Verdana','sans-serif';\">\u00a0\u00a0\u00a0\u00a0\u00a0\u00a0\u00a0\u00a0\u00a0\u00a0\u00a0\u00a0\u00a0\u00a0\u00a0\u00a0\u00a0 <\/span><\/strong><strong><span style=\"font-size: 11pt; line-height: 150%; font-family: 'Verdana','sans-serif';\">\u00a0<\/span><\/strong><\/p>\n<p class=\"MsoNormal\" style=\"margin: 0cm 0cm 0pt; line-height: 150%; text-align: justify;\"><span style=\"font-size: 11pt; line-height: 150%; font-family: 'Verdana','sans-serif';\">Bilindi?i gibi G\u00f6\u00e7 Yasasy\u2019na kar?y y\u00fcr\u00fct\u00fclen fiili, me?ru ve militan m\u00fccadeleler syrasynda ya?anan olaylar egemenleri zor durumda byrakmy? ve \u00fclkemizin ilerici, demokrat ve devrimci \u00f6rg\u00fctlerine y\u00f6nelik bir saldyry kampanyasyna vesile olmu?tu. \u00d6zellikle 28 Ekim ve 23 Kasym 2009 tarihlerinde Meclis \u00f6n\u00fcne kurulan polis barikatlarynyn kitlesel bir inisiyatifle a?ylmasy sonucunda; her iki g\u00fcn ya?anan olaylardan dolayy i\u00e7inde Baraka Aktivistlerinin de bulundu?u eylemcilere davalar a\u00e7ylmy?, 23 Kasym\u2019da tutuklamalar ya?anarak eylemciler nezdinde halkymyzyn ileri unsurlaryna g\u00f6zda?y verilmeye \u00e7aly?ylmy?tyr. Her iki eylem i\u00e7in dava okunan 32 eylemcinin 5\u2019i Baraka aktivistidir.<\/span><\/p>\n<p><span style=\"font-size: 11pt; line-height: 150%; font-family: 'Verdana','sans-serif';\">\u00a0\u00a0\u00a0\u00a0\u00a0\u00a0\u00a0\u00a0\u00a0\u00a0\u00a0\u00a0\u00a0\u00a0\u00a0\u00a0\u00a0\u00a0\u00a0\u00a0\u00a0\u00a0\u00a0\u00a0\u00a0\u00a0\u00a0 <\/span><span style=\"font-size: 11pt; line-height: 150%; font-family: 'Verdana','sans-serif';\">\u00a0<\/span><\/p>\n<p class=\"MsoNormal\" style=\"margin: 0cm 0cm 0pt; line-height: 150%; text-align: justify;\"><span style=\"font-size: 11pt; line-height: 150%; font-family: 'Verdana','sans-serif';\"><span style=\"font-family: Verdana;\"><span style=\"font-size: medium;\"><span style=\"font-family: Verdana;\"><span style=\"font-size: medium;\"><span style=\"font-size: 10pt; line-height: 150%; font-family: 'Verdana','sans-serif';\"><a href=\"https:\/\/www.baraka.cc\/images\/stories\/gocyasasi.jpg\" target=\"_blank\"><img decoding=\"async\" loading=\"lazy\" alt=\" \" src=\"https:\/\/www.baraka.cc\/images\/stories\/gocyasasi.jpg\" width=\"200\" height=\"150\" align=\"left\" border=\"2\" \/><\/a><\/span><\/span><\/span><\/span><\/span>Baraka K\u00fclt\u00fcr Merkezi olarak, dava s\u00fcrecini G\u00f6\u00e7 Yasasy\u2019na kar?y m\u00fccadele s\u00fcrecine \u00e7evirme iddiasynda olan \u00f6rg\u00fctlerle ortak hareket etme konusunda elimizden gelen \u00e7abayy harcamamyza ra?men, gelinen noktada bazy fikir ayrylyklary ortaya \u00e7ykmy?tyr. Baraka\u2019nyn \u201cdava s\u00fcrecini m\u00fccadele s\u00fcrecine \u00e7evirmek\u201dten anlady?y ?ey; yapylan eylemlerin haklyly?y ve me?rulu?unun verdi?i g\u00fcven ile egemenler kar?ysynda hi\u00e7bir geri adym atmamak, uzla?ma arayy?laryna a\u00e7yk kapy byrakmamak ve hukuki s\u00fcre\u00e7te ya?anan t\u00fcm aksaklyklary halkymyzla payla?arak davalara y\u00f6nelik ilgiyi s\u00fcrekli g\u00fcndemde tutmaktyr. Burada ama\u00e7, bize ve halkymyza bir g\u00f6zda?y olarak y\u00fckseltilen mahkeme s\u00fcrecinden \u00e7ekinmedi?imizi, girdi?imiz yolda her bedeli \u00f6demeye hazyr oldu?umuzu net bir ?ekilde ortaya koyarak; bizlere bedel \u00f6detmenin egemenlere de bir bedeli oldu?undan hareketle asyl tercihin bizim tarafymyzdan de?il egemenler tarafyndan yapylaca?yny dosta d\u00fc?mana g\u00f6stermektir.<\/span><\/p>\n<p><span style=\"font-size: 11pt; line-height: 150%; font-family: 'Verdana','sans-serif';\">\u00a0\u00a0\u00a0\u00a0\u00a0\u00a0\u00a0\u00a0\u00a0\u00a0\u00a0\u00a0\u00a0\u00a0\u00a0\u00a0\u00a0\u00a0\u00a0\u00a0\u00a0\u00a0 <\/span><span style=\"font-size: 11pt; line-height: 150%; font-family: 'Verdana','sans-serif';\"><span>\u00a0<\/span><\/span><\/p>\n<p class=\"MsoNormal\" style=\"margin: 0cm 0cm 0pt; line-height: 150%; text-align: justify;\"><span style=\"font-size: 11pt; line-height: 150%; font-family: 'Verdana','sans-serif';\">Bu do?rultuda basyn a\u00e7yklamalary, eylemler ve bir de imza kampanyasy ile ba?layan s\u00fcre\u00e7, bazy aksaklyklara ra?men bu g\u00fcne kadar getirilebilmi?tir. Eylemlerin s\u00f6nmesi, imza kampanyasynyn unutulmaya y\u00fcz tutmasy gibi sykyntylardan \u00f6te, bug\u00fcn savcylykla gizli kapylar ardynda yapylan pazarlyklar ve uzla?macy bir geri adym atma e?ilimi ile kar?y kar?yyayyz.<\/span><\/p>\n<p><span style=\"font-size: 11pt; line-height: 150%; font-family: 'Verdana','sans-serif';\">\u00a0\u00a0\u00a0\u00a0\u00a0\u00a0\u00a0\u00a0\u00a0\u00a0\u00a0\u00a0\u00a0\u00a0\u00a0\u00a0\u00a0\u00a0\u00a0\u00a0\u00a0\u00a0\u00a0\u00a0\u00a0\u00a0\u00a0\u00a0\u00a0\u00a0\u00a0 <\/span><span style=\"font-size: 11pt; line-height: 150%; font-family: 'Verdana','sans-serif';\">\u00a0<\/span><\/p>\n<p class=\"MsoNormal\" style=\"margin: 0cm 0cm 0pt; line-height: 150%; text-align: justify;\"><span style=\"font-size: 11pt; line-height: 150%; font-family: 'Verdana','sans-serif';\">Aylardyr s\u00fcren dava s\u00fcrecinde; \u00f6v\u00fcnd\u00fc?\u00fc zaman mangalda k\u00fcl byrakmayan Polis Genel M\u00fcd\u00fcrl\u00fc?\u00fc hala t\u00fcm davalylary bulup dava tebli?lerini tamamlayabilmi? de?ildir. Bu \u00fclkenin en \u00e7ok tanynan, her eylemde \u00f6nde olan 32 ki?isini bulup, dava tebli?i yapamayan bir kurumun, su\u00e7 iddiasynda ne kadar hakly olabilece?inin takdirini halkymyza byrakyyoruz. Ancak eylemcileri yargylama iddiasyndaki savcylyk da, Polis Genel M\u00fcd\u00fcrl\u00fc?\u00fc\u2019n\u00fcn bu eksikli?ini bahane g\u00f6stererek aylardyr davalaryn ertelenmesini talep etmekte, bir t\u00fcrl\u00fc itham a?amasyna ge\u00e7memektedir. Ne ki savcylyk davalarda polisi temsil etmektedir yani savcylyk polisin kusurundan ba?y?yk de?ildir. Bu noktada Savcyly?yn s\u00fcrekli yinelenen erteleme taleplerine mahkeme huzurunda itiraz etmek, mahkemelerimizin adil, hyzly ve d\u00fczg\u00fcn i?lemesini isteyen her vatanda?yn sorumlulu?u olmasy yanynda ilerici, demokrat ve devrimci \u00f6rg\u00fctlerin tarty?masyz g\u00f6revidir. Savcyly?yn cisminde polisi mahkemeye ?ikayet etmek, g\u00f6revlerini yerine getirmemelerinden dolayy rahatsyzlyk beyan etmek, \u201cdava s\u00fcrecini m\u00fccadele s\u00fcrecine \u00e7evirmekten\u201d bahseden \u00f6rg\u00fctler i\u00e7in ku?kusuz ki en asli g\u00f6revdir. Ama aylardyr ertelenen davalarda ne \u00f6rg\u00fctlerin ne de \u00f6rg\u00fctlerin talimaty ile g\u00f6rev yapmasy gereken avukatlaryn HY\u00c7BYR YTYRAZI OLMAMI?TIR. Bu konuya dair sykyntylarymyzy defalarca dile getirmemize ra?men, \u00e7e?itli Kybrys usul\u00fc ge\u00e7i?tirmelerle konu en hafif ifade ile g\u00fcmb\u00fcrt\u00fcye getirilmi?tir. Ne yazyk ki en m\u00fccadeleci \u00f6rg\u00fctlerde bile konuyu avukatlara havale etme e?ilimi vardyr.<\/span><\/p>\n<p><span style=\"font-size: 11pt; line-height: 150%; font-family: 'Verdana','sans-serif';\">\u00a0\u00a0\u00a0\u00a0\u00a0\u00a0\u00a0\u00a0\u00a0\u00a0\u00a0\u00a0\u00a0\u00a0\u00a0\u00a0\u00a0\u00a0\u00a0\u00a0\u00a0\u00a0\u00a0\u00a0\u00a0\u00a0\u00a0\u00a0\u00a0\u00a0\u00a0 \u00a0<\/span><span style=\"font-size: 11pt; line-height: 150%; font-family: 'Verdana','sans-serif';\">\u00a0<\/span><\/p>\n<p class=\"MsoNormal\" style=\"margin: 0cm 0cm 0pt; line-height: 150%; text-align: justify;\"><span style=\"font-size: 11pt; line-height: 150%; font-family: 'Verdana','sans-serif';\">Davalaryn s\u00fcrekli erteleniyor olu?una itiraz edilmemesi, polisin ve savcyly?yn kusurunun kamuoyu ile payla?ylmamasy, avukatlaryn teknik bilgilerine tabi olunmasy, bizim avukatlary de?il avukatlaryn bizi idare etti?i bir noktaya gelinmesi ve asyl i\u00e7eri?i politik olan bu davalarda hi\u00e7bir politik tavyr alynmamasy gibi sykyntylar; savcylykla pazarlyk yapma e?ilimlerinin ortaya \u00e7ykmasyyla bizim a\u00e7ymyzdan s\u00fcreci kopma noktasyna getirmi?tir.<\/span><\/p>\n<p><span style=\"font-size: 11pt; line-height: 150%; font-family: 'Verdana','sans-serif';\">\u00a0\u00a0\u00a0\u00a0\u00a0\u00a0\u00a0\u00a0\u00a0\u00a0\u00a0\u00a0\u00a0\u00a0\u00a0\u00a0\u00a0\u00a0\u00a0\u00a0\u00a0\u00a0\u00a0\u00a0 \u00a0<\/span><span style=\"font-size: 11pt; line-height: 150%; font-family: 'Verdana','sans-serif';\">\u00a0<\/span><\/p>\n<p class=\"MsoNormal\" style=\"margin: 0cm 0cm 0pt; line-height: 150%; text-align: justify;\"><span style=\"font-size: 11pt; line-height: 150%; font-family: 'Verdana','sans-serif';\">Bug\u00fcn savcylyk, eylemcilere a\u00e7ylan her iki davayy da geri \u00e7ekme a?amasyna gelmi? ancak bunu hukuki yoldan de?il ki?isel ili?kiler aracyly?y ile \u00f6rg\u00fctlerimize iletmektedir. Savcylyk bu bilgiyi iletirken, davalaryn geri \u00e7ekilmesine tek bir davalynyn dahi itiraz etmesi halinde geri \u00e7ekme i?leminden vazge\u00e7ecekleri ve herkes i\u00e7in davayy ileri g\u00f6t\u00fcrerek mahkumiyet karary alacaklary tehdidini de savurmaktadyr. \u201cDava s\u00fcrecini m\u00fccadele s\u00fcrecine \u00e7evirme\u201d ve \u201crejimin ger\u00e7ek y\u00fcz\u00fcn\u00fc de?ifre etme\u201d nutuklary atan \u00f6rg\u00fctler ise bu tehdide pabu\u00e7 byrakarak geri \u00e7ekmeye itiraz etmeme konusunda ortakla?my?lardyr. Davalaryn a\u00e7ylmasy talimatyny veren TC Asker-sivil b\u00fcrokrasisi, davalaryn bu safhadan daha ileri g\u00f6t\u00fcr\u00fclmesine ilgisiz kalmy? dolayysyyla da savcylyk geri \u00e7ekme noktasyna gelebilmi?tir Bizim, davalaryn geri \u00e7ekilmesine itiraz edip etmememiz, b\u00fcy\u00fck olasylykla hukuki veya teknik olarak sonucu de?i?tirmeyecektir. Ancak bu tavry alabilmemiz ve \u201cHodri meydan!\u201d diyebilmemiz politik olarak \u00e7ok \u00f6nemlidir.<\/span><\/p>\n<p><span style=\"font-size: 11pt; line-height: 150%; font-family: 'Verdana','sans-serif';\">\u00a0\u00a0\u00a0\u00a0\u00a0\u00a0\u00a0\u00a0\u00a0\u00a0\u00a0\u00a0\u00a0\u00a0\u00a0\u00a0\u00a0\u00a0\u00a0\u00a0\u00a0\u00a0\u00a0\u00a0\u00a0 <\/span><span style=\"font-size: 11pt; line-height: 150%; font-family: 'Verdana','sans-serif';\">\u00a0<\/span><\/p>\n<p class=\"MsoNormal\" style=\"margin: 0cm 0cm 0pt; line-height: 150%; text-align: justify;\"><span style=\"font-size: 11pt; line-height: 150%; font-family: 'Verdana','sans-serif';\">Bu noktada b\u00f6ylesi politik i\u00e7eri?e sahip bir tavyrla ilgili olarak aramyzda eylem birlikteli?inden \u00f6te hi\u00e7bir kurumsal ili?ki bulunmayan \u00f6rg\u00fctlerin bizi \u201c\u00e7o?unluk kararyny uygulamaya\u201d davet etmesini veya herkesin sendikalaryn kararlaryna uymasy gerekti?ini s\u00f6ylemesini, \u00fcstelik \u201crejime kar?y m\u00fccadelede\u201d politik parti oldu?unu iddia edenlerin sendikalara kuyruk\u00e7uluk yapmasyny KKTC\u2019ye \u00f6zg\u00fc \u00e7arpyklyklar olarak de?erlendiriyoruz. B\u00f6yle bir muhalefet anlayy?ynyn \u201cKKTC demokrasisinden\u201d \u00f6te bir demokrasiyi de hak etmedi?i ger\u00e7ektir. Bedel \u00f6demeyi g\u00f6ze alamayanlaryn herhangi bir kazanym elde ettikleri tarihte vakya de?ildir.<\/span><\/p>\n<p><span style=\"font-size: 11pt; line-height: 150%; font-family: 'Verdana','sans-serif';\">\u00a0\u00a0\u00a0\u00a0\u00a0\u00a0\u00a0\u00a0\u00a0\u00a0\u00a0\u00a0\u00a0\u00a0\u00a0\u00a0\u00a0\u00a0\u00a0\u00a0\u00a0\u00a0\u00a0\u00a0\u00a0\u00a0\u00a0\u00a0\u00a0 \u00a0<\/span><span style=\"font-size: 11pt; line-height: 150%; font-family: 'Verdana','sans-serif';\">\u00a0<\/span><\/p>\n<p class=\"MsoNormal\" style=\"margin: 0cm 0cm 0pt; line-height: 150%; text-align: justify;\"><span style=\"font-size: 11pt; line-height: 150%; font-family: 'Verdana','sans-serif';\">Baraka aktivistleri, egemenler gel deyince gelip git deyince sorgusuz sualsiz gitmekten rahatsyzdyr, adil yargylanma ve beraat etme hakkyny istemektedir. Kaldy ki geri \u00e7ekme ve takipsizlik durumunda, savcylyk isterse davalary yeniden a\u00e7abilecek ve ayny s\u00fcre\u00e7 tekrar ya?anabilecektir. Dolayysyyla gerekli hukuki prosed\u00fcr\u00fc uygulayarak avukatlarymyzy <span>\u00a0<\/span>azletmeye, erteleme, geri \u00e7ekme, takipsizlik vb. savcylyktan gelecek her yakla?yma itiraz etmeye ve \u201cdava s\u00fcrecini m\u00fccadele s\u00fcrecine \u00e7evirmeye\u201d kararly oldu?umuzu kamuoyuna saygyyla duyururuz.<\/span><\/p>\n<p><span style=\"font-size: 11pt; line-height: 150%; font-family: 'Verdana','sans-serif';\">\u00a0\u00a0\u00a0\u00a0\u00a0\u00a0\u00a0\u00a0\u00a0\u00a0\u00a0\u00a0\u00a0\u00a0\u00a0\u00a0\u00a0\u00a0\u00a0\u00a0\u00a0\u00a0\u00a0\u00a0\u00a0\u00a0\u00a0\u00a0\u00a0\u00a0\u00a0\u00a0\u00a0\u00a0\u00a0\u00a0 \u00a0<span>\u00a0<\/span>\u00a0<\/span><span style=\"font-size: 11pt; line-height: 150%; font-family: 'Verdana','sans-serif';\">\u00a0<\/span><\/p>\n<p class=\"MsoNormal\" style=\"margin: 0cm 0cm 0pt; text-indent: 14.2pt; line-height: 150%; text-align: justify;\"><strong><span style=\"font-size: 11pt; line-height: 150%; font-family: 'Verdana','sans-serif';\">Baraka K\u00fclt\u00fcr Merkezi (a)<\/span><\/strong><\/p>\n<p><strong><span style=\"font-size: 11pt; line-height: 150%; font-family: 'Verdana','sans-serif';\">\u00a0\u00a0\u00a0\u00a0\u00a0\u00a0\u00a0\u00a0\u00a0\u00a0\u00a0\u00a0\u00a0\u00a0 <\/span><\/strong><\/p>\n<p class=\"MsoNormal\" style=\"margin: 0cm 0cm 0pt; text-indent: 14.2pt; line-height: 150%; text-align: justify;\"><strong><span style=\"font-size: 11pt; line-height: 150%; font-family: 'Verdana','sans-serif';\">M\u00fcn\u00fcr Rahvancyo?lu<\/span><\/strong><\/p>\n<p><strong><span style=\"font-size: 11pt; line-height: 150%; font-family: 'Verdana','sans-serif';\">\u00a0\u00a0\u00a0\u00a0\u00a0\u00a0\u00a0\u00a0\u00a0\u00a0\u00a0\u00a0\u00a0\u00a0\u00a0\u00a0\u00a0\u00a0\u00a0\u00a0\u00a0\u00a0\u00a0\u00a0 <\/span><\/strong><strong><span style=\"font-size: 11pt; line-height: 150%; font-family: 'Verdana','sans-serif';\">\u00a0<\/span><\/strong><strong><span style=\"font-size: 11pt; line-height: 150%; font-family: 'Verdana','sans-serif';\">\u00a0<\/span><\/strong><strong><span style=\"font-size: 11pt; line-height: 150%; font-family: 'Verdana','sans-serif';\">\u00a0<\/span><\/strong><\/p>\n","protected":false},"excerpt":{"rendered":"<p>\u00a0\u00a0\u00a0\u00a0\u00a0\u00a0\u00a0\u00a0\u00a0\u00a0\u00a0\u00a0\u00a0\u00a0\u00a0\u00a0\u00a0 \u00a0 Bilindi?i gibi G\u00f6\u00e7 Yasasy\u2019na kar?y y\u00fcr\u00fct\u00fclen fiili, me?ru ve militan m\u00fccadeleler syrasynda ya?anan olaylar egemenleri zor durumda byrakmy? ve \u00fclkemizin ilerici, demokrat ve<\/p>\n","protected":false},"author":1,"featured_media":0,"comment_status":"open","ping_status":"open","sticky":false,"template":"","format":"standard","meta":{"jetpack_post_was_ever_published":false,"_jetpack_newsletter_access":"","_jetpack_newsletter_tier_id":0,"jetpack_publicize_message":"","jetpack_is_tweetstorm":false,"jetpack_publicize_feature_enabled":true,"jetpack_social_post_already_shared":false,"jetpack_social_options":{"image_generator_settings":{"template":"highway","enabled":false}}},"categories":[41],"tags":[],"jetpack_publicize_connections":[],"jetpack_featured_media_url":"","jetpack_shortlink":"https:\/\/wp.me\/p4eHWX-tW","jetpack_sharing_enabled":true,"_links":{"self":[{"href":"https:\/\/baraka.cc\/index.php?rest_route=\/wp\/v2\/posts\/1856"}],"collection":[{"href":"https:\/\/baraka.cc\/index.php?rest_route=\/wp\/v2\/posts"}],"about":[{"href":"https:\/\/baraka.cc\/index.php?rest_route=\/wp\/v2\/types\/post"}],"author":[{"embeddable":true,"href":"https:\/\/baraka.cc\/index.php?rest_route=\/wp\/v2\/users\/1"}],"replies":[{"embeddable":true,"href":"https:\/\/baraka.cc\/index.php?rest_route=%2Fwp%2Fv2%2Fcomments&post=1856"}],"version-history":[{"count":0,"href":"https:\/\/baraka.cc\/index.php?rest_route=\/wp\/v2\/posts\/1856\/revisions"}],"wp:attachment":[{"href":"https:\/\/baraka.cc\/index.php?rest_route=%2Fwp%2Fv2%2Fmedia&parent=1856"}],"wp:term":[{"taxonomy":"category","embeddable":true,"href":"https:\/\/baraka.cc\/index.php?rest_route=%2Fwp%2Fv2%2Fcategories&post=1856"},{"taxonomy":"post_tag","embeddable":true,"href":"https:\/\/baraka.cc\/index.php?rest_route=%2Fwp%2Fv2%2Ftags&post=1856"}],"curies":[{"name":"wp","href":"https:\/\/api.w.org\/{rel}","templated":true}]}}