{"id":1857,"date":"2010-07-09T11:41:18","date_gmt":"2010-07-09T09:41:18","guid":{"rendered":"https:\/\/baraka.cc\/?p=1857"},"modified":"2014-01-08T11:42:07","modified_gmt":"2014-01-08T09:42:07","slug":"horoz-dovuune-kadin-tycaretyne-ceza-yok-sendykacilara-baski-cok","status":"publish","type":"post","link":"https:\/\/baraka.cc\/?p=1857","title":{"rendered":"HOROZ D\u00d6V\u00dc?\u00dcNE, KADIN TYCARETYNE CEZA YOK SENDYKACILARA BASKI \u00c7OK"},"content":{"rendered":"<p>&nbsp;<\/p>\n<p class=\"MsoNormal\" style=\"margin: 0cm 0cm 0pt; line-height: 200%; text-align: justify;\"><span style=\"font-size: 11pt; line-height: 200%; font-family: 'Verdana','sans-serif';\">Sanayi B\u00f6lgesi\u2019nde ya?anan ve mafya i\u00e7i hesapla?malary andyran kur?unlama olayynyn<span>\u00a0 <\/span>ardyndan \u00fclkemizde ya?anan acy bir ger\u00e7ek daha ortaya \u00e7ykty: Yasa dy?y horoz d\u00f6v\u00fc?leri.<\/span><\/p>\n<p><span style=\"font-size: 11pt; line-height: 200%; font-family: 'Verdana','sans-serif';\">\u00a0\u00a0\u00a0\u00a0\u00a0\u00a0\u00a0\u00a0\u00a0\u00a0\u00a0\u00a0\u00a0 <\/span><\/p>\n<p class=\"MsoNormal\" style=\"margin: 0cm 0cm 0pt; line-height: 200%; text-align: justify;\"><span style=\"font-size: 11pt; line-height: 200%; font-family: 'Verdana','sans-serif';\">Gece kul\u00fcb\u00fc camiasyndan oldu?u bilinen bazy ki?iler, kim bilir hangi karanlyk ve pis i?lerindeki \u00e7ykar \u00e7aty?malary i\u00e7in birbirlerine kur?un syktylar. Bu olayyn basyn tarafyndan ara?tyrylmasy \u00fczerine, olayla ilgili ki?ilerin horoz d\u00f6v\u00fc?leri i\u00e7in orada bulundu?u ve Sanayi B\u00f6lgesi\u2019nde d\u00fczenli olarak horoz d\u00f6v\u00fc?\u00fc yaptyryldy?y, bir ba?ka deyi?le sitematik olarak hayvanlaryn katledildi?i ortaya \u00e7ykmy? oldu. \u00dclkemizde horoz d\u00f6v\u00fc?\u00fcn\u00fcn yasak oldu?u, hayvanlara eziyet etmenin, hele ki bu eziyet \u00fczerinden kumar oynamanyn su\u00e7 oldu?u bilinen bir ger\u00e7ek. Hem Hayvanlara Zul\u00fcm Yasasy\u2019na g\u00f6re hem de Bahse Tutu?ma Evleri, Kumarhaneler ve Kumary \u00d6nleme Yasasy\u2019na g\u00f6re hapislik cezasy gerektiren bu su\u00e7un alenen i?lenmesine, polis ve h\u00fck\u00fcmet de g\u00f6z yummakta ve ortak olmaktadyr.<\/span><\/p>\n<p><span style=\"font-size: 11pt; line-height: 200%; font-family: 'Verdana','sans-serif';\">\u00a0\u00a0\u00a0\u00a0\u00a0\u00a0\u00a0\u00a0\u00a0\u00a0\u00a0\u00a0\u00a0\u00a0\u00a0\u00a0\u00a0\u00a0\u00a0\u00a0\u00a0\u00a0\u00a0\u00a0\u00a0\u00a0\u00a0\u00a0\u00a0\u00a0\u00a0\u00a0\u00a0\u00a0 \u00a0<\/span><\/p>\n<p class=\"MsoNormal\" style=\"margin: 0cm 0cm 0pt; line-height: 200%; text-align: justify;\"><span style=\"font-size: 11pt; line-height: 200%; font-family: 'Verdana','sans-serif';\">Sanayi B\u00f6lgesi\u2019nde ya?anan kur?unlama olayyna kary?an ki?ilerin gece k\u00fcl\u00fcpleri ile yakyn ili?kileri de sorgulanmasy gereken bir konudur. Gece kul\u00fcplerinde konsomatris ady altynda \u00e7aly?tyrylarak bedenleri satylan kadynlaryn \u00e7o?unun uluslararasy bir su\u00e7 olan insan ticareti ma?duru oldu?u a?ikardyr. Sa?yr Sultan bile gece kul\u00fcplerinde su\u00e7 i?lendi?ini, yasa dy?y olarak kadynlaryn satyldy?yny bilmekte iken polis ve H\u00fck\u00fcmetin bu konuda hi\u00e7bir giri?imde bulunmamasy, su\u00e7a yardym ve yataklyk yapmasy anlamyna gelir.<\/span><\/p>\n<p><span style=\"font-size: 11pt; line-height: 200%; font-family: 'Verdana','sans-serif';\">\u00a0\u00a0\u00a0\u00a0\u00a0\u00a0\u00a0\u00a0\u00a0\u00a0\u00a0\u00a0\u00a0\u00a0\u00a0\u00a0\u00a0\u00a0\u00a0\u00a0\u00a0\u00a0\u00a0\u00a0\u00a0\u00a0\u00a0\u00a0\u00a0\u00a0\u00a0\u00a0\u00a0\u00a0\u00a0\u00a0\u00a0\u00a0\u00a0\u00a0\u00a0\u00a0\u00a0\u00a0 \u00a0<\/span><\/p>\n<p class=\"MsoNormal\" style=\"margin: 0cm 0cm 0pt; line-height: 200%; text-align: justify;\"><span style=\"font-size: 11pt; line-height: 200%; font-family: 'Verdana','sans-serif';\">Hayvanlaryn katledilmesini, yasa dy?y kumar oynanmasyny, kadynlaryn pazarlanmasyny g\u00f6rmezden gelen polis ve H\u00fckmet yetkilileri, \u00fclkesinin gelece?i i\u00e7in G\u00f6\u00e7 Yasasy eylemlerine katylan sendikacylara ve \u00f6?rencilere davalar a\u00e7makta ve onlary mahkemelerde yargylamaktadyr. Hayvan katillerine, kadyn tacirlerine, ka\u00e7ak\u00e7ylara, kumarbazlara, kysacasy memleketimizi her y\u00f6nden yozla?maya s\u00fcrekleyenlere bu dokunulmazly?y Kybrysly T\u00fcrk Halky vermemi?tir ve halk adyna yetki kullanan, halkyn hizmetinde olmasy gereken H\u00fck\u00fcmetin ve polisin b\u00f6yle bir hakky yoktur.<\/span><\/p>\n<p><span style=\"font-size: 11pt; line-height: 200%; font-family: 'Verdana','sans-serif';\">\u00a0\u00a0\u00a0\u00a0\u00a0\u00a0\u00a0\u00a0\u00a0\u00a0\u00a0\u00a0\u00a0\u00a0\u00a0\u00a0\u00a0\u00a0\u00a0\u00a0\u00a0\u00a0\u00a0\u00a0\u00a0\u00a0\u00a0 \u00a0<\/span><\/p>\n<p class=\"MsoNormal\" style=\"margin: 0cm 0cm 0pt; line-height: 200%; text-align: justify;\"><span style=\"font-size: 11pt; line-height: 200%; font-family: 'Verdana','sans-serif';\">Yetkilileri derhal g\u00f6revlerini yapmaya; yasa dy?y hayvan katliamyny, kumary ve kadyn ticatetini \u00f6nlemeye, \u00fclkesini seven, insan ve hayvan haklaryna duyarly \u00f6rg\u00fctleri de bu konunun takip\u00e7isi olmaya \u00e7a?yryryz.<\/span><\/p>\n<p><span style=\"font-size: 11pt; line-height: 200%; font-family: 'Verdana','sans-serif';\">\u00a0\u00a0\u00a0\u00a0\u00a0\u00a0\u00a0\u00a0\u00a0\u00a0\u00a0\u00a0\u00a0\u00a0\u00a0\u00a0\u00a0\u00a0\u00a0\u00a0\u00a0\u00a0\u00a0\u00a0\u00a0\u00a0\u00a0\u00a0\u00a0\u00a0 \u00a0<\/span><span style=\"font-size: 11pt; line-height: 200%; font-family: 'Verdana','sans-serif';\">\u00a0<\/span><\/p>\n<p class=\"MsoNormal\" style=\"margin: 0cm 0cm 0pt; line-height: 200%; text-align: justify;\"><span style=\"font-size: 11pt; line-height: 200%; font-family: 'Verdana','sans-serif';\">Baraka K\u00fclt\u00fcr Merkezi adyna<\/span><\/p>\n<p><span style=\"font-size: 11pt; line-height: 200%; font-family: 'Verdana','sans-serif';\">\u00a0\u00a0\u00a0\u00a0\u00a0\u00a0\u00a0\u00a0\u00a0\u00a0\u00a0\u00a0\u00a0\u00a0\u00a0\u00a0\u00a0\u00a0 <\/span><span style=\"font-size: 11pt; line-height: 200%; font-family: 'Verdana','sans-serif';\">Nazen ?ansal<\/span><\/p>\n","protected":false},"excerpt":{"rendered":"<p>&nbsp; Sanayi B\u00f6lgesi\u2019nde ya?anan ve mafya i\u00e7i hesapla?malary andyran kur?unlama olayynyn\u00a0 ardyndan \u00fclkemizde ya?anan acy bir ger\u00e7ek daha ortaya \u00e7ykty: Yasa dy?y horoz d\u00f6v\u00fc?leri. \u00a0\u00a0\u00a0\u00a0\u00a0\u00a0\u00a0\u00a0\u00a0\u00a0\u00a0\u00a0\u00a0<\/p>\n","protected":false},"author":1,"featured_media":0,"comment_status":"open","ping_status":"open","sticky":false,"template":"","format":"standard","meta":{"jetpack_post_was_ever_published":false,"_jetpack_newsletter_access":"","_jetpack_newsletter_tier_id":0,"jetpack_publicize_message":"","jetpack_is_tweetstorm":false,"jetpack_publicize_feature_enabled":true,"jetpack_social_post_already_shared":false,"jetpack_social_options":{"image_generator_settings":{"template":"highway","enabled":false}}},"categories":[41],"tags":[],"jetpack_publicize_connections":[],"jetpack_featured_media_url":"","jetpack_shortlink":"https:\/\/wp.me\/p4eHWX-tX","jetpack_sharing_enabled":true,"_links":{"self":[{"href":"https:\/\/baraka.cc\/index.php?rest_route=\/wp\/v2\/posts\/1857"}],"collection":[{"href":"https:\/\/baraka.cc\/index.php?rest_route=\/wp\/v2\/posts"}],"about":[{"href":"https:\/\/baraka.cc\/index.php?rest_route=\/wp\/v2\/types\/post"}],"author":[{"embeddable":true,"href":"https:\/\/baraka.cc\/index.php?rest_route=\/wp\/v2\/users\/1"}],"replies":[{"embeddable":true,"href":"https:\/\/baraka.cc\/index.php?rest_route=%2Fwp%2Fv2%2Fcomments&post=1857"}],"version-history":[{"count":0,"href":"https:\/\/baraka.cc\/index.php?rest_route=\/wp\/v2\/posts\/1857\/revisions"}],"wp:attachment":[{"href":"https:\/\/baraka.cc\/index.php?rest_route=%2Fwp%2Fv2%2Fmedia&parent=1857"}],"wp:term":[{"taxonomy":"category","embeddable":true,"href":"https:\/\/baraka.cc\/index.php?rest_route=%2Fwp%2Fv2%2Fcategories&post=1857"},{"taxonomy":"post_tag","embeddable":true,"href":"https:\/\/baraka.cc\/index.php?rest_route=%2Fwp%2Fv2%2Ftags&post=1857"}],"curies":[{"name":"wp","href":"https:\/\/api.w.org\/{rel}","templated":true}]}}