{"id":1876,"date":"2012-11-21T11:51:46","date_gmt":"2012-11-21T09:51:46","guid":{"rendered":"https:\/\/baraka.cc\/?p=1876"},"modified":"2014-01-08T11:52:15","modified_gmt":"2014-01-08T09:52:15","slug":"fasizme-karsi-dau-ve-odtu-ogrencilerinin-yanindayiz","status":"publish","type":"post","link":"https:\/\/baraka.cc\/?p=1876","title":{"rendered":"FA\u015e\u0130ZME KAR\u015eI DA\u00dc VE ODT\u00dc \u00d6\u011eRENC\u0130LER\u0130N\u0130N YANINDAYIZ"},"content":{"rendered":"<p><!--[if gte mso 9]><xml>  <w:WordDocument>   <w:View>Normal<\/w:View>   <w:Zoom>0<\/w:Zoom>   <w:HyphenationZone>21<\/w:HyphenationZone>   <w:PunctuationKerning\/>   <w:ValidateAgainstSchemas\/>   <w:SaveIfXMLInvalid>false<\/w:SaveIfXMLInvalid>   <w:IgnoreMixedContent>false<\/w:IgnoreMixedContent>   <w:AlwaysShowPlaceholderText>false<\/w:AlwaysShowPlaceholderText>   <w:Compatibility>    <w:BreakWrappedTables\/>    <w:SnapToGridInCell\/>    <w:WrapTextWithPunct\/>    <w:UseAsianBreakRules\/>    <w:DontGrowAutofit\/>   <\/w:Compatibility>   <w:BrowserLevel>MicrosoftInternetExplorer4<\/w:BrowserLevel>  <\/w:WordDocument> <\/xml><![endif]--><\/p>\n<p class=\"MsoNormal\" style=\"text-align: justify; line-height: 200%;\">\n<p class=\"MsoNormal\" style=\"text-align: justify; line-height: 200%;\"><span style=\"font-size: 11pt; line-height: 200%; font-family: Verdana;\">Ge\u00e7ti\u011fimiz hafta i\u00e7erisinde T\u00fcrkiye\u2019de ya\u015fanm\u0131\u015f olan a\u00e7l\u0131k grevlerine dikkat \u00e7ekmek amac\u0131yla iki eylem ger\u00e7ekle\u015ftirilmi\u015ftir. Do\u011fu Akdeniz \u00dcniversitesi\u2019nde okuyan \u00f6\u011frenciler Yeni K\u0131br\u0131s Partisi\u2019nin Ma\u011fusa binas\u0131nda a\u00e7l\u0131k grevlerine destek i\u00e7in 2 g\u00fcnl\u00fck bir a\u00e7l\u0131k grevi ger\u00e7ekle\u015ftirmek istemi\u015flerdir. Ancak polis, eylem haberini ald\u0131\u011f\u0131 andan itibaren \u00f6\u011frencilerin a\u00e7l\u0131k grevi eylemini engellemek i\u00e7in \u00f6\u011frencileri s\u00fcrekli olarak taciz etmi\u015f ve eylemi sonland\u0131rmazlar ise a\u00e7l\u0131k grevine m\u00fcdahale ederek\u00a0 greve kat\u0131lanlar\u0131 s\u0131n\u0131rd\u0131\u015f\u0131 edece\u011fi s\u00f6ylemi \u00fczerinden \u00f6\u011frencileri tehdit etmi\u015ftir.Gerek\u00e7e olarak da vatanda\u015f olmayan ki\u015filerin eylem yapma hakk\u0131n\u0131n olmad\u0131\u011f\u0131n\u0131 s\u00f6ylemi\u015ftir. Bunun \u00fczerine a\u00e7l\u0131k grevini sonlad\u0131ran \u00f6\u011frenciler bu fa\u015fizan zihniyeti okuduklar\u0131 bas\u0131n a\u00e7\u0131klamas\u0131 ve sloganlarla protesto etmi\u015ftir. <\/span><\/p>\n<p class=\"MsoNormal\" style=\"text-align: justify; line-height: 200%;\"><span style=\"font-size: 11pt; line-height: 200%; font-family: Verdana;\">\u00a0<\/span><\/p>\n<p class=\"MsoNormal\" style=\"text-align: justify; line-height: 200%;\"><span style=\"font-size: 11pt; line-height: 200%; font-family: Verdana;\">Ancak polisin bask\u0131lara eylem sonras\u0131nda da s\u00fcrmektedir. Da\u00fc\u2019de okuyan K\u00fcrt \u00f6\u011frenciler polis taraf\u0131ndan s\u00fcrekli olarak takip edilmekte ve gerek telefonla gerekse y\u00fczy\u00fcze taciz ve tehdit maruz kalmaktad\u0131r.<\/span><\/p>\n<p class=\"MsoNormal\" style=\"text-align: justify; line-height: 200%;\"><span style=\"font-size: 11pt; line-height: 200%; font-family: Verdana;\">\u00a0<\/span><\/p>\n<p class=\"MsoNormal\" style=\"text-align: justify; line-height: 200%;\"><span style=\"font-size: 11pt; line-height: 200%; font-family: Verdana;\">\u0130kinci eylem ise Omorfo b\u00f6lgesindeki ODT\u00dc K\u0131br\u0131s Kamp\u00fcs\u00fc\u2019nde ger\u00e7ekle\u015ftirilmi\u015ftir. ODT\u00dc K\u0131br\u0131s Kamp\u00fcs\u00fc\u2019ndeki ilerici \u00f6\u011frenciler T\u00fcrkiye\u2019de ya\u015fanmakta olan s\u00fcrece sessiz kalmayarak bir g\u00fcnl\u00fck sembolik bir a\u00e7l\u0131k grevi ger\u00e7ekle\u015ftirmi\u015ftir. Ya\u015fam hakk\u0131 ad\u0131na insanl\u0131k slogan ile ger\u00e7ekle\u015ftirilen bu eyleme aralar\u0131nda ODT\u00dc d\u0131\u015f\u0131ndan ki\u015filerinde bulundu\u011fu fa\u015fist bir grup taraf\u0131ndan sald\u0131r\u0131da bulunulmu\u015ftur. \u0130lerici ODT\u00dc\u2019l\u00fc \u00f6\u011frencilerin \u201c\u00d6l\u00fcm De\u011fil \u00c7\u00f6z\u00fcm \u0130stiyoruz\u201d sloganlar\u0131na \u201c\u00d6l\u00fcm \u0130stiyoruz\u201d diye sloganlar atarak kar\u015f\u0131l\u0131k veren fa\u015fistler, devrimci \u00f6\u011frencilere yanan pet \u015fi\u015feler ile sald\u0131rm\u0131\u015flard\u0131r.<\/span><\/p>\n<p class=\"MsoNormal\" style=\"text-align: justify; line-height: 200%;\"><span style=\"font-size: 11pt; line-height: 200%; font-family: Verdana;\">\u00a0\u00a0\u00a0\u00a0\u00a0\u00a0\u00a0\u00a0\u00a0\u00a0\u00a0\u00a0\u00a0\u00a0\u00a0\u00a0\u00a0\u00a0\u00a0\u00a0\u00a0\u00a0\u00a0\u00a0\u00a0\u00a0\u00a0\u00a0\u00a0\u00a0\u00a0\u00a0\u00a0\u00a0\u00a0\u00a0\u00a0\u00a0\u00a0\u00a0\u00a0\u00a0\u00a0\u00a0\u00a0\u00a0\u00a0 <\/span><\/p>\n<p class=\"MsoNormal\" style=\"text-align: justify; line-height: 200%;\"><span style=\"font-size: 11pt; line-height: 200%; font-family: Verdana;\">Baraka K\u00fclt\u00fcr Merkezi olarak artmakta olan resmi ve\u00a0 sivil fa\u015fist sald\u0131r\u0131lara kar\u015f\u0131 DA\u00dc ve ODT\u00dc\u2019l\u00fc ilerici \u00f6\u011frencilerin yan\u0131nda oldu\u011fumuzu bildiririz. Bu fa\u015fist sald\u0131r\u0131lar, ezilenlerin hakl\u0131 m\u00fccadelesini engelleyemeyecektir.<\/span><\/p>\n<p class=\"MsoNormal\" style=\"text-align: justify; line-height: 200%;\"><span style=\"font-size: 11pt; line-height: 200%; font-family: Verdana;\">\u00a0<\/span><\/p>\n<p class=\"MsoNormal\" style=\"text-align: justify; line-height: 200%;\"><span style=\"font-size: 11pt; line-height: 200%; font-family: Verdana;\">Kahrolsun Fa\u015fizm!<\/span><\/p>\n<p class=\"MsoNormal\" style=\"text-align: justify; line-height: 200%;\"><span style=\"font-size: 11pt; line-height: 200%; font-family: Verdana;\">\u00a0<\/span><\/p>\n<p class=\"MsoNormal\" style=\"text-align: justify; line-height: 200%;\"><span style=\"font-size: 11pt; line-height: 200%; font-family: Verdana;\">Ya\u015fas\u0131n Halklar\u0131n Karde\u015fli\u011fi!<\/span><\/p>\n<p class=\"MsoNormal\" style=\"text-align: justify; line-height: 200%;\"><span style=\"font-size: 11pt; line-height: 200%; font-family: Verdana;\">\u00a0<\/span><\/p>\n<p class=\"MsoNormal\" style=\"text-align: justify; line-height: 200%;\"><span style=\"font-size: 11pt; line-height: 200%; font-family: Verdana;\">Ya\u015fas\u0131n Devrimci Dayan\u0131\u015fma!<\/span><\/p>\n<p class=\"MsoNormal\" style=\"text-align: justify; line-height: 200%;\"><span style=\"font-size: 11pt; line-height: 200%; font-family: Verdana;\">\u00a0<\/span><\/p>\n<p><!--[if gte mso 9]><xml>  <w:LatentStyles DefLockedState=\"false\" LatentStyleCount=\"156\">  <\/w:LatentStyles> <\/xml><![endif]--><!--[if gte mso 10]>\n\n\n<style>  \/* Style Definitions *\/  table.MsoNormalTable \t{mso-style-name:\"Table Normal\"; \tmso-tstyle-rowband-size:0; \tmso-tstyle-colband-size:0; \tmso-style-noshow:yes; \tmso-style-parent:\"\"; \tmso-padding-alt:0cm 5.4pt 0cm 5.4pt; \tmso-para-margin:0cm; \tmso-para-margin-bottom:.0001pt; \tmso-pagination:widow-orphan; \tfont-size:10.0pt; \tfont-family:\"Times New Roman\"; \tmso-ansi-language:#0400; \tmso-fareast-language:#0400; \tmso-bidi-language:#0400;} <\/style>\n\n <![endif]--><\/p>\n","protected":false},"excerpt":{"rendered":"<p>Ge\u00e7ti\u011fimiz hafta i\u00e7erisinde T\u00fcrkiye\u2019de ya\u015fanm\u0131\u015f olan a\u00e7l\u0131k grevlerine dikkat \u00e7ekmek amac\u0131yla iki eylem ger\u00e7ekle\u015ftirilmi\u015ftir. Do\u011fu Akdeniz \u00dcniversitesi\u2019nde okuyan \u00f6\u011frenciler Yeni K\u0131br\u0131s Partisi\u2019nin Ma\u011fusa binas\u0131nda a\u00e7l\u0131k<\/p>\n","protected":false},"author":1,"featured_media":0,"comment_status":"open","ping_status":"open","sticky":false,"template":"","format":"standard","meta":{"jetpack_post_was_ever_published":false,"_jetpack_newsletter_access":"","_jetpack_newsletter_tier_id":0,"jetpack_publicize_message":"","jetpack_is_tweetstorm":false,"jetpack_publicize_feature_enabled":true,"jetpack_social_post_already_shared":false,"jetpack_social_options":{"image_generator_settings":{"template":"highway","enabled":false}}},"categories":[41],"tags":[],"jetpack_publicize_connections":[],"jetpack_featured_media_url":"","jetpack_shortlink":"https:\/\/wp.me\/p4eHWX-ug","jetpack_sharing_enabled":true,"_links":{"self":[{"href":"https:\/\/baraka.cc\/index.php?rest_route=\/wp\/v2\/posts\/1876"}],"collection":[{"href":"https:\/\/baraka.cc\/index.php?rest_route=\/wp\/v2\/posts"}],"about":[{"href":"https:\/\/baraka.cc\/index.php?rest_route=\/wp\/v2\/types\/post"}],"author":[{"embeddable":true,"href":"https:\/\/baraka.cc\/index.php?rest_route=\/wp\/v2\/users\/1"}],"replies":[{"embeddable":true,"href":"https:\/\/baraka.cc\/index.php?rest_route=%2Fwp%2Fv2%2Fcomments&post=1876"}],"version-history":[{"count":1,"href":"https:\/\/baraka.cc\/index.php?rest_route=\/wp\/v2\/posts\/1876\/revisions"}],"predecessor-version":[{"id":1877,"href":"https:\/\/baraka.cc\/index.php?rest_route=\/wp\/v2\/posts\/1876\/revisions\/1877"}],"wp:attachment":[{"href":"https:\/\/baraka.cc\/index.php?rest_route=%2Fwp%2Fv2%2Fmedia&parent=1876"}],"wp:term":[{"taxonomy":"category","embeddable":true,"href":"https:\/\/baraka.cc\/index.php?rest_route=%2Fwp%2Fv2%2Fcategories&post=1876"},{"taxonomy":"post_tag","embeddable":true,"href":"https:\/\/baraka.cc\/index.php?rest_route=%2Fwp%2Fv2%2Ftags&post=1876"}],"curies":[{"name":"wp","href":"https:\/\/api.w.org\/{rel}","templated":true}]}}