{"id":1880,"date":"2012-05-22T11:53:47","date_gmt":"2012-05-22T09:53:47","guid":{"rendered":"https:\/\/baraka.cc\/?p=1880"},"modified":"2014-01-08T11:54:46","modified_gmt":"2014-01-08T09:54:46","slug":"ozelestirimizdir","status":"publish","type":"post","link":"https:\/\/baraka.cc\/?p=1880","title":{"rendered":"\u00d6ZELE\u015eT\u0130R\u0130M\u0130ZD\u0130R"},"content":{"rendered":"<p><!--[if gte mso 9]><xml>  <w:WordDocument>   <w:View>Normal<\/w:View>   <w:Zoom>0<\/w:Zoom>   <w:TrackMoves\/>   <w:TrackFormatting\/>   <w:HyphenationZone>21<\/w:HyphenationZone>   <w:PunctuationKerning\/>   <w:ValidateAgainstSchemas\/>   <w:SaveIfXMLInvalid>false<\/w:SaveIfXMLInvalid>   <w:IgnoreMixedContent>false<\/w:IgnoreMixedContent>   <w:AlwaysShowPlaceholderText>false<\/w:AlwaysShowPlaceholderText>   <w:DoNotPromoteQF\/>   <w:LidThemeOther>TR<\/w:LidThemeOther>   <w:LidThemeAsian>X-NONE<\/w:LidThemeAsian>   <w:LidThemeComplexScript>X-NONE<\/w:LidThemeComplexScript>   <w:Compatibility>    <w:BreakWrappedTables\/>    <w:SnapToGridInCell\/>    <w:WrapTextWithPunct\/>    <w:UseAsianBreakRules\/>    <w:DontGrowAutofit\/>    <w:SplitPgBreakAndParaMark\/>    <w:DontVertAlignCellWithSp\/>    <w:DontBreakConstrainedForcedTables\/>    <w:DontVertAlignInTxbx\/>    <w:Word11KerningPairs\/>    <w:CachedColBalance\/>   <\/w:Compatibility>   <w:BrowserLevel>MicrosoftInternetExplorer4<\/w:BrowserLevel>   <m:mathPr>    <m:mathFont m:val=\"Cambria Math\"\/>    <m:brkBin m:val=\"before\"\/>    <m:brkBinSub m:val=\"&#45;-\"\/>    <m:smallFrac m:val=\"off\"\/>    <m:dispDef\/>    <m:lMargin m:val=\"0\"\/>    <m:rMargin m:val=\"0\"\/>    <m:defJc m:val=\"centerGroup\"\/>    <m:wrapIndent m:val=\"1440\"\/>    <m:intLim m:val=\"subSup\"\/>    <m:naryLim m:val=\"undOvr\"\/>   <\/m:mathPr><\/w:WordDocument> <\/xml><![endif]--><!--[if gte mso 9]><xml>  <w:LatentStyles DefLockedState=\"false\" DefUnhideWhenUsed=\"true\"   DefSemiHidden=\"true\" DefQFormat=\"false\" DefPriority=\"99\"   LatentStyleCount=\"267\">   <w:LsdException Locked=\"false\" Priority=\"0\" SemiHidden=\"false\"    UnhideWhenUsed=\"false\" QFormat=\"true\" Name=\"Normal\"\/>   <w:LsdException Locked=\"false\" Priority=\"9\" SemiHidden=\"false\"    UnhideWhenUsed=\"false\" QFormat=\"true\" Name=\"heading 1\"\/>   <w:LsdException Locked=\"false\" Priority=\"9\" QFormat=\"true\" Name=\"heading 2\"\/>   <w:LsdException Locked=\"false\" Priority=\"9\" QFormat=\"true\" Name=\"heading 3\"\/>   <w:LsdException Locked=\"false\" Priority=\"9\" QFormat=\"true\" Name=\"heading 4\"\/>   <w:LsdException Locked=\"false\" Priority=\"9\" QFormat=\"true\" Name=\"heading 5\"\/>   <w:LsdException Locked=\"false\" Priority=\"9\" QFormat=\"true\" Name=\"heading 6\"\/>   <w:LsdException Locked=\"false\" Priority=\"9\" QFormat=\"true\" Name=\"heading 7\"\/>   <w:LsdException Locked=\"false\" Priority=\"9\" QFormat=\"true\" Name=\"heading 8\"\/>   <w:LsdException Locked=\"false\" Priority=\"9\" QFormat=\"true\" Name=\"heading 9\"\/>   <w:LsdException Locked=\"false\" Priority=\"39\" Name=\"toc 1\"\/>   <w:LsdException Locked=\"false\" Priority=\"39\" Name=\"toc 2\"\/>   <w:LsdException Locked=\"false\" Priority=\"39\" Name=\"toc 3\"\/>   <w:LsdException Locked=\"false\" Priority=\"39\" Name=\"toc 4\"\/>   <w:LsdException Locked=\"false\" Priority=\"39\" Name=\"toc 5\"\/>   <w:LsdException Locked=\"false\" Priority=\"39\" Name=\"toc 6\"\/>   <w:LsdException Locked=\"false\" Priority=\"39\" Name=\"toc 7\"\/>   <w:LsdException Locked=\"false\" Priority=\"39\" Name=\"toc 8\"\/>   <w:LsdException Locked=\"false\" Priority=\"39\" Name=\"toc 9\"\/>   <w:LsdException Locked=\"false\" Priority=\"35\" QFormat=\"true\" Name=\"caption\"\/>   <w:LsdException Locked=\"false\" Priority=\"10\" SemiHidden=\"false\"    UnhideWhenUsed=\"false\" QFormat=\"true\" Name=\"Title\"\/>   <w:LsdException Locked=\"false\" Priority=\"1\" Name=\"Default Paragraph Font\"\/>   <w:LsdException Locked=\"false\" Priority=\"11\" SemiHidden=\"false\"    UnhideWhenUsed=\"false\" QFormat=\"true\" Name=\"Subtitle\"\/>   <w:LsdException Locked=\"false\" Priority=\"22\" SemiHidden=\"false\"    UnhideWhenUsed=\"false\" QFormat=\"true\" Name=\"Strong\"\/>   <w:LsdException Locked=\"false\" Priority=\"20\" SemiHidden=\"false\"    UnhideWhenUsed=\"false\" QFormat=\"true\" Name=\"Emphasis\"\/>   <w:LsdException Locked=\"false\" Priority=\"59\" SemiHidden=\"false\"    UnhideWhenUsed=\"false\" Name=\"Table Grid\"\/>   <w:LsdException Locked=\"false\" UnhideWhenUsed=\"false\" Name=\"Placeholder Text\"\/>   <w:LsdException Locked=\"false\" Priority=\"1\" SemiHidden=\"false\"    UnhideWhenUsed=\"false\" QFormat=\"true\" Name=\"No Spacing\"\/>   <w:LsdException Locked=\"false\" Priority=\"60\" SemiHidden=\"false\"    UnhideWhenUsed=\"false\" Name=\"Light Shading\"\/>   <w:LsdException Locked=\"false\" Priority=\"61\" SemiHidden=\"false\"    UnhideWhenUsed=\"false\" Name=\"Light List\"\/>   <w:LsdException Locked=\"false\" Priority=\"62\" SemiHidden=\"false\"    UnhideWhenUsed=\"false\" Name=\"Light Grid\"\/>   <w:LsdException Locked=\"false\" Priority=\"63\" SemiHidden=\"false\"    UnhideWhenUsed=\"false\" Name=\"Medium Shading 1\"\/>   <w:LsdException Locked=\"false\" Priority=\"64\" SemiHidden=\"false\"    UnhideWhenUsed=\"false\" Name=\"Medium Shading 2\"\/>   <w:LsdException Locked=\"false\" Priority=\"65\" SemiHidden=\"false\"    UnhideWhenUsed=\"false\" Name=\"Medium List 1\"\/>   <w:LsdException Locked=\"false\" Priority=\"66\" SemiHidden=\"false\"    UnhideWhenUsed=\"false\" Name=\"Medium List 2\"\/>   <w:LsdException Locked=\"false\" Priority=\"67\" SemiHidden=\"false\"    UnhideWhenUsed=\"false\" Name=\"Medium Grid 1\"\/>   <w:LsdException Locked=\"false\" Priority=\"68\" SemiHidden=\"false\"    UnhideWhenUsed=\"false\" Name=\"Medium Grid 2\"\/>   <w:LsdException Locked=\"false\" Priority=\"69\" SemiHidden=\"false\"    UnhideWhenUsed=\"false\" Name=\"Medium Grid 3\"\/>   <w:LsdException Locked=\"false\" Priority=\"70\" SemiHidden=\"false\"    UnhideWhenUsed=\"false\" Name=\"Dark List\"\/>   <w:LsdException Locked=\"false\" Priority=\"71\" SemiHidden=\"false\"    UnhideWhenUsed=\"false\" Name=\"Colorful Shading\"\/>   <w:LsdException Locked=\"false\" Priority=\"72\" SemiHidden=\"false\"    UnhideWhenUsed=\"false\" Name=\"Colorful List\"\/>   <w:LsdException Locked=\"false\" Priority=\"73\" SemiHidden=\"false\"    UnhideWhenUsed=\"false\" Name=\"Colorful Grid\"\/>   <w:LsdException Locked=\"false\" Priority=\"60\" SemiHidden=\"false\"    UnhideWhenUsed=\"false\" Name=\"Light Shading Accent 1\"\/>   <w:LsdException Locked=\"false\" Priority=\"61\" SemiHidden=\"false\"    UnhideWhenUsed=\"false\" Name=\"Light List Accent 1\"\/>   <w:LsdException Locked=\"false\" Priority=\"62\" SemiHidden=\"false\"    UnhideWhenUsed=\"false\" Name=\"Light Grid Accent 1\"\/>   <w:LsdException Locked=\"false\" Priority=\"63\" SemiHidden=\"false\"    UnhideWhenUsed=\"false\" Name=\"Medium Shading 1 Accent 1\"\/>   <w:LsdException Locked=\"false\" Priority=\"64\" SemiHidden=\"false\"    UnhideWhenUsed=\"false\" Name=\"Medium Shading 2 Accent 1\"\/>   <w:LsdException Locked=\"false\" Priority=\"65\" SemiHidden=\"false\"    UnhideWhenUsed=\"false\" Name=\"Medium List 1 Accent 1\"\/>   <w:LsdException Locked=\"false\" UnhideWhenUsed=\"false\" Name=\"Revision\"\/>   <w:LsdException Locked=\"false\" Priority=\"34\" SemiHidden=\"false\"    UnhideWhenUsed=\"false\" QFormat=\"true\" Name=\"List Paragraph\"\/>   <w:LsdException Locked=\"false\" Priority=\"29\" SemiHidden=\"false\"    UnhideWhenUsed=\"false\" QFormat=\"true\" Name=\"Quote\"\/>   <w:LsdException Locked=\"false\" Priority=\"30\" SemiHidden=\"false\"    UnhideWhenUsed=\"false\" QFormat=\"true\" Name=\"Intense Quote\"\/>   <w:LsdException Locked=\"false\" Priority=\"66\" SemiHidden=\"false\"    UnhideWhenUsed=\"false\" Name=\"Medium List 2 Accent 1\"\/>   <w:LsdException Locked=\"false\" Priority=\"67\" SemiHidden=\"false\"    UnhideWhenUsed=\"false\" Name=\"Medium Grid 1 Accent 1\"\/>   <w:LsdException Locked=\"false\" Priority=\"68\" SemiHidden=\"false\"    UnhideWhenUsed=\"false\" Name=\"Medium Grid 2 Accent 1\"\/>   <w:LsdException Locked=\"false\" Priority=\"69\" SemiHidden=\"false\"    UnhideWhenUsed=\"false\" Name=\"Medium Grid 3 Accent 1\"\/>   <w:LsdException Locked=\"false\" Priority=\"70\" SemiHidden=\"false\"    UnhideWhenUsed=\"false\" Name=\"Dark List Accent 1\"\/>   <w:LsdException Locked=\"false\" Priority=\"71\" SemiHidden=\"false\"    UnhideWhenUsed=\"false\" Name=\"Colorful Shading Accent 1\"\/>   <w:LsdException Locked=\"false\" Priority=\"72\" SemiHidden=\"false\"    UnhideWhenUsed=\"false\" Name=\"Colorful List Accent 1\"\/>   <w:LsdException Locked=\"false\" Priority=\"73\" SemiHidden=\"false\"    UnhideWhenUsed=\"false\" Name=\"Colorful Grid Accent 1\"\/>   <w:LsdException Locked=\"false\" Priority=\"60\" SemiHidden=\"false\"    UnhideWhenUsed=\"false\" Name=\"Light Shading Accent 2\"\/>   <w:LsdException Locked=\"false\" Priority=\"61\" SemiHidden=\"false\"    UnhideWhenUsed=\"false\" Name=\"Light List Accent 2\"\/>   <w:LsdException Locked=\"false\" Priority=\"62\" SemiHidden=\"false\"    UnhideWhenUsed=\"false\" Name=\"Light Grid Accent 2\"\/>   <w:LsdException Locked=\"false\" Priority=\"63\" SemiHidden=\"false\"    UnhideWhenUsed=\"false\" Name=\"Medium Shading 1 Accent 2\"\/>   <w:LsdException Locked=\"false\" Priority=\"64\" SemiHidden=\"false\"    UnhideWhenUsed=\"false\" Name=\"Medium Shading 2 Accent 2\"\/>   <w:LsdException Locked=\"false\" Priority=\"65\" SemiHidden=\"false\"    UnhideWhenUsed=\"false\" Name=\"Medium List 1 Accent 2\"\/>   <w:LsdException Locked=\"false\" Priority=\"66\" SemiHidden=\"false\"    UnhideWhenUsed=\"false\" Name=\"Medium List 2 Accent 2\"\/>   <w:LsdException Locked=\"false\" Priority=\"67\" SemiHidden=\"false\"    UnhideWhenUsed=\"false\" Name=\"Medium Grid 1 Accent 2\"\/>   <w:LsdException Locked=\"false\" Priority=\"68\" SemiHidden=\"false\"    UnhideWhenUsed=\"false\" Name=\"Medium Grid 2 Accent 2\"\/>   <w:LsdException Locked=\"false\" Priority=\"69\" SemiHidden=\"false\"    UnhideWhenUsed=\"false\" Name=\"Medium Grid 3 Accent 2\"\/>   <w:LsdException Locked=\"false\" Priority=\"70\" SemiHidden=\"false\"    UnhideWhenUsed=\"false\" Name=\"Dark List Accent 2\"\/>   <w:LsdException Locked=\"false\" Priority=\"71\" SemiHidden=\"false\"    UnhideWhenUsed=\"false\" Name=\"Colorful Shading Accent 2\"\/>   <w:LsdException Locked=\"false\" Priority=\"72\" SemiHidden=\"false\"    UnhideWhenUsed=\"false\" Name=\"Colorful List Accent 2\"\/>   <w:LsdException Locked=\"false\" Priority=\"73\" SemiHidden=\"false\"    UnhideWhenUsed=\"false\" Name=\"Colorful Grid Accent 2\"\/>   <w:LsdException Locked=\"false\" Priority=\"60\" SemiHidden=\"false\"    UnhideWhenUsed=\"false\" Name=\"Light Shading Accent 3\"\/>   <w:LsdException Locked=\"false\" Priority=\"61\" SemiHidden=\"false\"    UnhideWhenUsed=\"false\" Name=\"Light List Accent 3\"\/>   <w:LsdException Locked=\"false\" Priority=\"62\" SemiHidden=\"false\"    UnhideWhenUsed=\"false\" Name=\"Light Grid Accent 3\"\/>   <w:LsdException Locked=\"false\" Priority=\"63\" SemiHidden=\"false\"    UnhideWhenUsed=\"false\" Name=\"Medium Shading 1 Accent 3\"\/>   <w:LsdException Locked=\"false\" Priority=\"64\" SemiHidden=\"false\"    UnhideWhenUsed=\"false\" Name=\"Medium Shading 2 Accent 3\"\/>   <w:LsdException Locked=\"false\" Priority=\"65\" SemiHidden=\"false\"    UnhideWhenUsed=\"false\" Name=\"Medium List 1 Accent 3\"\/>   <w:LsdException Locked=\"false\" Priority=\"66\" SemiHidden=\"false\"    UnhideWhenUsed=\"false\" Name=\"Medium List 2 Accent 3\"\/>   <w:LsdException Locked=\"false\" Priority=\"67\" SemiHidden=\"false\"    UnhideWhenUsed=\"false\" Name=\"Medium Grid 1 Accent 3\"\/>   <w:LsdException Locked=\"false\" Priority=\"68\" SemiHidden=\"false\"    UnhideWhenUsed=\"false\" Name=\"Medium Grid 2 Accent 3\"\/>   <w:LsdException Locked=\"false\" Priority=\"69\" SemiHidden=\"false\"    UnhideWhenUsed=\"false\" Name=\"Medium Grid 3 Accent 3\"\/>   <w:LsdException Locked=\"false\" Priority=\"70\" SemiHidden=\"false\"    UnhideWhenUsed=\"false\" Name=\"Dark List Accent 3\"\/>   <w:LsdException Locked=\"false\" Priority=\"71\" SemiHidden=\"false\"    UnhideWhenUsed=\"false\" Name=\"Colorful Shading Accent 3\"\/>   <w:LsdException Locked=\"false\" Priority=\"72\" SemiHidden=\"false\"    UnhideWhenUsed=\"false\" Name=\"Colorful List Accent 3\"\/>   <w:LsdException Locked=\"false\" Priority=\"73\" SemiHidden=\"false\"    UnhideWhenUsed=\"false\" Name=\"Colorful Grid Accent 3\"\/>   <w:LsdException Locked=\"false\" Priority=\"60\" SemiHidden=\"false\"    UnhideWhenUsed=\"false\" Name=\"Light Shading Accent 4\"\/>   <w:LsdException Locked=\"false\" Priority=\"61\" SemiHidden=\"false\"    UnhideWhenUsed=\"false\" Name=\"Light List Accent 4\"\/>   <w:LsdException Locked=\"false\" Priority=\"62\" SemiHidden=\"false\"    UnhideWhenUsed=\"false\" Name=\"Light Grid Accent 4\"\/>   <w:LsdException Locked=\"false\" Priority=\"63\" SemiHidden=\"false\"    UnhideWhenUsed=\"false\" Name=\"Medium Shading 1 Accent 4\"\/>   <w:LsdException Locked=\"false\" Priority=\"64\" SemiHidden=\"false\"    UnhideWhenUsed=\"false\" Name=\"Medium Shading 2 Accent 4\"\/>   <w:LsdException Locked=\"false\" Priority=\"65\" SemiHidden=\"false\"    UnhideWhenUsed=\"false\" Name=\"Medium List 1 Accent 4\"\/>   <w:LsdException Locked=\"false\" Priority=\"66\" SemiHidden=\"false\"    UnhideWhenUsed=\"false\" Name=\"Medium List 2 Accent 4\"\/>   <w:LsdException Locked=\"false\" Priority=\"67\" SemiHidden=\"false\"    UnhideWhenUsed=\"false\" Name=\"Medium Grid 1 Accent 4\"\/>   <w:LsdException Locked=\"false\" Priority=\"68\" SemiHidden=\"false\"    UnhideWhenUsed=\"false\" Name=\"Medium Grid 2 Accent 4\"\/>   <w:LsdException Locked=\"false\" Priority=\"69\" SemiHidden=\"false\"    UnhideWhenUsed=\"false\" Name=\"Medium Grid 3 Accent 4\"\/>   <w:LsdException Locked=\"false\" Priority=\"70\" SemiHidden=\"false\"    UnhideWhenUsed=\"false\" Name=\"Dark List Accent 4\"\/>   <w:LsdException Locked=\"false\" Priority=\"71\" SemiHidden=\"false\"    UnhideWhenUsed=\"false\" Name=\"Colorful Shading Accent 4\"\/>   <w:LsdException Locked=\"false\" Priority=\"72\" SemiHidden=\"false\"    UnhideWhenUsed=\"false\" Name=\"Colorful List Accent 4\"\/>   <w:LsdException Locked=\"false\" Priority=\"73\" SemiHidden=\"false\"    UnhideWhenUsed=\"false\" Name=\"Colorful Grid Accent 4\"\/>   <w:LsdException Locked=\"false\" Priority=\"60\" SemiHidden=\"false\"    UnhideWhenUsed=\"false\" Name=\"Light Shading Accent 5\"\/>   <w:LsdException Locked=\"false\" Priority=\"61\" SemiHidden=\"false\"    UnhideWhenUsed=\"false\" Name=\"Light List Accent 5\"\/>   <w:LsdException Locked=\"false\" Priority=\"62\" SemiHidden=\"false\"    UnhideWhenUsed=\"false\" Name=\"Light Grid Accent 5\"\/>   <w:LsdException Locked=\"false\" Priority=\"63\" SemiHidden=\"false\"    UnhideWhenUsed=\"false\" Name=\"Medium Shading 1 Accent 5\"\/>   <w:LsdException Locked=\"false\" Priority=\"64\" SemiHidden=\"false\"    UnhideWhenUsed=\"false\" Name=\"Medium Shading 2 Accent 5\"\/>   <w:LsdException Locked=\"false\" Priority=\"65\" SemiHidden=\"false\"    UnhideWhenUsed=\"false\" Name=\"Medium List 1 Accent 5\"\/>   <w:LsdException Locked=\"false\" Priority=\"66\" SemiHidden=\"false\"    UnhideWhenUsed=\"false\" Name=\"Medium List 2 Accent 5\"\/>   <w:LsdException Locked=\"false\" Priority=\"67\" SemiHidden=\"false\"    UnhideWhenUsed=\"false\" Name=\"Medium Grid 1 Accent 5\"\/>   <w:LsdException Locked=\"false\" Priority=\"68\" SemiHidden=\"false\"    UnhideWhenUsed=\"false\" Name=\"Medium Grid 2 Accent 5\"\/>   <w:LsdException Locked=\"false\" Priority=\"69\" SemiHidden=\"false\"    UnhideWhenUsed=\"false\" Name=\"Medium Grid 3 Accent 5\"\/>   <w:LsdException Locked=\"false\" Priority=\"70\" SemiHidden=\"false\"    UnhideWhenUsed=\"false\" Name=\"Dark List Accent 5\"\/>   <w:LsdException Locked=\"false\" Priority=\"71\" SemiHidden=\"false\"    UnhideWhenUsed=\"false\" Name=\"Colorful Shading Accent 5\"\/>   <w:LsdException Locked=\"false\" Priority=\"72\" SemiHidden=\"false\"    UnhideWhenUsed=\"false\" Name=\"Colorful List Accent 5\"\/>   <w:LsdException Locked=\"false\" Priority=\"73\" SemiHidden=\"false\"    UnhideWhenUsed=\"false\" Name=\"Colorful Grid Accent 5\"\/>   <w:LsdException Locked=\"false\" Priority=\"60\" SemiHidden=\"false\"    UnhideWhenUsed=\"false\" Name=\"Light Shading Accent 6\"\/>   <w:LsdException Locked=\"false\" Priority=\"61\" SemiHidden=\"false\"    UnhideWhenUsed=\"false\" Name=\"Light List Accent 6\"\/>   <w:LsdException Locked=\"false\" Priority=\"62\" SemiHidden=\"false\"    UnhideWhenUsed=\"false\" Name=\"Light Grid Accent 6\"\/>   <w:LsdException Locked=\"false\" Priority=\"63\" SemiHidden=\"false\"    UnhideWhenUsed=\"false\" Name=\"Medium Shading 1 Accent 6\"\/>   <w:LsdException Locked=\"false\" Priority=\"64\" SemiHidden=\"false\"    UnhideWhenUsed=\"false\" Name=\"Medium Shading 2 Accent 6\"\/>   <w:LsdException Locked=\"false\" Priority=\"65\" SemiHidden=\"false\"    UnhideWhenUsed=\"false\" Name=\"Medium List 1 Accent 6\"\/>   <w:LsdException Locked=\"false\" Priority=\"66\" SemiHidden=\"false\"    UnhideWhenUsed=\"false\" Name=\"Medium List 2 Accent 6\"\/>   <w:LsdException Locked=\"false\" Priority=\"67\" SemiHidden=\"false\"    UnhideWhenUsed=\"false\" Name=\"Medium Grid 1 Accent 6\"\/>   <w:LsdException Locked=\"false\" Priority=\"68\" SemiHidden=\"false\"    UnhideWhenUsed=\"false\" Name=\"Medium Grid 2 Accent 6\"\/>   <w:LsdException Locked=\"false\" Priority=\"69\" SemiHidden=\"false\"    UnhideWhenUsed=\"false\" Name=\"Medium Grid 3 Accent 6\"\/>   <w:LsdException Locked=\"false\" Priority=\"70\" SemiHidden=\"false\"    UnhideWhenUsed=\"false\" Name=\"Dark List Accent 6\"\/>   <w:LsdException Locked=\"false\" Priority=\"71\" SemiHidden=\"false\"    UnhideWhenUsed=\"false\" Name=\"Colorful Shading Accent 6\"\/>   <w:LsdException Locked=\"false\" Priority=\"72\" SemiHidden=\"false\"    UnhideWhenUsed=\"false\" Name=\"Colorful List Accent 6\"\/>   <w:LsdException Locked=\"false\" Priority=\"73\" SemiHidden=\"false\"    UnhideWhenUsed=\"false\" Name=\"Colorful Grid Accent 6\"\/>   <w:LsdException Locked=\"false\" Priority=\"19\" SemiHidden=\"false\"    UnhideWhenUsed=\"false\" QFormat=\"true\" Name=\"Subtle Emphasis\"\/>   <w:LsdException Locked=\"false\" Priority=\"21\" SemiHidden=\"false\"    UnhideWhenUsed=\"false\" QFormat=\"true\" Name=\"Intense Emphasis\"\/>   <w:LsdException Locked=\"false\" Priority=\"31\" SemiHidden=\"false\"    UnhideWhenUsed=\"false\" QFormat=\"true\" Name=\"Subtle Reference\"\/>   <w:LsdException Locked=\"false\" Priority=\"32\" SemiHidden=\"false\"    UnhideWhenUsed=\"false\" QFormat=\"true\" Name=\"Intense Reference\"\/>   <w:LsdException Locked=\"false\" Priority=\"33\" SemiHidden=\"false\"    UnhideWhenUsed=\"false\" QFormat=\"true\" Name=\"Book Title\"\/>   <w:LsdException Locked=\"false\" Priority=\"37\" Name=\"Bibliography\"\/>   <w:LsdException Locked=\"false\" Priority=\"39\" QFormat=\"true\" Name=\"TOC Heading\"\/>  <\/w:LatentStyles> <\/xml><![endif]--><!--[if gte mso 10]>\n\n\n<style>  \/* Style Definitions *\/  table.MsoNormalTable \t{mso-style-name:\"Table Normal\"; \tmso-tstyle-rowband-size:0; \tmso-tstyle-colband-size:0; \tmso-style-noshow:yes; \tmso-style-priority:99; \tmso-style-qformat:yes; \tmso-style-parent:\"\"; \tmso-padding-alt:0cm 5.4pt 0cm 5.4pt; \tmso-para-margin:0cm; \tmso-para-margin-bottom:.0001pt; \tmso-pagination:widow-orphan; \tfont-size:11.0pt; \tfont-family:\"Calibri\",\"sans-serif\"; \tmso-ascii-font-family:Calibri; \tmso-ascii-theme-font:minor-latin; \tmso-fareast-font-family:\"Times New Roman\"; \tmso-fareast-theme-font:minor-fareast; \tmso-hansi-font-family:Calibri; \tmso-hansi-theme-font:minor-latin; \tmso-bidi-font-family:\"Times New Roman\"; \tmso-bidi-theme-font:minor-bidi;} <\/style>\n\n <![endif]--><\/p>\n<p class=\"yiv667110249ecxmsonospacing\" style=\"margin: 0cm 0cm 0.0001pt; text-align: center; line-height: 200%;\" align=\"center\"><strong><span style=\"font-size: 11pt; line-height: 200%; font-family: 'Verdana','sans-serif';\">Baraka dostlar\u0131na ve halk\u0131m\u0131za;<\/span><\/strong><\/p>\n<p class=\"yiv667110249ecxmsonospacing\" style=\"margin: 0cm 0cm 0.0001pt; text-align: center; line-height: 200%;\" align=\"center\"><strong><span style=\"font-size: 11pt; line-height: 200%; font-family: 'Verdana','sans-serif';\">\u00d6ZELE\u015eT\u0130R\u0130M\u0130ZD\u0130R<\/span><\/strong><\/p>\n<p class=\"yiv667110249ecxmsonospacing\" style=\"margin: 0cm 0cm 0.0001pt; line-height: 200%;\"><span style=\"font-size: 11pt; line-height: 200%; font-family: 'Verdana','sans-serif';\">\u00a0<\/span><\/p>\n<p class=\"yiv667110249ecxmsonospacing\" style=\"margin: 0cm 0cm 0.0001pt; text-align: justify; text-indent: 14.2pt; line-height: 200%;\"><span style=\"font-size: 11pt; line-height: 200%; font-family: 'Verdana','sans-serif';\">Baraka K\u00fclt\u00fcr Merkezi olarak, 14 A\u011fustos 2010 ve 14 A\u011fustos 2011 tarihlerinde <strong>Anti-Militarist Bar\u0131\u015f Harekat\u0131<\/strong> ad\u0131 alt\u0131nda d\u00fczenlenen eylemlerin organizayonunda yer ald\u0131k. <\/span><\/p>\n<p class=\"yiv667110249ecxmsonospacing\" style=\"margin: 0cm 0cm 0.0001pt; text-align: justify; text-indent: 14.2pt; line-height: 200%;\"><span style=\"font-size: 11pt; line-height: 200%; font-family: 'Verdana','sans-serif';\">Anti-Militarist Bar\u0131\u015f Harekat\u0131 (bilindi\u011fi gibi) 14 A\u011fustos 1974 tarihinde adam\u0131za d\u00fczenlenen 2. Harekat\u2019\u0131n y\u0131ld\u00f6n\u00fcm\u00fc vesilesiyle ger\u00e7ekle\u015ftirilen ve \u015eafak N\u00f6beti ad\u0131 alt\u0131nda \u015f\u00f6venizmin y\u00fckseltildi\u011fi etkinliklere alternatif olarak adam\u0131z K\u0131br\u0131s\u2019ta bar\u0131\u015f, yeniden birle\u015fme, askersizle\u015fme talep eden bir ortak organizasyondur.<\/span><\/p>\n<p class=\"yiv667110249ecxmsonospacing\" style=\"margin: 0cm 0cm 0.0001pt; text-align: justify; text-indent: 14.2pt; line-height: 200%;\"><span style=\"font-size: 11pt; line-height: 200%; font-family: 'Verdana','sans-serif';\">Baraka olarak organizasyonunda g\u00f6rev ald\u0131\u011f\u0131m\u0131z ve ba\u015fka \u00f6rg\u00fctlerle birlikte iki y\u0131ld\u0131r d\u00fczenledi\u011fimiz Anti-militarist Bar\u0131\u015f Harekat\u0131 eylemlili\u011fi, adam\u0131z\u0131n tamam\u0131nda s\u00fcregiden emperyalist i\u015fgalin (biz K\u0131br\u0131sl\u0131 T\u00fcrkleri do\u011frudan ilgilendiren) kuzeydeki TC aya\u011f\u0131na direkt bir direni\u015fi simgelemesi bak\u0131m\u0131ndan \u00f6nemli ve de\u011ferlidir. Bu eylemlilikler d\u00fczenlendi\u011fi iki y\u0131lda halk\u0131m\u0131zdan artan oranda bir ilgi g\u00f6rm\u00fc\u015f, sahiplenilmi\u015ftir. Di\u011fer yandan bar\u0131\u015f isteyen \u00f6rg\u00fctlerin b\u00f6ylesi birlikteliklerde bir araya gelmesi, \u00f6zellikle de bunu 14 A\u011fustos gibi simgesel \u00f6nemde tarihlerde yapmas\u0131 \u00e7ok anlaml\u0131d\u0131r. <\/span><\/p>\n<p class=\"yiv667110249ecxmsonospacing\" style=\"margin: 0cm 0cm 0.0001pt; text-align: justify; text-indent: 14.2pt; line-height: 200%;\"><span style=\"font-size: 11pt; line-height: 200%; font-family: 'Verdana','sans-serif';\">Di\u011fer yandan ba\u011f\u0131ms\u0131z ve halklar\u0131 karde\u015f bir ada yaratma m\u00fccadelemizin sadece m\u00fccadelenin niyetleri (ama\u00e7lar\u0131) ile de\u011fil y\u00f6ntemleri ile de do\u011fru bir temelden kurgulanmas\u0131 gerekti\u011fi bizim i\u00e7in \u015fartt\u0131r. Sadece do\u011fru olan \u015feyi, do\u011fru niyetlerle yapmak de\u011fil bunun i\u00e7in do\u011fru ara\u00e7lar\u0131 ve do\u011fru y\u00f6ntemleri de kullanmak gerekir. Aksi taktirde kullan\u0131lan ara\u00e7lar zamanla amac\u0131n yerini alacak k\u0131sacas\u0131 varaca\u011f\u0131m\u0131z noktay\u0131 niyetlerimiz de\u011fil kulland\u0131\u011f\u0131m\u0131z y\u00f6ntemlerin i\u00e7sel karakteri belirleyecektir. <\/span><\/p>\n<p class=\"yiv667110249ecxmsonospacing\" style=\"margin: 0cm 0cm 0.0001pt; text-align: justify; text-indent: 14.2pt; line-height: 200%;\"><span style=\"font-size: 11pt; line-height: 200%; font-family: 'Verdana','sans-serif';\">Baraka Aktivistleri olarak, ge\u00e7ti\u011fimiz iki y\u0131lda ger\u00e7ekle\u015ftirdi\u011fimiz Anti-militarist Bar\u0131\u015f Harekat\u0131 eylemliliklerini yukar\u0131da aktard\u0131\u011f\u0131m\u0131z bak\u0131\u015f a\u00e7\u0131s\u0131yla de\u011ferlendirdi\u011fimiz zaman tespit etti\u011fimiz bir hatay\u0131 siz de\u011ferli Baraka dostalar\u0131 ve halk\u0131m\u0131z ile payla\u015fmak gere\u011fi duyuyoruz:<\/span><\/p>\n<p class=\"yiv667110249ecxmsonospacing\" style=\"margin: 0cm 0cm 0.0001pt; text-align: justify; text-indent: 14.2pt; line-height: 200%;\"><span style=\"font-size: 11pt; line-height: 200%; font-family: 'Verdana','sans-serif';\">\u00a0<\/span><\/p>\n<p class=\"yiv667110249ecxmsonospacing\" style=\"margin: 0cm 0cm 0.0001pt; text-align: justify; text-indent: 14.2pt; line-height: 200%;\"><strong><span style=\"font-size: 11pt; line-height: 200%; font-family: 'Verdana','sans-serif';\">HATAMIZ NED\u0130R?<\/span><\/strong><\/p>\n<p class=\"yiv667110249ecxmsonospacing\" style=\"margin: 0cm 0cm 0.0001pt; text-align: justify; text-indent: 14.2pt; line-height: 200%;\"><em><span style=\"font-size: 11pt; line-height: 200%; font-family: 'Verdana','sans-serif';\">S\u00f6z\u00fcn\u00fc etti\u011fimiz hata, <span style=\"text-decoration: underline;\">14 A\u011fustos 2010 ve 14 A\u011fustos 2011 tarihlerinde ger\u00e7ekle\u015ftirdi\u011fimiz Anti-militarist Bar\u0131\u015f Harekat\u0131 eylemliliklerinde sahne alan gruplardan birine \u00fccret \u00f6denmesidir. <\/span>\u00a0<\/span><\/em><\/p>\n<p class=\"yiv667110249ecxmsonospacing\" style=\"margin: 0cm 0cm 0.0001pt; text-align: justify; text-indent: 14.2pt; line-height: 200%;\"><span style=\"font-size: 11pt; line-height: 200%; font-family: 'Verdana','sans-serif';\">\u00a0<\/span><\/p>\n<p class=\"yiv667110249ecxmsonospacing\" style=\"margin: 0cm 0cm 0.0001pt; text-align: justify; text-indent: 14.2pt; line-height: 200%;\"><strong><span style=\"font-size: 11pt; line-height: 200%; font-family: 'Verdana','sans-serif';\">BU OLAYI NEDEN B\u0130R HATA OLARAK TANIMLIYORUZ?<\/span><\/strong><\/p>\n<p class=\"yiv667110249ecxmsonospacing\" style=\"margin: 0cm 0cm 0.0001pt; text-align: justify; text-indent: 14.2pt; line-height: 200%;\"><span style=\"font-size: 11pt; line-height: 200%; font-family: 'Verdana','sans-serif';\">14 A\u011fustos 2010 ve 14 A\u011fustos 2011 tarihlerinde ger\u00e7ekle\u015ftirdi\u011fimiz Anti-militarist Bar\u0131\u015f Harekat\u0131 eylemliliklerinde sahne alan gruplardan birisine \u00fccret \u00f6demi\u015f olmam\u0131z bir hatad\u0131r \u00e7\u00fcnk\u00fc;<\/span><\/p>\n<p class=\"yiv667110249ecxmsonospacing\" style=\"margin: 0cm 0cm 0.0001pt; text-align: justify; text-indent: 14.2pt; line-height: 200%;\"><span style=\"font-size: 11pt; line-height: 200%; font-family: 'Verdana','sans-serif';\">\u00a0<\/span><\/p>\n<p class=\"yiv667110249ecxmsonospacing\" style=\"margin: 0cm 0cm 0.0001pt; text-align: justify; text-indent: 14.2pt; line-height: 200%;\"><strong><span style=\"text-decoration: underline;\"><span style=\"font-size: 11pt; line-height: 200%; font-family: 'Verdana','sans-serif';\">a-<\/span><\/span><\/strong><span style=\"text-decoration: underline;\"><span style=\"font-size: 11pt; line-height: 200%; font-family: 'Verdana','sans-serif';\"> Eylem niteli\u011fi a\u011f\u0131r basan bir organizasyonda, para kar\u015f\u0131l\u0131\u011f\u0131 eylem yap\u0131lmas\u0131 yanl\u0131\u015ft\u0131r.<\/span><\/span><\/p>\n<p class=\"yiv667110249ecxmsonospacing\" style=\"margin: 0cm 0cm 0.0001pt; text-align: justify; text-indent: 14.2pt; line-height: 200%;\"><span style=\"font-size: 11pt; line-height: 200%; font-family: 'Verdana','sans-serif';\">Eylem sadece yolda y\u00fcr\u00fcy\u00fcp slogan at\u0131larak yap\u0131lan bir faaliyet de\u011fildir. Bazen bir i\u015fyeri i\u015fgali, bazen bir kamu kurumunun \u00f6n\u00fcne oturmak bazen bir konser bazense bir bak\u0131\u015ft\u0131r eylem&#8230; Ve insanlar\u0131n s\u00f6zlerini s\u00f6ylemelerinin, taleplerini, protestolar\u0131n\u0131, tav\u0131rlar\u0131n\u0131 yaymalar\u0131n\u0131n say\u0131s\u0131z bi\u00e7imi vard\u0131r. \u0130nsanlar kendilerini en iyi hangi ara\u00e7larla ifade edebiliyorlarsa o arac\u0131 kullan\u0131rlar. Kimisi slogan atarak, kimisi \u015fiir okuyarak, kimisi resim yaparak, kimisi yaz\u0131 yazarak, kimisi tiyatro ile, kimisi sinema arac\u0131l\u0131\u011f\u0131yla, kimisi \u015fark\u0131 s\u00f6yleyerek kendini ifade etmeyi tercih edebilir.\u00a0 Bu bi\u00e7imlerin hi\u00e7birisi bir di\u011ferinden daha \u00fcst\u00fcn, k\u0131ymetli vs. de\u011fildir. Bir eylemde yer al\u0131p da ortak tavr\u0131n\u0131 ifade eden insanlar aras\u0131nda, kendilerini ifade edi\u015f bi\u00e7imleri bak\u0131m\u0131ndan ayr\u0131m yapmak yanl\u0131\u015ft\u0131r. <\/span><\/p>\n<p class=\"yiv667110249ecxmsonospacing\" style=\"margin: 0cm 0cm 0.0001pt; text-align: justify; text-indent: 14.2pt; line-height: 200%;\"><span style=\"font-size: 11pt; line-height: 200%; font-family: 'Verdana','sans-serif';\">Di\u011fer yandan bir eylemde payla\u015f\u0131lan ortak fikri benimsemeyen insanlara s\u0131rf pop\u00fclariteleri nedeniyle para kar\u015f\u0131l\u0131\u011f\u0131 eylem yapt\u0131rmak ne kadar yanl\u0131\u015fsa, bir eyleme kat\u0131l\u0131p kendi s\u00f6zlerini s\u00f6ylemeleri, zaten sahiplendikleri bir fikri kendi y\u00f6ntemlerince ifade etmeleri i\u00e7in para \u00f6demek de o kadar yanl\u0131\u015ft\u0131r. K\u0131sacas\u0131 s\u00f6z konusu olan bir eylemse, bunun para kar\u015f\u0131l\u0131\u011f\u0131 yap\u0131lamayaca\u011f\u0131 bizim i\u00e7in a\u00e7\u0131kt\u0131r.<\/span><\/p>\n<p class=\"yiv667110249ecxmsonospacing\" style=\"margin: 0cm 0cm 0.0001pt; text-align: justify; text-indent: 14.2pt; line-height: 200%;\"><span style=\"font-size: 11pt; line-height: 200%; font-family: 'Verdana','sans-serif';\">Ancak biz Baraka olarak bunlar\u0131 bildi\u011fimiz halde Anti-militarist Bar\u0131\u015f Harekat\u0131 konserinde sahne alan ve bizimle ayn\u0131 fikri, s\u00f6z\u00fc payla\u015fan bir gruba para \u00f6deyerek, kendi s\u00f6z\u00fcm\u00fcz\u00fcn de\u011ferini azaltt\u0131k. Eylemi para kar\u015f\u0131l\u0131\u011f\u0131 yap\u0131lan bir fiile d\u00f6n\u00fc\u015ft\u00fcrerek eylemimizin k\u0131ymetini zedeledik. Ve bunun bir al\u0131\u015fkanl\u0131k, normallik kazanmas\u0131 olas\u0131l\u0131\u011f\u0131n\u0131 hesaba katmayarak, bizden sonra gelecek ku\u015faklar\u0131n eylem k\u00fclt\u00fcr\u00fcn\u00fc riske att\u0131k.<\/span><\/p>\n<p class=\"yiv667110249ecxmsonospacing\" style=\"margin: 0cm 0cm 0.0001pt; text-align: justify; text-indent: 14.2pt; line-height: 200%;\"><span style=\"font-size: 11pt; line-height: 200%; font-family: 'Verdana','sans-serif';\">\u00a0<\/span><\/p>\n<p class=\"yiv667110249ecxmsonospacing\" style=\"margin: 0cm 0cm 0.0001pt; text-align: justify; text-indent: 14.2pt; line-height: 200%;\"><strong><span style=\"text-decoration: underline;\"><span style=\"font-size: 11pt; line-height: 200%; font-family: 'Verdana','sans-serif';\">b-<\/span><\/span><\/strong><span style=\"text-decoration: underline;\"><span style=\"font-size: 11pt; line-height: 200%; font-family: 'Verdana','sans-serif';\"> Enternasyonal dayan\u0131\u015fma gibi hi\u00e7bir maddi \u00e7\u0131kar ile k\u0131yaslanamayacak bir de\u011ferin parasal ili\u015fkiler ile y\u00fcr\u00fct\u00fclmesi yanl\u0131\u015ft\u0131r.<\/span><\/span><\/p>\n<p class=\"yiv667110249ecxmsonospacing\" style=\"margin: 0cm 0cm 0.0001pt; text-align: justify; text-indent: 14.2pt; line-height: 200%;\"><span style=\"font-size: 11pt; line-height: 200%; font-family: 'Verdana','sans-serif';\">Askerleri, kurumlar\u0131, b\u00fcrokratlar\u0131 ve sermayesi ile boyunduruk alt\u0131na al\u0131nm\u0131\u015f bir \u00fclkenin devrimcilerinin bu boyunduru\u011fa kar\u015f\u0131 verdi\u011fi m\u00fccadelede yan\u0131nda boyunduruk alt\u0131na alan devletin vatanda\u015flar\u0131n\u0131 bulmas\u0131ndan daha anlaml\u0131 hi\u00e7bir fiil olamaz. Enternasyonal dayan\u0131\u015fma anlaml\u0131d\u0131r. Ancak boyunduruk alt\u0131na alan \u00fclkenin vatanda\u015flar\u0131n\u0131n, boyunduruk alt\u0131na al\u0131nan \u00fclkenin vatanda\u015flar\u0131na g\u00f6sterdi\u011fi enternasyonal dayan\u0131\u015fma kelimelerle ifade edilemeyecek k\u0131ymettedir. Tinsel boyutu b\u00f6ylesine derin bir ili\u015fkinin para gibi, maddi \u00e7\u0131kar gibi dar hesaplarla buland\u0131r\u0131lmamas\u0131 gerekir. <\/span><\/p>\n<p class=\"yiv667110249ecxmsonospacing\" style=\"margin: 0cm 0cm 0.0001pt; text-align: justify; text-indent: 14.2pt; line-height: 200%;\"><span style=\"font-size: 11pt; line-height: 200%; font-family: 'Verdana','sans-serif';\">Baraka \u201cHemen \u015eimdi\u201d isimli kitap\u00e7\u0131\u011f\u0131nda ve De\u011ferler\u2019inde de yer buldu\u011fu gibi, dayan\u0131\u015fmay\u0131 \u201ckar\u015f\u0131l\u0131kl\u0131l\u0131k g\u00f6zeten\u201d, \u201c\u015farta ba\u011fl\u0131\u201d, \u201chesap-kitapla \u015fekillendirilmi\u015f\u201d bir fiil olarak tan\u0131mlamaz. Bu sebeple de dayan\u0131\u015fman\u0131n \u015farta ba\u011flanmas\u0131 olan \u201cyard\u0131mla\u015fma\u201d ile, kar\u015f\u0131l\u0131k g\u00f6stermeyen \u201cbilin\u00e7li dayan\u0131\u015fma\u201d aras\u0131nda ayr\u0131m g\u00f6zetir. <\/span><\/p>\n<p class=\"yiv667110249ecxmsonospacing\" style=\"margin: 0cm 0cm 0.0001pt; text-align: justify; text-indent: 14.2pt; line-height: 200%;\"><span style=\"font-size: 11pt; line-height: 200%; font-family: 'Verdana','sans-serif';\">Anti-militarist Bar\u0131\u015f Harekat\u0131 konserinde T\u00fcrkiye\u2019den gelerek sahne alan gruba para \u00f6denmesi, dayan\u0131\u015fma eti\u011fine uygun olmayan bir \u201c<span>kar\u015f\u0131l\u0131kl\u0131l\u0131k \u015fart\u0131\u201d tohumu i\u00e7ermesi nedeniyle\u00a0\u201ckonser ba\u015f\u0131na para\u201d ili\u015fkisi geli\u015fmesine kap\u0131 a\u00e7an yanl\u0131\u015f prati\u011fimiz kabul edilebilir de\u011fildir.\u201d\u00a0<\/span><\/span><\/p>\n<p class=\"yiv667110249ecxmsonospacing\" style=\"margin: 0cm 0cm 0.0001pt; text-align: justify; text-indent: 14.2pt; line-height: 200%;\"><span style=\"font-size: 11pt; line-height: 200%; font-family: 'Verdana','sans-serif';\">\u00a0<\/span><\/p>\n<p class=\"yiv667110249ecxmsonospacing\" style=\"margin: 0cm 0cm 0.0001pt; text-align: justify; text-indent: 14.2pt; line-height: 200%;\"><strong><span style=\"text-decoration: underline;\"><span style=\"font-size: 11pt; line-height: 200%; font-family: 'Verdana','sans-serif';\">c-<\/span><\/span><\/strong><span style=\"text-decoration: underline;\"><span style=\"font-size: 11pt; line-height: 200%; font-family: 'Verdana','sans-serif';\"> Y\u0131llardan beridir bu co\u011frafyada s\u00fcrd\u00fcr\u00fclmekte olan ve yerli sanat\u00e7\u0131lar\u0131n gerek sa\u011f gerekse de revizyonist sol taraf\u0131ndan ikinci plana itildi\u011fi gelene\u011fin biz devrimciler taraf\u0131ndan tekrarlanmas\u0131 yanl\u0131\u015ft\u0131r.<\/span><\/span><\/p>\n<p class=\"yiv667110249ecxmsonospacing\" style=\"margin: 0cm 0cm 0.0001pt; text-align: justify; text-indent: 14.2pt; line-height: 200%;\"><span style=\"font-size: 11pt; line-height: 200%; font-family: 'Verdana','sans-serif';\">Bu \u00fclkede sa\u011f ve revizyonist sol gelenek taraf\u0131ndan g\u00fcn\u00fcm\u00fcze kadar eylem niteli\u011fi olan bir\u00e7ok konser organize edilmi\u015ftir. Bunlara \u00f6rnek olarak sa\u011f siyasetin \u00f6rg\u00fctledi\u011fi \u201c\u015eafak N\u00f6beti\u201d ve revizyonist sol siyasetin ge\u00e7mi\u015fte d\u00fczenledi\u011fi \u201c1 Eyl\u00fcl\u201dler verilebilir. Bu konserlerde \u201cs\u00f6zde milliyet\u00e7i\u201d ve s\u00f6zde \u201cbar\u0131\u015f\u00e7\u0131\u201d m\u00fczik gruplar\u0131\/\u015fark\u0131c\u0131lar sahne alm\u0131\u015f ve ideolojik bir duru\u015f geli\u015ftirildi\u011fi yan\u0131lsamas\u0131ndan beslenmi\u015flerdir. Ancak sahne performanslar\u0131 i\u00e7in de kendilerine \u00f6deme yap\u0131lm\u0131\u015ft\u0131r. \u00dcstelik de bu \u00fclkenin sanat\u00e7\u0131lar\u0131 b\u00f6ylesi konserlerde\/eylemlerde sahne ald\u0131klar\u0131 zaman ikinci plana itilmi\u015f, sadece sahne almalar\u0131na izin verilmi\u015f olmas\u0131ndan bile memnun olmalar\u0131 beklenmi\u015ftir. Ba\u011f\u0131ms\u0131zl\u0131\u011f\u0131 ve bar\u0131\u015f\u0131 \u00f6zleyen bir \u00fclkenin devrimcileri ayn\u0131 prati\u011fi s\u00fcrd\u00fcremezler. <\/span><\/p>\n<p class=\"yiv667110249ecxmsonospacing\" style=\"margin: 0cm 0cm 0.0001pt; text-align: justify; text-indent: 14.2pt; line-height: 200%;\"><span style=\"font-size: 11pt; line-height: 200%; font-family: 'Verdana','sans-serif';\">D\u00fczenlenen eylemin bir eylem olmas\u0131ndan \u00f6t\u00fcr\u00fc para\/\u00fccret ili\u015fkilerine girmek zaten yanl\u0131\u015ft\u0131r. Ancak bu yanl\u0131\u015f\u0131n \u201cmakbul olmayan\u201d yerli ve \u201cmakbul\u201d yabanc\u0131 gruplar\/sanat\u00e7\u0131lar aras\u0131nda kay\u0131rmac\u0131l\u0131k bi\u00e7imine d\u00f6n\u00fc\u015ferek, ba\u011f\u0131ms\u0131zl\u0131k ve bar\u0131\u015f ad\u0131na ayn\u0131 prati\u011fin tekrarlanmas\u0131 daha da b\u00fcy\u00fck bir yanl\u0131\u015ft\u0131r. <\/span><\/p>\n<p class=\"yiv667110249ecxmsonospacing\" style=\"margin: 0cm 0cm 0.0001pt; text-align: justify; text-indent: 14.2pt; line-height: 200%;\"><span style=\"font-size: 11pt; line-height: 200%; font-family: 'Verdana','sans-serif';\">\u0130ki y\u0131l boyunca d\u00fczenledi\u011fimiz Anti-militarist Bar\u0131\u015f Harekat\u0131 konserlerinde sahne alan yerli gruplara tamamen do\u011fru bir \u015fekilde hi\u00e7bir \u00f6deme yap\u0131lmazken, davetlimiz olarak sahne alan yabanc\u0131 gruba \u00f6deme yap\u0131lmas\u0131 ayr\u0131mc\u0131l\u0131\u011f\u0131n devam\u0131d\u0131r, yanl\u0131\u015ft\u0131r. <\/span><\/p>\n<p class=\"yiv667110249ecxmsonospacing\" style=\"margin: 0cm 0cm 0.0001pt; text-align: justify; text-indent: 14.2pt; line-height: 200%;\"><span style=\"font-size: 11pt; line-height: 200%; font-family: 'Verdana','sans-serif';\">\u00a0<\/span><\/p>\n<p class=\"yiv667110249ecxmsonospacing\" style=\"margin: 0cm 0cm 0.0001pt; text-align: justify; text-indent: 14.2pt; line-height: 200%;\"><span style=\"font-size: 11pt; line-height: 200%; font-family: 'Verdana','sans-serif';\">Bu \u00fc\u00e7 temel nedenle; para kar\u015f\u0131l\u0131\u011f\u0131 eylem yapmay\u0131 normalle\u015ftiren, dayan\u0131\u015fmay\u0131 kar\u015f\u0131l\u0131kl\u0131l\u0131k \u015fart\u0131na ba\u011flayan ve yerli gruplar\u0131 ikinci plana iten bir prati\u011fi \u00f6ren hatam\u0131z\u0131 g\u00f6r\u00fcyor ve sahipleniyoruz. Bu hatay\u0131 yapt\u0131\u011f\u0131m\u0131z\u0131 kabul ediyor ve tekrarlanmamas\u0131 i\u00e7in u\u011fra\u015faca\u011f\u0131m\u0131za dair dostlar\u0131m\u0131za ve halk\u0131m\u0131za s\u00f6z veriyoruz.<\/span><\/p>\n<p class=\"yiv667110249ecxmsonospacing\" style=\"margin: 0cm 0cm 0.0001pt; text-align: justify; text-indent: 14.2pt; line-height: 200%;\"><span style=\"font-size: 11pt; line-height: 200%; font-family: 'Verdana','sans-serif';\">\u00a0<\/span><\/p>\n<p class=\"yiv667110249ecxmsonospacing\" style=\"margin: 0cm 0cm 0.0001pt; text-align: justify; text-indent: 14.2pt; line-height: 200%;\"><strong><span style=\"font-size: 11pt; line-height: 200%; font-family: 'Verdana','sans-serif';\">BU HATAYA NE NEDEN OLMU\u015eTUR?<\/span><\/strong><\/p>\n<p class=\"yiv667110249ecxmsonospacing\" style=\"margin: 0cm 0cm 0.0001pt; text-align: justify; text-indent: 14.2pt; line-height: 200%;\"><span style=\"font-size: 11pt; line-height: 200%; font-family: 'Verdana','sans-serif';\">\u00d6zele\u015ftiri s\u00fcre\u00e7lerinde hatalar\u0131n nedenlerini tespit etmek ile hataya mazeret \u00fcretmek aras\u0131nda \u00e7ok ince bir \u00e7izgi vard\u0131r. Hataya mazeret \u00fcretmek asl\u0131nda ger\u00e7ek anlamda \u00f6zele\u015ftiri vermemektir. Oysa hatan\u0131n tekrar etmemesi i\u00e7in hataya neden olan olgular\u0131n, motivasyonlar\u0131n, d\u00fc\u015f\u00fcncelerin, e\u011filimin, k\u00fclt\u00fcr\u00fcn, prati\u011fin tespit edilerek ona kar\u015f\u0131 m\u00fccadele edilmesi gerekir. \u00c7\u00fcnk\u00fc hatan\u0131n nedeni \u00e7o\u011fu zaman hatal\u0131 d\u00fc\u015f\u00fcnce \u015feklidir. Ve bir hatal\u0131 d\u00fc\u015f\u00fcnce \u015feklinden sadece bir t\u00fcr hata \u00e7\u0131kmaz. Hatan\u0131n nedenine de\u011fil sonucunda odaklanan bir yakla\u015f\u0131m, ayn\u0131 nedenden t\u00fcreyecek ba\u015fka t\u00fcr hatalara kar\u015f\u0131 savunmas\u0131z olacakt\u0131r&#8230;<\/span><\/p>\n<p class=\"yiv667110249ecxmsonospacing\" style=\"margin: 0cm 0cm 0.0001pt; text-align: justify; text-indent: 14.2pt; line-height: 200%;\"><span style=\"font-size: 11pt; line-height: 200%; font-family: 'Verdana','sans-serif';\">Di\u011fer yandan hatalar de\u011ferli \u00f6\u011fretmenlerdir. En iyi kendi hatalar\u0131m\u0131zdan \u00f6\u011frenebiliriz. Hatam\u0131z\u0131 kabul edip nedenleri ile m\u00fccadele ederek kendimizi geli\u015ftirebiliriz. Ve hatalar\u0131m\u0131z\u0131 gizlemeye \u00e7al\u0131\u015fmak, inkar etmek veya hatas\u0131z oldu\u011fumuzda \u0131srar etmek \u00e7ok daha b\u00fcy\u00fck hatalara neden olacakt\u0131r. Biz biliyoruz ki \u201csadece hi\u00e7bir \u015fey yapmayanlar hata yapmaz\u201d. Ve \u201cdevrimci olan ger\u00e7e\u011fin kendisidir. Ger\u00e7eklerden korkanlar da devrimci de\u011fildir\u201d. \u00dcstelik gizlenen hatalar anl\u0131k ele\u015ftirilerden korunmay\u0131 sa\u011flasa da, b\u00fcy\u00fcyen hatalara neden olurlar. Ele\u015ftiriden ka\u00e7mak anl\u0131k ba\u015far\u0131lar getirse de g\u00fcnl\u00fck hayat\u0131n ele\u015ftirisi her t\u00fcrl\u00fc ele\u015ftiriden daha ac\u0131mas\u0131zd\u0131r. Bu s\u00f6ylenen hem ele\u015ftiriden ka\u00e7an \u00f6zne i\u00e7in hem de par\u00e7as\u0131 oldu\u011fu toplumsal muhalefetin b\u00fct\u00fcn\u00fc i\u00e7in olumsuz sonu\u00e7lar do\u011furacakt\u0131r.<\/span><\/p>\n<p class=\"yiv667110249ecxmsonospacing\" style=\"margin: 0cm 0cm 0.0001pt; text-align: justify; text-indent: 14.2pt; line-height: 200%;\"><span style=\"font-size: 11pt; line-height: 200%; font-family: 'Verdana','sans-serif';\">Baraka yukarda sayd\u0131\u011f\u0131m\u0131z olumsuz sonu\u00e7lar\u0131 \u00fcretme riski ta\u015f\u0131yan hataya nas\u0131l d\u00fc\u015fm\u00fc\u015ft\u00fcr?<\/span><\/p>\n<p class=\"yiv667110249ecxmsonospacing\" style=\"margin: 0cm 0cm 0.0001pt; text-align: justify; text-indent: 14.2pt; line-height: 200%;\"><span style=\"font-size: 11pt; line-height: 200%; font-family: 'Verdana','sans-serif';\">14 A\u011fustos 2010 tarihinde 1. Anti-militarist Bar\u0131\u015f Harekat\u0131 eylemlili\u011fi i\u00e7in ilk toplant\u0131lar ger\u00e7ekle\u015ftirilirken, \u201ckonser\/eylemin giderlerini (ses sistemi, \u0131\u015f\u0131k, sahne, duyurular vs.) kar\u015f\u0131lamak i\u00e7in dayan\u0131\u015fma bileti \u00e7\u0131kar\u0131lmas\u0131\u201d karar\u0131 al\u0131nd\u0131. Paran\u0131n bekledi\u011fimizden fazla olmas\u0131 durumunda da, zaten u\u00e7ak bileti, kalacak yer masraf\u0131 ve yeme-i\u00e7me giderleri kar\u015f\u0131lanacak olan misafir yabanc\u0131 gruba kalan paran\u0131n \u00f6denmesi karara ba\u011fland\u0131. Baraka olarak bu eylemin manevi anlamda hakl\u0131l\u0131\u011f\u0131 bizim i\u00e7in kesindi. Maddi anlamda ise eylemin ba\u015far\u0131s\u0131z olma riski oldu\u011funu d\u00fc\u015f\u00fcnmekte yani de\u011fil fazladan para kalmas\u0131, ek para koymaya gerek olaca\u011f\u0131ndan endi\u015fe etmekteydik. Bu y\u00fczden herhangi bir paran\u0131n artaca\u011f\u0131na ihtimal vermedi\u011fimizden, muhtemelen artacak paran\u0131n nas\u0131l kullan\u0131lmas\u0131n\u0131n en do\u011frusu olaca\u011f\u0131 konusuna gereken \u00f6nemi vermedik. Konser\/eylem sonras\u0131 2000 TL\u2019nin artmas\u0131 \u00f6rg\u00fct\u00fcm\u00fcz i\u00e7inde tam anlam\u0131 ile bir zafer sarho\u015flu\u011funa neden oldu. Bu ortamda zaten al\u0131nm\u0131\u015f karar\u0131n uygulanmas\u0131 olan artan paran\u0131n misafir gruba \u00f6denmesi i\u015flemi \u00fczerine yine d\u00fc\u015f\u00fcnmedik. \u00dcstelik bunun bir eylem oldu\u011funu bildi\u011fimiz halde, \u00fclkemizde y\u0131llardan beridir devam etmekte olan yabanc\u0131 gruplara para \u00f6denmesi prati\u011fi bizde (d\u00fc\u015f\u00fcnmeden de olsa) \u201cnormal\u201d bir \u015fey yapt\u0131\u011f\u0131m\u0131z duygusu uyand\u0131rmaktayd\u0131.<\/span><\/p>\n<p class=\"yiv667110249ecxmsonospacing\" style=\"margin: 0cm 0cm 0.0001pt; text-align: justify; text-indent: 14.2pt; line-height: 200%;\"><span style=\"font-size: 11pt; line-height: 200%; font-family: 'Verdana','sans-serif';\">14 A\u011fustos 2011 tarihinde ise bir \u00f6nceki y\u0131l bekledi\u011fimizden de iyi gitmi\u015f olan bir sistemi g\u00f6zden ge\u00e7irme ihtiyac\u0131 hissetmedik. Deyim yerindeyse muhafazakar bir psikoloji ile ko\u015fulland\u0131k. Ve konser sonras\u0131 5500 TL\u2019nin kald\u0131\u011f\u0131n\u0131 konsere kat\u0131l\u0131m\u0131n neredeyse iki kat daha artt\u0131\u011f\u0131n\u0131 g\u00f6rd\u00fc\u011f\u00fcm\u00fczde ger\u00e7ek bir co\u015fku ile dolduk. Ancak Anti-militarist Bar\u0131\u015f Harekat\u0131 organizasyon komitesinde artan paran\u0131n bir \u00f6nceki y\u0131l oldu\u011fu gibi tamam\u0131n\u0131n de\u011fil, \u00e7ok para artm\u0131\u015f olmas\u0131ndan dolay\u0131 sadece 4000 TL\u2019sinin misafir gruba \u00f6denmesi karar\u0131 \u00e7\u0131k\u0131nca konuyu de\u011ferlendirme gere\u011fi duyduk. Bu de\u011ferlendirme sonucunda da yapt\u0131\u011f\u0131m\u0131z\u0131n bir hata oldu\u011fu sonucuna vard\u0131k.<\/span><\/p>\n<p class=\"yiv667110249ecxmsonospacing\" style=\"margin: 0cm 0cm 0.0001pt; text-align: justify; text-indent: 14.2pt; line-height: 200%;\"><span style=\"font-size: 11pt; line-height: 200%; font-family: 'Verdana','sans-serif';\">Yukarda ayr\u0131nt\u0131lar\u0131 ile izah edilmi\u015f olan hatam\u0131z\u0131n nedenlerini \u015f\u00f6yle \u00f6zetleyebiliriz.<\/span><\/p>\n<p class=\"yiv667110249ecxmsonospacing\" style=\"margin: 0cm 0cm 0.0001pt; text-align: justify; text-indent: 14.2pt; line-height: 200%;\"><span style=\"font-size: 11pt; line-height: 200%; font-family: 'Verdana','sans-serif';\">a- En ba\u015fta konserin ba\u015far\u0131s\u0131na dair kendimize\/halk\u0131m\u0131za g\u00fcvenmeme<\/span><\/p>\n<p class=\"yiv667110249ecxmsonospacing\" style=\"margin: 0cm 0cm 0.0001pt; text-align: justify; text-indent: 14.2pt; line-height: 200%;\"><span style=\"font-size: 11pt; line-height: 200%; font-family: 'Verdana','sans-serif';\">b- Her olas\u0131l\u0131\u011f\u0131 ayr\u0131nt\u0131lar\u0131 ile de\u011ferlendirmek yerine negatif olas\u0131l\u0131\u011fa odaklanarak, pozitif sonu\u00e7lar\u0131n da olumsuzluk \u00fcretebilece\u011fi diyalektik bak\u0131\u015f\u0131ndan uzakla\u015fma<\/span><\/p>\n<p class=\"yiv667110249ecxmsonospacing\" style=\"margin: 0cm 0cm 0.0001pt; text-align: justify; text-indent: 14.2pt; line-height: 200%;\"><span style=\"font-size: 11pt; line-height: 200%; font-family: 'Verdana','sans-serif';\">c- Ba\u015far\u0131n\u0131n tad\u0131n\u0131 \u00e7\u0131karma ile zafer sarho\u015flu\u011fu aras\u0131ndaki ince \u00e7izgiye dikkat etmeme ve kendimizi zafer sarho\u015fu\u011funa b\u0131rakma<\/span><\/p>\n<p class=\"yiv667110249ecxmsonospacing\" style=\"margin: 0cm 0cm 0.0001pt; text-align: justify; text-indent: 14.2pt; line-height: 200%;\"><span style=\"font-size: 11pt; line-height: 200%; font-family: 'Verdana','sans-serif';\">d- Kendi karar\u0131m\u0131z bile olsa al\u0131nm\u0131\u015f karar\u0131 sorgulamama ve ezberci bir bi\u00e7imde uygulama<\/span><\/p>\n<p class=\"yiv667110249ecxmsonospacing\" style=\"margin: 0cm 0cm 0.0001pt; text-align: justify; text-indent: 14.2pt; line-height: 200%;\"><span style=\"font-size: 11pt; line-height: 200%; font-family: 'Verdana','sans-serif';\">e- Bizden \u00f6nce olu\u015fmu\u015f bir parati\u011fi sorgulamadan tekrar etme, muhafazakar bir d\u00fc\u015f\u00fcnce \u015fekli geli\u015ftirme<\/span><\/p>\n<p class=\"yiv667110249ecxmsonospacing\" style=\"margin: 0cm 0cm 0.0001pt; text-align: justify; text-indent: 14.2pt; line-height: 200%;\"><span style=\"font-size: 11pt; line-height: 200%; font-family: 'Verdana','sans-serif';\">f- \u00d6n\u00fcm\u00fczdeki pratik i\u015fleri yapmaya odaklan\u0131p, ss\u00fcre\u00e7lerin d\u00fc\u015f\u00fcnsel boyutunu ihmal etme ve i\u015fleri oluruna b\u0131rakma<\/span><\/p>\n<p class=\"yiv667110249ecxmsonospacing\" style=\"margin: 0cm 0cm 0.0001pt; text-align: justify; text-indent: 14.2pt; line-height: 200%;\"><span style=\"font-size: 11pt; line-height: 200%; font-family: 'Verdana','sans-serif';\">\u00a0<\/span><\/p>\n<p class=\"yiv667110249ecxmsonospacing\" style=\"margin: 0cm 0cm 0.0001pt; text-align: justify; text-indent: 14.2pt; line-height: 200%;\"><strong><span style=\"font-size: 11pt; line-height: 200%; font-family: 'Verdana','sans-serif';\">BU HATAYI VE BUNA BENZER HATALARI TEKRARLAMAMAK \u0130\u00c7\u0130N NELER YAPILACAKTIR?<\/span><\/strong><\/p>\n<p class=\"yiv667110249ecxmsonospacing\" style=\"margin: 0cm 0cm 0.0001pt; text-align: justify; text-indent: 14.2pt; line-height: 200%;\"><span style=\"font-size: 11pt; line-height: 200%; font-family: 'Verdana','sans-serif';\">Baraka olarak, bu ve buna benzer hatalar\u0131 bir daha tekrarlamamak i\u00e7in yapaca\u011f\u0131m\u0131z i\u015flerin sadece olumsuz sonu\u00e7lanmas\u0131 durumunda ne yapaca\u011f\u0131m\u0131z\u0131 de\u011fil, olas\u0131 olumlu sonu\u00e7lar\u0131n\u0131 ve bu durumlarda da ne yapaca\u011f\u0131m\u0131z\u0131 hesaba katan bir d\u00fc\u015f\u00fcnce tarz\u0131 geli\u015ftirmeye \u00e7al\u0131\u015faca\u011f\u0131z. Zafer sarho\u015flu\u011funa kap\u0131lmamaya, ezberci davran\u0131\u015flar i\u00e7erisine girmemeye, muhafazakar bir d\u00fc\u015f\u00fcnce \u015feklinden uzak durmaya, s\u00fcre\u00e7lerin d\u00fc\u015f\u00fcnsel boyutunu ihmal etmmeye daha \u00e7ok \u00f6zen g\u00f6sterece\u011fiz. <\/span><\/p>\n<p class=\"yiv667110249ecxmsonospacing\" style=\"margin: 0cm 0cm 0.0001pt; text-align: justify; text-indent: 14.2pt; line-height: 200%;\"><span style=\"font-size: 11pt; line-height: 200%; font-family: 'Verdana','sans-serif';\">\u00a0<\/span><\/p>\n<p class=\"yiv667110249ecxmsonospacing\" style=\"margin: 0cm 0cm 0.0001pt; text-align: justify; text-indent: 14.2pt; line-height: 200%;\"><span style=\"font-size: 11pt; line-height: 200%; font-family: 'Verdana','sans-serif';\">Baraka K\u00fclt\u00fcr Merkezi t\u00fcm bu sebeplerle, ge\u00e7ti\u011fimiz y\u0131llarda al\u0131nm\u0131\u015f olan \u201cAnti-Militarist Bar\u0131\u015f Harekat\u0131 eylemlili\u011fine kat\u0131lan yabanc\u0131 gruba para \u00f6denir\u201d karar\u0131n\u0131n de\u011fi\u015fmesi i\u00e7in bug\u00fcne kadar bu s\u00fcreci payla\u015ft\u0131\u011f\u0131m\u0131z di\u011fer \u00f6rg\u00fctlere a\u015fa\u011f\u0131daki \u00f6neri ile gitmi\u015ftir:<\/span><\/p>\n<p class=\"yiv667110249ecxmsonospacing\" style=\"margin: 0cm 0cm 0.0001pt; text-align: justify; text-indent: 14.2pt; line-height: 200%;\"><em><span style=\"font-size: 11pt; line-height: 200%; font-family: 'Verdana','sans-serif';\">\u201cAnti-miltarist Bar\u0131\u015f Harekat\u0131 \u00e7er\u00e7evesinde d\u00fczenlenen eylem\/etkinlik\/sahne performans\u0131 gibi hi\u00e7bir faaliyette sahne alacaklara veya organizat\u00f6r \u00f6rg\u00fctlere her ne isim alt\u0131nda olursa olsun para \u00f6denmeyecektir.\u201d<\/span><\/em><\/p>\n<p class=\"yiv667110249ecxmsonospacing\" style=\"margin: 0cm 0cm 0.0001pt; text-align: justify; text-indent: 14.2pt; line-height: 200%;\"><span style=\"font-size: 11pt; line-height: 200%; font-family: 'Verdana','sans-serif';\">Ancak ne yaz\u0131k ki bug\u00fcne kadar bu s\u00fcreci payla\u015ft\u0131\u011f\u0131m\u0131z be\u015f \u00f6rg\u00fctten \u00fc\u00e7\u00fc taraf\u0131ndan bu \u00f6neriye kabul, biri taraf\u0131ndan \u00e7ekimser yakla\u015f\u0131l\u0131rken bir \u00f6rg\u00fct taraf\u0131ndan red yakla\u015f\u0131m\u0131 geli\u015ftirilmi\u015ftir. Anti-Militarist Bar\u0131\u015f Harekat\u0131 kararlar\u0131n\u0131 \u201coybirli\u011fi\u201d ile ald\u0131\u011f\u0131ndan tek bir \u00f6rg\u00fct\u00fcn red yakla\u015f\u0131m\u0131 karar\u0131n de\u011fi\u015fmemesi i\u00e7in yeterli olmu\u015ftur. Ne yaz\u0131k ki \u201coybirli\u011fi\u201d y\u00f6nteminin ruhunda bulunan yaln\u0131z kalan\u0131n karara \u201cyol vermesi\u201d birle\u015ftirici yakla\u015f\u0131m\u0131 da reddeden \u00f6rg\u00fct taraf\u0131ndan uygulanmam\u0131\u015ft\u0131r.<\/span><\/p>\n<p class=\"yiv667110249ecxmsonospacing\" style=\"margin: 0cm 0cm 0.0001pt; text-align: justify; text-indent: 14.2pt; line-height: 200%;\"><span style=\"font-size: 11pt; line-height: 200%; font-family: 'Verdana','sans-serif';\">Bu sebeple yukarda sayd\u0131\u011f\u0131m\u0131z m\u00fccadele eti\u011fine uygun olmayan prati\u011fimizi devam ettirmemek ad\u0131na Baraka K\u00fclt\u00fcr Merkezi olarak Anti-militarist Bar\u0131\u015f Harekat\u0131 organizasyonundan \u00e7ekildi\u011fimizi t\u00fcm dostlar\u0131m\u0131z ve de\u011ferli halk\u0131m\u0131za duyururuz. Baraka\u2019n\u0131n kendisine yolda\u015f \u00f6rg\u00fctlerle birlikte halk\u0131m\u0131z\u0131n ba\u011f\u0131ms\u0131zl\u0131k ve yeniden karde\u015fle\u015fmesi m\u00fccadelesi devam edecek, bu m\u00fccadelede simgesel bir \u00f6nemi olan 14 A\u011fustos tarihinde de Baraka eylemde olacakt\u0131r.<\/span><\/p>\n<p class=\"yiv667110249ecxmsonospacing\" style=\"margin: 0cm 0cm 0.0001pt; text-align: justify; text-indent: 14.2pt; line-height: 200%;\"><span style=\"font-size: 11pt; line-height: 200%; font-family: 'Verdana','sans-serif';\">Sayg\u0131 ile duyurulur&#8230;<\/span><\/p>\n<p class=\"yiv667110249ecxmsonospacing\" style=\"margin: 0cm 0cm 0.0001pt; text-align: justify; text-indent: 14.2pt; line-height: 200%;\"><span style=\"font-size: 11pt; line-height: 200%; font-family: 'Verdana','sans-serif';\">\u00a0<\/span><\/p>\n<p class=\"yiv667110249ecxmsonospacing\" style=\"margin: 0cm 0cm 0.0001pt; text-align: right; text-indent: 14.2pt; line-height: 200%;\" align=\"right\"><strong><span style=\"font-size: 11pt; line-height: 200%; font-family: 'Verdana','sans-serif';\">BARAKA K\u00dcLT\u00dcR MERKEZ\u0130<\/span><\/strong><\/p>\n<p class=\"MsoNormal\" style=\"line-height: 200%;\"><strong><span style=\"font-size: 11pt; line-height: 200%; font-family: 'Verdana','sans-serif';\">Ba\u015fka Bir K\u00fclt\u00fcr M\u00fcmk\u00fcn<\/span><\/strong><\/p>\n","protected":false},"excerpt":{"rendered":"<p>Baraka dostlar\u0131na ve halk\u0131m\u0131za; \u00d6ZELE\u015eT\u0130R\u0130M\u0130ZD\u0130R \u00a0 Baraka K\u00fclt\u00fcr Merkezi olarak, 14 A\u011fustos 2010 ve 14 A\u011fustos 2011 tarihlerinde Anti-Militarist Bar\u0131\u015f Harekat\u0131 ad\u0131 alt\u0131nda d\u00fczenlenen eylemlerin<\/p>\n","protected":false},"author":1,"featured_media":0,"comment_status":"open","ping_status":"open","sticky":false,"template":"","format":"standard","meta":{"jetpack_post_was_ever_published":false,"_jetpack_newsletter_access":"","_jetpack_newsletter_tier_id":0,"jetpack_publicize_message":"","jetpack_is_tweetstorm":false,"jetpack_publicize_feature_enabled":true,"jetpack_social_post_already_shared":false,"jetpack_social_options":{"image_generator_settings":{"template":"highway","enabled":false}}},"categories":[41],"tags":[],"jetpack_publicize_connections":[],"jetpack_featured_media_url":"","jetpack_shortlink":"https:\/\/wp.me\/p4eHWX-uk","jetpack_sharing_enabled":true,"_links":{"self":[{"href":"https:\/\/baraka.cc\/index.php?rest_route=\/wp\/v2\/posts\/1880"}],"collection":[{"href":"https:\/\/baraka.cc\/index.php?rest_route=\/wp\/v2\/posts"}],"about":[{"href":"https:\/\/baraka.cc\/index.php?rest_route=\/wp\/v2\/types\/post"}],"author":[{"embeddable":true,"href":"https:\/\/baraka.cc\/index.php?rest_route=\/wp\/v2\/users\/1"}],"replies":[{"embeddable":true,"href":"https:\/\/baraka.cc\/index.php?rest_route=%2Fwp%2Fv2%2Fcomments&post=1880"}],"version-history":[{"count":0,"href":"https:\/\/baraka.cc\/index.php?rest_route=\/wp\/v2\/posts\/1880\/revisions"}],"wp:attachment":[{"href":"https:\/\/baraka.cc\/index.php?rest_route=%2Fwp%2Fv2%2Fmedia&parent=1880"}],"wp:term":[{"taxonomy":"category","embeddable":true,"href":"https:\/\/baraka.cc\/index.php?rest_route=%2Fwp%2Fv2%2Fcategories&post=1880"},{"taxonomy":"post_tag","embeddable":true,"href":"https:\/\/baraka.cc\/index.php?rest_route=%2Fwp%2Fv2%2Ftags&post=1880"}],"curies":[{"name":"wp","href":"https:\/\/api.w.org\/{rel}","templated":true}]}}