{"id":1890,"date":"2012-01-09T12:00:36","date_gmt":"2012-01-09T10:00:36","guid":{"rendered":"https:\/\/baraka.cc\/?p=1890"},"modified":"2014-01-08T12:01:05","modified_gmt":"2014-01-08T10:01:05","slug":"petrol-dolum-tesisine-hayir-platformunun-yanindayiz","status":"publish","type":"post","link":"https:\/\/baraka.cc\/?p=1890","title":{"rendered":"PETROL DOLUM TES\u0130S\u0130NE HAYIR PLATFORMU\u2019NUN YANINDAYIZ!"},"content":{"rendered":"<p style=\"margin: 0cm 0cm 0.0001pt; text-align: justify; line-height: 150%;\">\n<p>Bir s\u00fcre \u00f6nce Lefke b\u00f6lgesinde yap\u0131lmas\u0131 planlanan ve b\u00f6lge halk\u0131n\u0131n hakl\u0131 tepkisinin ard\u0131ndan iptal edilen petrol dolum tesisi, \u015fimdi de Karpaz b\u00f6lgesindeki k\u00f6yleri tehdit etmektedir. Yedikonuk, B\u00fcy\u00fckkonuk ve civar k\u00f6ylerin \u00e7evreye duyarl\u0131, do\u011fa sever insalar\u0131, \u00e7evre ve sa\u011fl\u0131k \u00f6rg\u00fctlerinin de deste\u011fiyle halk\u0131m\u0131za \u00f6rnek olacak bir m\u00fccadele sergilemektedirler. Baraka K\u00fclt\u00fcr Merkezi olarak, bu m\u00fccadelede kendileriyle dayan\u0131\u015ft\u0131\u011f\u0131m\u0131z\u0131 ve t\u00fcm K\u0131br\u0131s\u2019\u0131 etkileyecek bu \u00e7evre felaketini durdurmak i\u00e7in g\u00fc\u00fcc\u00fcm\u00fcz\u00fcn yetti\u011fince m\u00fccadele edece\u011fimizi vurgular\u0131z.<\/p>\n<p style=\"margin: 0cm 0cm 0.0001pt; text-align: justify; line-height: 150%;\"><span style=\"font-size: 11pt; line-height: 150%; font-family: 'Verdana','sans-serif';\"><br \/>\nT\u00fcrkiye\u2019nin kirli i\u015fleri i\u00e7in kulland\u0131\u011f\u0131 arka bah\u00e7esi gibi g\u00f6rd\u00fc\u011f\u00fc \u00fclkemizi, b\u00fcy\u00fck \u015firketler de parsellenip al\u0131nabilecek ve kirletilecek bir yer olarak g\u00f6rmektedir. T\u00fcrkiye\u2019nin emir eri, sermayenin i\u015fbirlik\u00e7isi h\u00fck\u00fcmetlerimiz ise halk\u0131n menfaatine de\u011fil sermayenin \u00e7\u0131kar\u0131na hizmet edecek projeleri, halka i\u015f imkan\u0131 ve benzeri vaadlerle sunmaktad\u0131r. Bu \u00fclkede, bu k\u00f6ylerde insanlar\u0131n ya\u015fad\u0131\u011f\u0131, kendilerine g\u00f6re gelenekleri, ya\u015fam bi\u00e7imleri, do\u011fa ile ili\u015fkileri oldu\u011fu kimsenin umurunda de\u011fildir. B\u00fcy\u00fck hesaplar pe\u015finde ko\u015fan egemenler, denizlerimizi, sahillerimizi, k\u00f6ylerimizi diledikleri gibi kullanabileceklerini zannetmektedir. Ne hukuk ne Anayasa tan\u0131maks\u0131z\u0131n en g\u00fczel k\u0131y\u0131lar\u0131m\u0131z en kirli ve tehlikeli tesislerden biri olan petrol dolum tesisi i\u00e7in verilmek istenmekte, b\u00f6lge halk\u0131n\u0131n iradesi hi\u00e7e say\u0131lmaktad\u0131r. <\/span><\/p>\n<p style=\"margin: 0cm 0cm 0.0001pt; text-align: justify; line-height: 150%;\"><span style=\"font-size: 11pt; line-height: 150%; font-family: 'Verdana','sans-serif';\"><br \/>\nBu konu sadece Karpaz b\u00f6lgesi k\u00f6ylerini de\u011fil t\u00fcm K\u0131br\u0131s\u2019\u0131 etkileyecek ekolojik felaketlere gebedir ve halk\u0131m\u0131z bug\u00fcn bu m\u00fccadeleyi yeterince y\u00fckseltemez ise yar\u0131n \u00e7ok ge\u00e7 olacakt\u0131r. Bu nedenle Petrol Dolum Tesisine Hay\u0131r Platformu\u2019nu desteklemek \u00fclkesinin gelece\u011fini d\u00fc\u015f\u00fcnen t\u00fcm ki\u015fi ve \u00f6rg\u00fctlerin g\u00f6revidir.<br \/>\n<\/span><\/p>\n","protected":false},"excerpt":{"rendered":"<p>Bir s\u00fcre \u00f6nce Lefke b\u00f6lgesinde yap\u0131lmas\u0131 planlanan ve b\u00f6lge halk\u0131n\u0131n hakl\u0131 tepkisinin ard\u0131ndan iptal edilen petrol dolum tesisi, \u015fimdi de Karpaz b\u00f6lgesindeki k\u00f6yleri tehdit etmektedir.<\/p>\n","protected":false},"author":1,"featured_media":0,"comment_status":"open","ping_status":"open","sticky":false,"template":"","format":"standard","meta":{"jetpack_post_was_ever_published":false,"_jetpack_newsletter_access":"","_jetpack_newsletter_tier_id":0,"jetpack_publicize_message":"","jetpack_is_tweetstorm":false,"jetpack_publicize_feature_enabled":true,"jetpack_social_post_already_shared":false,"jetpack_social_options":{"image_generator_settings":{"template":"highway","enabled":false}}},"categories":[41],"tags":[],"jetpack_publicize_connections":[],"jetpack_featured_media_url":"","jetpack_shortlink":"https:\/\/wp.me\/p4eHWX-uu","jetpack_sharing_enabled":true,"_links":{"self":[{"href":"https:\/\/baraka.cc\/index.php?rest_route=\/wp\/v2\/posts\/1890"}],"collection":[{"href":"https:\/\/baraka.cc\/index.php?rest_route=\/wp\/v2\/posts"}],"about":[{"href":"https:\/\/baraka.cc\/index.php?rest_route=\/wp\/v2\/types\/post"}],"author":[{"embeddable":true,"href":"https:\/\/baraka.cc\/index.php?rest_route=\/wp\/v2\/users\/1"}],"replies":[{"embeddable":true,"href":"https:\/\/baraka.cc\/index.php?rest_route=%2Fwp%2Fv2%2Fcomments&post=1890"}],"version-history":[{"count":0,"href":"https:\/\/baraka.cc\/index.php?rest_route=\/wp\/v2\/posts\/1890\/revisions"}],"wp:attachment":[{"href":"https:\/\/baraka.cc\/index.php?rest_route=%2Fwp%2Fv2%2Fmedia&parent=1890"}],"wp:term":[{"taxonomy":"category","embeddable":true,"href":"https:\/\/baraka.cc\/index.php?rest_route=%2Fwp%2Fv2%2Fcategories&post=1890"},{"taxonomy":"post_tag","embeddable":true,"href":"https:\/\/baraka.cc\/index.php?rest_route=%2Fwp%2Fv2%2Ftags&post=1890"}],"curies":[{"name":"wp","href":"https:\/\/api.w.org\/{rel}","templated":true}]}}