{"id":1934,"date":"2010-11-08T12:24:48","date_gmt":"2010-11-08T10:24:48","guid":{"rendered":"https:\/\/baraka.cc\/?p=1934"},"modified":"2014-01-08T12:25:21","modified_gmt":"2014-01-08T10:25:21","slug":"gokkuainin-yedy-rengy-kana-bulandi","status":"publish","type":"post","link":"https:\/\/baraka.cc\/?p=1934","title":{"rendered":"G\u00d6KKU?A?ININ YEDY RENGY KANA BULANDI !!!"},"content":{"rendered":"<p class=\"MsoNormal\" style=\"text-align: justify; line-height: 200%; margin: 0cm 0cm 0pt;\">\n<p><strong><span style=\"line-height: 200%; font-family: 'Verdana','sans-serif'; font-size: 11pt;\">\u00a0\u00a0\u00a0\u00a0\u00a0\u00a0\u00a0\u00a0\u00a0\u00a0\u00a0\u00a0\u00a0\u00a0\u00a0\u00a0\u00a0\u00a0\u00a0\u00a0\u00a0 <\/span><\/strong><strong><span style=\"line-height: 200%; font-family: 'Verdana','sans-serif'; font-size: 11pt;\">\u00a0<\/span><\/strong><\/p>\n<p class=\"MsoNormal\" style=\"text-align: justify; line-height: 200%; margin: 0cm 0cm 0pt;\"><span style=\"line-height: 200%; font-family: 'Verdana','sans-serif'; font-size: 11pt;\">Kybrys\u2019yn g\u00fcneyinde g\u00f6\u00e7menlerin \u00f6rg\u00fctl\u00fc bulundu?u bir dernek olan \u201cKISA\u201dnyn her yyl d\u00fczenledi?i RAINBOW (G\u00f6kku?a?y)<span>\u00a0 <\/span>festivaline fa?izan saldyrylar g\u00f6lge d\u00fc?\u00fcrd\u00fc. Alana, yanlarynda getirdikleri sopa, zehirli boya ve by\u00e7aklaryyla giren fa?ist saldyrganlar, g\u00f6\u00e7men i?\u00e7ileri, polis emek\u00e7ilerini yaralamy? ve \u201cGommalar M\u00fczik Sava?\u00e7ylary\u201d grubunun gitarist ve solistli?ini yapan bary? yanlysy arkada?ymyzy by\u00e7aklamy?lardyr.<\/span><\/p>\n<p><span style=\"line-height: 200%; font-family: 'Verdana','sans-serif'; font-size: 11pt;\">\u00a0\u00a0\u00a0\u00a0\u00a0\u00a0\u00a0\u00a0\u00a0\u00a0\u00a0\u00a0\u00a0\u00a0\u00a0\u00a0\u00a0\u00a0\u00a0\u00a0\u00a0\u00a0 \u00a0<\/span><\/p>\n<p class=\"MsoNormal\" style=\"text-align: justify; line-height: 200%; margin: 0cm 0cm 0pt;\"><span style=\"line-height: 200%; font-family: 'Verdana','sans-serif'; font-size: 11pt;\">Fa?izme ve yrk\u00e7yly?a kar?y e?itli?i savunan b\u00f6ylesi onurlu bir organizasyona yapylan bu planly saldyry kabul edilemez! Kybrys\u2019yn g\u00fcneyinde her ge\u00e7en g\u00fcn daha fazla g\u00f6ze batmaya ba?layan fa?ist harekete dur demeli ve bunun i\u00e7in m\u00fccadele eden Kybrysly Elen yolda?larymyzyn yanynda olmalyyyz. Bizler, Baraka K\u00fclt\u00fcr Merkezi ve Sol Anahtary m\u00fczik grubu olarak, gerek adanyn kuzeyinde gerekse g\u00fcneyinde tyrmanan bu fa?ist zihniyetin iki halky birbirine d\u00fc?\u00fcr\u00fcp bary? m\u00fccadelesine zarar verece?ine asla inanmyyor ve b\u00f6yle olaylaryn bizleri birbirimize daha fazla kenetledi?ini, g\u00fcc\u00fcm\u00fcze g\u00fc\u00e7 katty?yny d\u00fc?\u00fcn\u00fcyoruz. <\/span><\/p>\n<p><span style=\"line-height: 200%; font-family: 'Verdana','sans-serif'; font-size: 11pt;\">\u00a0\u00a0\u00a0 <\/span><\/p>\n<p class=\"MsoNormal\" style=\"text-align: justify; line-height: 200%; margin: 0cm 0cm 0pt;\"><span style=\"line-height: 200%; font-family: 'Verdana','sans-serif'; font-size: 11pt;\">Adamyzyn iki yarysynda da ba?yny deli?inden \u00e7ykarma cesaretini bulan fa?istleri ortadan kaldyrmanyn yolu, g\u00fc\u00e7leri birle?tirmekten ge\u00e7mektedir. Dolayysyyla unutmamalyyyz ki ger\u00e7ek kurtulu? ancak halklaryn birlikte verece?i bir m\u00fccadelenin eseri olacaktyr.<\/span><\/p>\n<p><span style=\"line-height: 200%; font-family: 'Verdana','sans-serif'; font-size: 11pt;\">\u00a0\u00a0\u00a0 <\/span><span style=\"line-height: 200%; font-family: 'Verdana','sans-serif'; font-size: 11pt;\">\u00a0<\/span><\/p>\n<p class=\"MsoNormal\" style=\"text-align: justify; line-height: 200%; margin: 0cm 0cm 0pt;\"><strong><span style=\"line-height: 200%; font-family: 'Verdana','sans-serif'; font-size: 11pt;\">Baraka K\u00fclt\u00fcr Merkezi ve Sol Anahtary M\u00fczik Grubu <\/span><\/strong><\/p>\n<p class=\"MsoNormal\" style=\"text-align: justify; line-height: 200%; margin: 0cm 0cm 0pt;\"><strong><span style=\"line-height: 200%; font-family: 'Verdana','sans-serif'; font-size: 11pt;\">\u00a0\u00a0 <\/span><\/strong><\/p>\n<p>&nbsp;<\/p>\n","protected":false},"excerpt":{"rendered":"<p>\u00a0\u00a0\u00a0\u00a0\u00a0\u00a0\u00a0\u00a0\u00a0\u00a0\u00a0\u00a0\u00a0\u00a0\u00a0\u00a0\u00a0\u00a0\u00a0\u00a0\u00a0 \u00a0 Kybrys\u2019yn g\u00fcneyinde g\u00f6\u00e7menlerin \u00f6rg\u00fctl\u00fc bulundu?u bir dernek olan \u201cKISA\u201dnyn her yyl d\u00fczenledi?i RAINBOW (G\u00f6kku?a?y)\u00a0 festivaline fa?izan saldyrylar g\u00f6lge d\u00fc?\u00fcrd\u00fc. Alana, yanlarynda getirdikleri sopa,<\/p>\n","protected":false},"author":1,"featured_media":0,"comment_status":"open","ping_status":"open","sticky":false,"template":"","format":"standard","meta":{"jetpack_post_was_ever_published":false,"_jetpack_newsletter_access":"","_jetpack_newsletter_tier_id":0,"jetpack_publicize_message":"","jetpack_is_tweetstorm":false,"jetpack_publicize_feature_enabled":true,"jetpack_social_post_already_shared":false,"jetpack_social_options":{"image_generator_settings":{"template":"highway","enabled":false}}},"categories":[41],"tags":[],"jetpack_publicize_connections":[],"jetpack_featured_media_url":"","jetpack_shortlink":"https:\/\/wp.me\/p4eHWX-vc","jetpack_sharing_enabled":true,"_links":{"self":[{"href":"https:\/\/baraka.cc\/index.php?rest_route=\/wp\/v2\/posts\/1934"}],"collection":[{"href":"https:\/\/baraka.cc\/index.php?rest_route=\/wp\/v2\/posts"}],"about":[{"href":"https:\/\/baraka.cc\/index.php?rest_route=\/wp\/v2\/types\/post"}],"author":[{"embeddable":true,"href":"https:\/\/baraka.cc\/index.php?rest_route=\/wp\/v2\/users\/1"}],"replies":[{"embeddable":true,"href":"https:\/\/baraka.cc\/index.php?rest_route=%2Fwp%2Fv2%2Fcomments&post=1934"}],"version-history":[{"count":0,"href":"https:\/\/baraka.cc\/index.php?rest_route=\/wp\/v2\/posts\/1934\/revisions"}],"wp:attachment":[{"href":"https:\/\/baraka.cc\/index.php?rest_route=%2Fwp%2Fv2%2Fmedia&parent=1934"}],"wp:term":[{"taxonomy":"category","embeddable":true,"href":"https:\/\/baraka.cc\/index.php?rest_route=%2Fwp%2Fv2%2Fcategories&post=1934"},{"taxonomy":"post_tag","embeddable":true,"href":"https:\/\/baraka.cc\/index.php?rest_route=%2Fwp%2Fv2%2Ftags&post=1934"}],"curies":[{"name":"wp","href":"https:\/\/api.w.org\/{rel}","templated":true}]}}