{"id":1938,"date":"2011-01-29T12:27:04","date_gmt":"2011-01-29T10:27:04","guid":{"rendered":"https:\/\/baraka.cc\/?p=1938"},"modified":"2014-01-08T12:27:23","modified_gmt":"2014-01-08T10:27:23","slug":"28-ocak-mytyngy-basin-aciklamasi","status":"publish","type":"post","link":"https:\/\/baraka.cc\/?p=1938","title":{"rendered":"28 OCAK MYTYNGY BASIN A\u00c7IKLAMASI"},"content":{"rendered":"<p class=\"yiv504025277msonormal\" style=\"margin: 0cm 0cm 0pt; line-height: 200%; text-align: justify;\">\n<p><span style=\"font-size: 11pt; line-height: 200%; font-family: 'Verdana','sans-serif';\"><strong>\u00a0\u00a0\u00a0 <\/strong><\/span><\/p>\n<p class=\"yiv504025277msonormal\" style=\"margin: 0cm 0cm 0pt; line-height: 200%; text-align: justify;\"><span style=\"font-size: 11pt; line-height: 200%; font-family: 'Verdana','sans-serif';\">De?erli Basyn emek\u00e7ileri;<\/span><\/p>\n<p><span style=\"font-size: 11pt; line-height: 200%; font-family: 'Verdana','sans-serif';\">\u00a0\u00a0\u00a0 <\/span><span style=\"font-size: 11pt; line-height: 200%; font-family: 'Verdana','sans-serif';\"><br \/>\n<\/span><\/p>\n<p style=\"margin: 0cm 0cm 0pt; line-height: 200%; text-align: justify;\">\n<p><img decoding=\"async\" loading=\"lazy\" alt=\" \" src=\"https:\/\/www.baraka.cc\/images\/stories\/28Ocak2011_basintop.JPG\" width=\"200\" height=\"150\" align=\"left\" border=\"2\" \/><\/p>\n<p>Lefko?a 28 Ocak 2011\u2019de tarihi g\u00fcnlerinden birini daha ya?ady. Onbinlerce insan hisarlaryn i\u00e7ine Yn\u00f6n\u00fc Meydany\u2019na sy?mady. \u00d6rg\u00fctler ve kitleler kendi sloganlary\u00a0 ve pankartlary ile, \u00f6rg\u00fctlerine ve ki?iliklerine \u00f6zg\u00fc duru?lary ile, tren yolundan, BATIRILAN eski Peyak \u00f6n\u00fcnden ba?layarak a?yr adymlarla Yn\u00f6n\u00fc Meydany\u2019na aktylar. Ne yazyk ki i\u00e7inde bir\u00e7ok rengi ve d\u00fc?\u00fcnceyi baryndyran insanymyzdan yalnyzca bu protestolaryn muhataby yapylar ve ki?iler de?il platforumun i\u00e7inde yer alan Kamu-Sen sendikasynyn ba?kany \u00a0da b\u00fcy\u00fck rahatsyzlyk\u00a0 duymu?tur. Ylgili ki?i miting \u00f6ncesinde farkly fikirlerdeki \u00f6rg\u00fct ve ki?ileri kar?y kar?yya getirme tehlikesini bile bile kendi a\u00e7yklamalary ile yalan haber yayarak Sendikal Platform\u2019un pankart ve slogan kysytlamasy yapty?yny s\u00fcrekli dellal etmi?tir. Buna ek olarak birka\u00e7 gazetedeki sayysy bir elin parmaklaryny ge\u00e7meyecek satylyk birka\u00e7 kalem aracyly?y ile bu manip\u00fclasyon devam etmi?tir. Bu man\u00fcplatif haberleri \u00e7ykty?y her programda yaymaya \u00e7aly?an ve ba?ka sendika ve \u00f6rg\u00fctlere saygysyny kaybeden Kamu \u2013Sen\u2019in ba?kany, yaptyklary yetmezmi? gibi miting sabahy da bir bildiri yayynlayarak yapty?y man\u00fcplasyonu devam ettirmi? mitinge gelecek kitleyi provoke etmeye \u00e7aly?my?tyr. Kybrys T\u00fcrk \u00d6?retmenler Sendikasy\u2019nyn iki kez yapty?y basyn a\u00e7yklamasyny da, k\u00fcrs\u00fcden KTOE\u00d6S Genel Sekreteri Emin \u00d6zkalp\u2019in her pankart ilgili \u00f6rg\u00fct\u00fc ba?lar konu?masyny da dikkate almayan ilgili ki?i provakasyonlaryna miting alanynda da devam etmi? ve k\u00fcrs\u00fcden kitlenin i\u00e7indeki pankartlara m\u00fcdahale etme hakky oldu?unu zannederek el kol hareketleri ve telsiz talimatlary ile pankartlary indirtebilece?ini zannetmi?tir. \u00a0Talimat alan bir grup FA?YST ve demokrasiden nasibini almamy? gen\u00e7 t\u00fcm mitingi provoke etmeyi g\u00f6ze alarak, Baraka aktivistlerinin ta?ymy? oldu?u pankarta saldyrmy?lardyr. \u00a0Bu ki?iler pankartymyzy yyrtarak almy? ve \u00e7\u00f6pe atmy?tyr. Bizlerse pankartymyzy fa?izmin eline byrakmadan geri alyp, pankartymyzda yazan \u201cAnkara Elini Yakamyzdan \u00c7ek\u201d sloganyny t\u00fcm kitleyle birlikte atmaya devam ettik.<\/p>\n<p>&nbsp;<\/p>\n<p><span style=\"font-size: 11pt; line-height: 200%; font-family: 'Verdana','sans-serif';\">\u00a0\u00a0\u00a0\u00a0\u00a0\u00a0\u00a0\u00a0\u00a0\u00a0\u00a0\u00a0\u00a0\u00a0\u00a0\u00a0\u00a0\u00a0\u00a0\u00a0\u00a0\u00a0 <\/span><\/p>\n<p><img decoding=\"async\" loading=\"lazy\" alt=\" \" src=\"https:\/\/www.baraka.cc\/images\/stories\/28Ocak2011_2.jpg\" width=\"200\" height=\"133\" align=\"left\" border=\"2\" \/><\/p>\n<p class=\"yiv504025277msonormal\" style=\"margin: 0cm 0cm 0pt; line-height: 200%; text-align: justify;\">De?erli Basyn emek\u00e7ileri; Kamu-Sen ba?kany sonrasynda Sendikal Platform\u2019un davet etti?i Baraka m\u00fczik toplulu?u \u201cSol Anahtary\u201dnyn konsere \u00e7ykmasyny da engellemeye \u00e7aly?my?tyr. Bu da yetmezmi? gibi miting sonrasy basyna i\u00e7inde do?ru hi\u00e7bir c\u00fcmle olmayan bir basyn a\u00e7yklamasy ge\u00e7mi?tir. Kamu-Sen\u2019in Mehmet \u00d6zkarda? isimli ba?kany bir sendika ba?kany olabilecek yeterlili?e sahip olmady?yny yapty?y a\u00e7yklama ve hareketlerle ortaya koymu?tur. Ancak Kybrysly T\u00fcrkler Kamu-Sen\u2019in ba?kanynyn t\u00fcm provakasyon giri?imlerine ra?men hem alany farkly farkly slogan ve pankartlarla doldurmu? hem de Mehmet \u00d6zkarda?\u2019yn provakasyonuna gelen k\u00fc\u00e7\u00fck bir grup dy?ynda kimsenin pankarty ve duru?una kar?y ky?kyrtycy hareketler i\u00e7ine girmemi?tir. Di?er taraftan bug\u00fcn bir\u00e7ok basyn yayyn organynda yer aldy?y gibi mavi zemine yazyly \u201cKurtaryldyk my? Has&#8230;tir\u201d pankarty Baraka K\u00fclt\u00fcr Merkezi\u2019ne ait de?ildir. Bu pankartyn; foto?raflarda da g\u00f6r\u00fclece?i gibi altynda ba?ka bir \u00f6rg\u00fct\u00fcn imzasy vardyr. Baraka K\u00fclt\u00fcr Merkezi alana kyrmyzy zemine \u201cAnkara Elini Yakamyzdan \u00c7ek\u201d yazyly pankarty ile girmi? \u00fcstelik de altyna imzasyny atmy?tyr.<\/p>\n<p>&nbsp;<\/p>\n<p><span style=\"font-size: 11pt; line-height: 200%; font-family: 'Verdana','sans-serif';\">\u00a0\u00a0\u00a0\u00a0\u00a0\u00a0\u00a0\u00a0\u00a0\u00a0\u00a0\u00a0\u00a0\u00a0\u00a0\u00a0\u00a0\u00a0\u00a0\u00a0\u00a0\u00a0\u00a0\u00a0 <\/span><\/p>\n<p class=\"yiv504025277msonormal\" style=\"margin: 0cm 0cm 0pt; line-height: 200%; text-align: justify;\"><span style=\"font-size: 11pt; line-height: 200%; font-family: 'Verdana','sans-serif';\">1986\u2019dan beri ekonomik paketlerle Kybrys\u2019yn kuzeyini \u00fcretimden koparan, memurla?tyran, kimliksizle?tiren, T\u00fcrkiye\u2019ye ba?ymly bir ekonomi yaratan T\u00fcrkiye\u2019nin gelmi? ge\u00e7mi? t\u00fcm h\u00fck\u00fcmetleri ve politikalarydyr. Kybrysly T\u00fcrkler de yyllar i\u00e7inde bu yapyyy g\u00f6rm\u00fc?, son AKP h\u00fck\u00fcmetinin a?a?ylamalaryny ya?amy? onurlu bir halktyr. Halkymyzyn Ankara\u2019ya kar?y slogan atmasy ve pankart ta?ymasy da bu ya?ananlaryn en do?al sonucudur. Bunu UBP h\u00fck\u00fcmeti de Demokrat Parti de, Kamu-Sen\u2019nin ba?kany da b\u00f6yle kabul etmek zorundadyr.<\/span><\/p>\n<p><span style=\"font-size: 11pt; line-height: 200%; font-family: 'Verdana','sans-serif';\">\u00a0\u00a0\u00a0\u00a0\u00a0\u00a0\u00a0\u00a0\u00a0\u00a0\u00a0\u00a0\u00a0\u00a0\u00a0\u00a0\u00a0\u00a0\u00a0\u00a0\u00a0\u00a0\u00a0\u00a0\u00a0\u00a0 <\/span><span style=\"font-size: 11pt; line-height: 200%; font-family: 'Verdana','sans-serif';\">\u00a0<\/span><\/p>\n<p class=\"yiv504025277msonormal\" style=\"margin: 0cm 0cm 0pt; line-height: 200%; text-align: justify;\"><span style=\"font-size: 11pt; line-height: 200%; font-family: 'Verdana','sans-serif';\">Baraka K\u00fclt\u00fcr Merkezi Aktivisti<\/span><\/p>\n<p><span style=\"font-size: 11pt; line-height: 200%; font-family: 'Verdana','sans-serif';\">\u00a0\u00a0\u00a0\u00a0\u00a0\u00a0\u00a0\u00a0\u00a0\u00a0\u00a0\u00a0\u00a0\u00a0\u00a0\u00a0 <\/span><\/p>\n<p class=\"yiv504025277msonormal\" style=\"margin: 0cm 0cm 0pt; line-height: 200%; text-align: justify;\"><span style=\"font-size: 11pt; line-height: 200%; font-family: 'Verdana','sans-serif';\">Tahsin Oygar<\/span><\/p>\n<p><span style=\"font-size: 11pt; line-height: 200%; font-family: 'Verdana','sans-serif';\">\u00a0\u00a0\u00a0\u00a0\u00a0\u00a0\u00a0\u00a0\u00a0\u00a0\u00a0\u00a0\u00a0\u00a0\u00a0\u00a0\u00a0\u00a0\u00a0\u00a0\u00a0 <\/span><span style=\"font-family: 'Verdana','sans-serif';\"><span style=\"font-size: medium;\">\u00a0<\/span><\/span><\/p>\n","protected":false},"excerpt":{"rendered":"<p>\u00a0\u00a0\u00a0 De?erli Basyn emek\u00e7ileri; \u00a0\u00a0\u00a0 Lefko?a 28 Ocak 2011\u2019de tarihi g\u00fcnlerinden birini daha ya?ady. Onbinlerce insan hisarlaryn i\u00e7ine Yn\u00f6n\u00fc Meydany\u2019na sy?mady. \u00d6rg\u00fctler ve kitleler kendi<\/p>\n","protected":false},"author":1,"featured_media":0,"comment_status":"open","ping_status":"open","sticky":false,"template":"","format":"standard","meta":{"jetpack_post_was_ever_published":false,"_jetpack_newsletter_access":"","_jetpack_newsletter_tier_id":0,"jetpack_publicize_message":"","jetpack_is_tweetstorm":false,"jetpack_publicize_feature_enabled":true,"jetpack_social_post_already_shared":false,"jetpack_social_options":{"image_generator_settings":{"template":"highway","enabled":false}}},"categories":[41],"tags":[],"jetpack_publicize_connections":[],"jetpack_featured_media_url":"","jetpack_shortlink":"https:\/\/wp.me\/p4eHWX-vg","jetpack_sharing_enabled":true,"_links":{"self":[{"href":"https:\/\/baraka.cc\/index.php?rest_route=\/wp\/v2\/posts\/1938"}],"collection":[{"href":"https:\/\/baraka.cc\/index.php?rest_route=\/wp\/v2\/posts"}],"about":[{"href":"https:\/\/baraka.cc\/index.php?rest_route=\/wp\/v2\/types\/post"}],"author":[{"embeddable":true,"href":"https:\/\/baraka.cc\/index.php?rest_route=\/wp\/v2\/users\/1"}],"replies":[{"embeddable":true,"href":"https:\/\/baraka.cc\/index.php?rest_route=%2Fwp%2Fv2%2Fcomments&post=1938"}],"version-history":[{"count":0,"href":"https:\/\/baraka.cc\/index.php?rest_route=\/wp\/v2\/posts\/1938\/revisions"}],"wp:attachment":[{"href":"https:\/\/baraka.cc\/index.php?rest_route=%2Fwp%2Fv2%2Fmedia&parent=1938"}],"wp:term":[{"taxonomy":"category","embeddable":true,"href":"https:\/\/baraka.cc\/index.php?rest_route=%2Fwp%2Fv2%2Fcategories&post=1938"},{"taxonomy":"post_tag","embeddable":true,"href":"https:\/\/baraka.cc\/index.php?rest_route=%2Fwp%2Fv2%2Ftags&post=1938"}],"curies":[{"name":"wp","href":"https:\/\/api.w.org\/{rel}","templated":true}]}}