{"id":1939,"date":"2011-01-12T12:27:39","date_gmt":"2011-01-12T10:27:39","guid":{"rendered":"https:\/\/baraka.cc\/?p=1939"},"modified":"2014-01-08T12:27:57","modified_gmt":"2014-01-08T10:27:57","slug":"tc-uzantysy-devletin-synyr-dyy-kararyny-kynyyoruz","status":"publish","type":"post","link":"https:\/\/baraka.cc\/?p=1939","title":{"rendered":"TC Uzantysy Devletin Synyr Dy?y Kararyny Kynyyoruz"},"content":{"rendered":"<p class=\"MsoNoSpacing\" style=\"margin: 0cm 0cm 0pt; line-height: 200%; text-align: justify;\">\n<p><strong><span style=\"font-family: 'Verdana','sans-serif';\"><span style=\"font-size: medium;\">\u00a0\u00a0\u00a0\u00a0\u00a0\u00a0\u00a0\u00a0\u00a0\u00a0\u00a0\u00a0\u00a0\u00a0\u00a0\u00a0\u00a0\u00a0\u00a0\u00a0\u00a0\u00a0\u00a0\u00a0 <\/span><\/span><\/strong><strong><span style=\"font-family: 'Verdana','sans-serif';\"><span style=\"font-size: medium;\"><span>\u00a0\u00a0 <\/span><\/span><\/span><\/strong><\/p>\n<p class=\"MsoNoSpacing\" style=\"margin: 0cm 0cm 0pt; line-height: 200%; text-align: justify;\"><span style=\"font-family: 'Verdana','sans-serif';\"><span style=\"font-size: medium;\">\u201cNecmettin \u00c7apa\u2019nyn Synyr Dy?y Edilmesi\u201d \u00fclkemizdeki bir ger\u00e7e?i daha g\u00f6zler \u00f6n\u00fcne sermi?tir. Egemenlerin Ortado?u\u2019da tam hakimiyet kurma planlary \u00e7er\u00e7evesinde Kybrys\u2019yn kuzeyini NATO \u00fcyesi T\u00fcrkiye\u2019ye karakol kurmasy ve Anglo-Amerikan sermayesini maksimize etmesi i\u00e7in pe?ke? \u00e7ektikleri tarih olan 1974\u2019den bug\u00fcne tam 36 yyl ge\u00e7mi?tir. Bu 36 yylda T\u00fcrkiye\u2019nin ABD y\u00f6netimindeki yapysy \u00e7e?itli y\u00f6ntemler kullanarak asker-sivil b\u00fcrokrasisi ile Kybrys\u2019yn kuzeyinde kendilerine ba?ymly h\u00fck\u00fcmetler olu?turmu?tur. <\/span><\/span><\/p>\n<p><span style=\"font-family: 'Verdana','sans-serif';\"><span style=\"font-size: medium;\">\u00a0\u00a0\u00a0\u00a0\u00a0\u00a0\u00a0\u00a0\u00a0\u00a0\u00a0\u00a0\u00a0\u00a0\u00a0\u00a0\u00a0\u00a0\u00a0\u00a0\u00a0\u00a0\u00a0\u00a0\u00a0\u00a0\u00a0\u00a0 <\/span><\/span><span style=\"font-family: 'Verdana','sans-serif';\"><span style=\"font-size: medium;\"><span>\u00a0\u00a0\u00a0 <\/span><\/span><\/span><\/p>\n<p class=\"MsoNoSpacing\" style=\"margin: 0cm 0cm 0pt; line-height: 200%; text-align: justify;\"><span style=\"font-family: 'Verdana','sans-serif';\"><span style=\"font-size: medium;\">Her d\u00f6nemde de bu h\u00fck\u00fcmetler ile TC El\u00e7ili?i ve TC\u2019nin asker-sivil y\u00f6neticileri T\u00fcrkiye\u2019den daha iyi bir hayat kurma umuduyla kuzeye yerle?en T\u00fcrkiye k\u00f6kenli insanlary her t\u00fcrl\u00fc y\u00f6ntemle kontrol etmenin ve olu?turulan ganimet rejimini ayakta tutmanyn yollaryny aramaktadyr. Bu sebeple de Kybrys\u2019a gelip yerle?en g\u00f6\u00e7menler i\u00e7in belirli bir yasal mevzuat yaratmadyklary gibi mevcut yasalary da ki?iden ki?iye de?i?tirerek uygulamaktadyrlar. <\/span><\/span><\/p>\n<p><span style=\"font-family: 'Verdana','sans-serif';\"><span style=\"font-size: medium;\">\u00a0\u00a0\u00a0\u00a0\u00a0\u00a0\u00a0\u00a0\u00a0\u00a0\u00a0\u00a0\u00a0\u00a0\u00a0\u00a0\u00a0\u00a0\u00a0\u00a0\u00a0\u00a0\u00a0\u00a0\u00a0\u00a0\u00a0\u00a0\u00a0\u00a0\u00a0\u00a0\u00a0\u00a0 <\/span><\/span><span style=\"font-family: 'Verdana','sans-serif';\"><span style=\"font-size: medium;\"><span>\u00a0\u00a0\u00a0 <\/span><\/span><\/span><\/p>\n<p class=\"MsoNoSpacing\" style=\"margin: 0cm 0cm 0pt; line-height: 200%; text-align: justify;\"><span style=\"font-family: 'Verdana','sans-serif';\"><span style=\"font-size: medium;\">TC uzantysy devlet ve y\u00f6neticileri, \u00e7eyrek asyrdyr bu topraklara emek vermi? g\u00f6\u00e7menler i\u00e7in yasal bir d\u00fczenleme yapmamakta, siyasi ve ekonomik durumuna g\u00f6re insanlary synyflandyrarak TC El\u00e7ili?inin<span>\u00a0 <\/span>emri ve ricasyyla birka\u00e7 yyldyr Kybrys\u2019ta ikamet edenlere ise vatanda?lyk vermektedir. \u00c7aly?ma ya?amynyn d\u00fczenlenmemesi ve \u00fclkemize giri? \u00e7yky?laryn kontrol altyna alynmamasy da egemenlerin \u00e7ykaryna bir sistem olu?turmaktadyr. Patronlar \u00e7ok d\u00fc?\u00fck \u00fccretlere emek s\u00f6m\u00fcr\u00fcs\u00fc ile daha \u00e7ok kar etmenin yolunu bulmu?tur. G\u00f6\u00e7menler \u00fczerinde de Demokles\u2019in kylycy gibi sallanan synyr dy?y edilme korkusu veya vatanda?lyk hakky kazanma ihtimali emek m\u00fccadelesinin de bu kitle i\u00e7inde yayylmasyny engellemektedir. Son ya?anan olayda da g\u00f6r\u00fclece?i gibi \u00fclkemizde y\u00fczbinlerce ka\u00e7ak barynan g\u00f6\u00e7men varken muhalif ve demokrat kimli?i ile bu \u00fclkede ge\u00e7im m\u00fccadelesi vermeye \u00e7aly?an, 1991 yylyndan beri bu topraklarda emek veren, basyn emek\u00e7isi Necmettin \u00c7apa gibi g\u00f6\u00e7menlere egemenler tahamm\u00fcl g\u00f6stermemektedir. Kybrys\u2019taki TC asker-sivil b\u00fcrokrasisinin istedi?i T\u00fcrkiye\u2019den buraya gelip yerle?en insanlaryn u\u00e7 akyncy beyli?i gibi davranarak T\u00fcrk milliyet\u00e7ili?i yapmasy ve se\u00e7im zamanlary i?aret edilen i?birlik\u00e7i partilerin arkalaryndan ko?malarydyr. Bunu yapmayan Necmettin \u00c7apa arkada?ymyz ise tamamen siyasi bir kararla ve \u00e7aly?ma izninin doldu?u gerek\u00e7esi kullanylarak apar topar ailesi ile birlikte synyr dy?y edilmi?tir.<\/span><\/span><\/p>\n<p><span style=\"font-family: 'Verdana','sans-serif';\"><span style=\"font-size: medium;\">\u00a0\u00a0\u00a0\u00a0\u00a0\u00a0\u00a0\u00a0\u00a0\u00a0\u00a0\u00a0\u00a0\u00a0\u00a0\u00a0\u00a0\u00a0\u00a0\u00a0\u00a0\u00a0\u00a0\u00a0\u00a0\u00a0 <\/span><\/span><span style=\"font-family: 'Verdana','sans-serif';\"><span style=\"font-size: medium;\">\u00a0<\/span><\/span><\/p>\n<p class=\"MsoNoSpacing\" style=\"margin: 0cm 0cm 0pt; line-height: 200%; text-align: justify;\"><span style=\"font-family: 'Verdana','sans-serif';\"><span style=\"font-size: medium;\">Sendikala?ma ve d\u00fczenli, sistemli ve insanca bir \u00e7aly?ma hayaty kurulmasy ve Kybrysly T\u00fcrkler ve g\u00f6\u00e7menler arasynda bir uyumun yakalanmasy \u00f6n\u00fcm\u00fczdeki s\u00fcre\u00e7te verilecek emek m\u00fccadelesinin kazanymlary ile ?ekillenebilecektir. G\u00f6\u00e7menlerin ve ikinci nesil Kybrysly g\u00f6\u00e7menlerin de vatanda? olsun olmasyn emek m\u00fccadelesinin i\u00e7inde yer almasy verilen emek kavgasynda hayati \u00f6nem ta?ymaktadyr. Necmettin \u00c7apa\u2019nyn synyr dy?y edilmesini protesto eder, m\u00fccadelemizin g\u00f6\u00e7men olsun Kybrysly T\u00fcrk olsun t\u00fcm adanyn \u00f6zg\u00fcrle?tirilmesi m\u00fccadelesi oldu?unu t\u00fcm kamuoyuna duyururuz.<\/span><\/span><\/p>\n<p><span style=\"font-family: 'Verdana','sans-serif';\"><span style=\"font-size: medium;\">\u00a0\u00a0\u00a0\u00a0\u00a0\u00a0\u00a0\u00a0\u00a0\u00a0\u00a0\u00a0\u00a0\u00a0\u00a0\u00a0\u00a0\u00a0\u00a0\u00a0\u00a0\u00a0\u00a0\u00a0\u00a0\u00a0\u00a0\u00a0\u00a0 <\/span><\/span><span style=\"font-family: 'Verdana','sans-serif';\"><span style=\"font-size: medium;\">\u00a0<\/span><\/span><\/p>\n<p class=\"MsoNoSpacing\" style=\"margin: 0cm 0cm 0pt; line-height: 200%; text-align: justify;\"><span style=\"font-family: 'Verdana','sans-serif';\"><span style=\"font-size: medium;\">Baraka K\u00fclt\u00fcr Merkezi (a)<\/span><\/span><\/p>\n<p><span style=\"font-family: 'Verdana','sans-serif';\"><span style=\"font-size: medium;\">\u00a0\u00a0\u00a0\u00a0\u00a0\u00a0\u00a0\u00a0\u00a0\u00a0\u00a0\u00a0\u00a0\u00a0\u00a0\u00a0\u00a0\u00a0 <\/span><\/span><span style=\"font-family: 'Verdana','sans-serif';\"><span style=\"font-size: medium;\">\u00a0<\/span><\/span><\/p>\n<p class=\"MsoNoSpacing\" style=\"margin: 0cm 0cm 0pt; line-height: 200%; text-align: justify;\"><span style=\"font-family: 'Verdana','sans-serif';\"><span style=\"font-size: medium;\">Besim Baysal<\/span><\/span><\/p>\n<p><span style=\"font-family: 'Verdana','sans-serif';\"><span style=\"font-size: medium;\">\u00a0\u00a0\u00a0\u00a0\u00a0\u00a0\u00a0\u00a0\u00a0\u00a0\u00a0\u00a0\u00a0\u00a0\u00a0\u00a0\u00a0\u00a0\u00a0\u00a0\u00a0\u00a0\u00a0\u00a0\u00a0\u00a0 <\/span><\/span><\/p>\n","protected":false},"excerpt":{"rendered":"<p>\u00a0\u00a0\u00a0\u00a0\u00a0\u00a0\u00a0\u00a0\u00a0\u00a0\u00a0\u00a0\u00a0\u00a0\u00a0\u00a0\u00a0\u00a0\u00a0\u00a0\u00a0\u00a0\u00a0\u00a0 \u00a0\u00a0 \u201cNecmettin \u00c7apa\u2019nyn Synyr Dy?y Edilmesi\u201d \u00fclkemizdeki bir ger\u00e7e?i daha g\u00f6zler \u00f6n\u00fcne sermi?tir. Egemenlerin Ortado?u\u2019da tam hakimiyet kurma planlary \u00e7er\u00e7evesinde Kybrys\u2019yn kuzeyini NATO \u00fcyesi<\/p>\n","protected":false},"author":1,"featured_media":0,"comment_status":"open","ping_status":"open","sticky":false,"template":"","format":"standard","meta":{"jetpack_post_was_ever_published":false,"_jetpack_newsletter_access":"","_jetpack_newsletter_tier_id":0,"jetpack_publicize_message":"","jetpack_is_tweetstorm":false,"jetpack_publicize_feature_enabled":true,"jetpack_social_post_already_shared":false,"jetpack_social_options":{"image_generator_settings":{"template":"highway","enabled":false}}},"categories":[41],"tags":[],"jetpack_publicize_connections":[],"jetpack_featured_media_url":"","jetpack_shortlink":"https:\/\/wp.me\/p4eHWX-vh","jetpack_sharing_enabled":true,"_links":{"self":[{"href":"https:\/\/baraka.cc\/index.php?rest_route=\/wp\/v2\/posts\/1939"}],"collection":[{"href":"https:\/\/baraka.cc\/index.php?rest_route=\/wp\/v2\/posts"}],"about":[{"href":"https:\/\/baraka.cc\/index.php?rest_route=\/wp\/v2\/types\/post"}],"author":[{"embeddable":true,"href":"https:\/\/baraka.cc\/index.php?rest_route=\/wp\/v2\/users\/1"}],"replies":[{"embeddable":true,"href":"https:\/\/baraka.cc\/index.php?rest_route=%2Fwp%2Fv2%2Fcomments&post=1939"}],"version-history":[{"count":0,"href":"https:\/\/baraka.cc\/index.php?rest_route=\/wp\/v2\/posts\/1939\/revisions"}],"wp:attachment":[{"href":"https:\/\/baraka.cc\/index.php?rest_route=%2Fwp%2Fv2%2Fmedia&parent=1939"}],"wp:term":[{"taxonomy":"category","embeddable":true,"href":"https:\/\/baraka.cc\/index.php?rest_route=%2Fwp%2Fv2%2Fcategories&post=1939"},{"taxonomy":"post_tag","embeddable":true,"href":"https:\/\/baraka.cc\/index.php?rest_route=%2Fwp%2Fv2%2Ftags&post=1939"}],"curies":[{"name":"wp","href":"https:\/\/api.w.org\/{rel}","templated":true}]}}