{"id":1940,"date":"2010-10-07T12:28:01","date_gmt":"2010-10-07T10:28:01","guid":{"rendered":"https:\/\/baraka.cc\/?p=1940"},"modified":"2014-01-08T12:28:46","modified_gmt":"2014-01-08T10:28:46","slug":"trafyk-kazalari-kader-deyl-yhmaldyr","status":"publish","type":"post","link":"https:\/\/baraka.cc\/?p=1940","title":{"rendered":"TRAFYK KAZALARI KADER DE?YL YHMALDYR"},"content":{"rendered":"<p><strong><span style=\"line-height: 200%; font-family: 'Verdana','sans-serif'; font-size: 11pt;\">\u00a0\u00a0\u00a0\u00a0\u00a0\u00a0\u00a0\u00a0\u00a0\u00a0\u00a0\u00a0\u00a0\u00a0\u00a0\u00a0\u00a0\u00a0\u00a0\u00a0\u00a0\u00a0\u00a0\u00a0\u00a0\u00a0\u00a0\u00a0\u00a0\u00a0\u00a0\u00a0\u00a0\u00a0\u00a0 <\/span><\/strong><\/p>\n<p class=\"MsoNormal\" style=\"text-align: justify; line-height: 200%; margin: 0cm 0cm 0pt;\"><span style=\"line-height: 200%; font-family: 'Verdana','sans-serif'; font-size: 11pt;\">Onlarca gencin canyny yakan, aileleri s\u00f6nd\u00fcren trafik kazalary, \u00fclkemizin en \u00f6nemli sorunlaryndan biri haline geldi. Neredeyse her g\u00fcn gazetelerde \u00f6l\u00fcml\u00fc trafik kazalary okur olduk. Buna ra?men Ula?tyrma Bakanly?y veya<span>\u00a0 <\/span>ilgili hi\u00e7bir devlet kurumu sorumluluk \u00fcstlenmemekte, sorunlaryn \u00e7\u00f6z\u00fcm\u00fc i\u00e7in projeler geli?tirmemektedir. Ysyan noktasyna gelen gen\u00e7lerin, kaybettikleri arkada?lary Selin i\u00e7in d\u00fczenledikleri eyleme Baraka K\u00fclt\u00fcr Merkezi olarak destek veriyoruz.<\/span><\/p>\n<p><span style=\"line-height: 200%; font-family: 'Verdana','sans-serif'; font-size: 11pt;\">\u00a0\u00a0\u00a0\u00a0\u00a0\u00a0\u00a0\u00a0\u00a0\u00a0\u00a0\u00a0\u00a0\u00a0\u00a0\u00a0\u00a0\u00a0\u00a0\u00a0\u00a0\u00a0\u00a0\u00a0\u00a0\u00a0\u00a0\u00a0\u00a0\u00a0\u00a0\u00a0\u00a0 \u00a0<\/span><span style=\"line-height: 200%; font-family: 'Verdana','sans-serif'; font-size: 11pt;\">\u00a0<\/span><\/p>\n<p class=\"MsoNormal\" style=\"text-align: justify; line-height: 200%; margin: 0cm 0cm 0pt;\"><span style=\"line-height: 200%; font-family: 'Verdana','sans-serif'; font-size: 11pt;\">Trafik kazalary kader de?il ihmaldir. G\u00f6revini yapmayan h\u00fck\u00fcmetler, ihmal ile \u00f6l\u00fcmlere sebebiyet vermektedir. Toplu ta?ymanyn te?vik edilmedi?i, herkesin arabalara mahkum edildi?i \u00fclkemizde, yollar da g\u00fcvenli yapylmamakta ve t\u00fcm bunlar trafik kazalaryna davetiye \u00e7ykarmaktadyr. \u00dcst\u00fcne \u00fcstl\u00fck devletin korumasy altynda olmasy gereken gen\u00e7ler, kendilerini ifade edebilecekleri, yaratycylyklaryny geli?tirebilecekleri bir ortam bulamady?yndan hyz ve t\u00fcketim k\u00fclt\u00fcr\u00fcn\u00fcn kuca?yna itilmektedir. Yol ihalelerinin TC frimalaryna verilmesi ve gereken denetimlerin yapylmamasy sebebiyle pek \u00e7ok yolun ve kav?a?yn e?imi trafik aky?yna g\u00f6re ters yapylmy?tyr. Yeni yol yapmayy uygarlyk \u00f6l\u00e7\u00fcs\u00fc sanan h\u00fck\u00fcmetler, alt yapysy tamamlanyp g\u00fcvenli?i sa?lanmadan yollary trafi?e a\u00e7makta ve cinayetlere yataklyk etmektedir. S\u00fcrate \u00e7are olaca?y iddiasyyla yollara yerle?tirilen kameralar ve cezalaryn artyrylmasy da sorunu \u00e7\u00f6zmekten uzak, sy? bir yakla?ym olarak kalmy?tyr. Trafik sorunlarynyn ger\u00e7ek sebepleri ortaya konup k\u00f6kl\u00fc \u00e7\u00f6z\u00fcmler bulunmadyk\u00e7a kazalar devam edecek, ne yazyk ki daha \u00e7ok gencimiz hayatyny kaybedebilecektir.<\/span><\/p>\n<p><span style=\"line-height: 200%; font-family: 'Verdana','sans-serif'; font-size: 11pt;\">\u00a0\u00a0\u00a0\u00a0\u00a0\u00a0\u00a0\u00a0\u00a0\u00a0\u00a0\u00a0\u00a0\u00a0\u00a0\u00a0\u00a0\u00a0\u00a0\u00a0\u00a0\u00a0\u00a0\u00a0\u00a0\u00a0\u00a0 \u00a0<\/span><span style=\"line-height: 200%; font-family: 'Verdana','sans-serif'; font-size: 11pt;\">\u00a0<\/span><\/p>\n<p class=\"MsoNormal\" style=\"text-align: justify; line-height: 200%; margin: 0cm 0cm 0pt;\"><span style=\"line-height: 200%; font-family: 'Verdana','sans-serif'; font-size: 11pt;\">H\u00fck\u00fcmeti ve yerel y\u00f6netimleri, derhal sorumluluk \u00fcstlenmeye, toplu ta?ymacyly?y geli?tirip \u00f6zendirmeye, yol g\u00fcvenli?ini sa?layacak \u00f6nlemleri almaya ve gereken \u00e7\u00f6z\u00fcmleri bulmaya \u00e7a?yryryz. <\/span><\/p>\n<p><span style=\"line-height: 200%; font-family: 'Verdana','sans-serif'; font-size: 11pt;\">\u00a0\u00a0\u00a0\u00a0\u00a0\u00a0\u00a0\u00a0\u00a0\u00a0\u00a0\u00a0\u00a0\u00a0\u00a0\u00a0\u00a0 <\/span><span style=\"line-height: 200%; font-family: 'Verdana','sans-serif'; font-size: 11pt;\">\u00a0<\/span><\/p>\n","protected":false},"excerpt":{"rendered":"<p>\u00a0\u00a0\u00a0\u00a0\u00a0\u00a0\u00a0\u00a0\u00a0\u00a0\u00a0\u00a0\u00a0\u00a0\u00a0\u00a0\u00a0\u00a0\u00a0\u00a0\u00a0\u00a0\u00a0\u00a0\u00a0\u00a0\u00a0\u00a0\u00a0\u00a0\u00a0\u00a0\u00a0\u00a0\u00a0 Onlarca gencin canyny yakan, aileleri s\u00f6nd\u00fcren trafik kazalary, \u00fclkemizin en \u00f6nemli sorunlaryndan biri haline geldi. Neredeyse her g\u00fcn gazetelerde \u00f6l\u00fcml\u00fc trafik kazalary okur olduk.<\/p>\n","protected":false},"author":1,"featured_media":0,"comment_status":"open","ping_status":"open","sticky":false,"template":"","format":"standard","meta":{"jetpack_post_was_ever_published":false,"_jetpack_newsletter_access":"","_jetpack_newsletter_tier_id":0,"jetpack_publicize_message":"","jetpack_is_tweetstorm":false,"jetpack_publicize_feature_enabled":true,"jetpack_social_post_already_shared":false,"jetpack_social_options":{"image_generator_settings":{"template":"highway","enabled":false}}},"categories":[41],"tags":[],"jetpack_publicize_connections":[],"jetpack_featured_media_url":"","jetpack_shortlink":"https:\/\/wp.me\/p4eHWX-vi","jetpack_sharing_enabled":true,"_links":{"self":[{"href":"https:\/\/baraka.cc\/index.php?rest_route=\/wp\/v2\/posts\/1940"}],"collection":[{"href":"https:\/\/baraka.cc\/index.php?rest_route=\/wp\/v2\/posts"}],"about":[{"href":"https:\/\/baraka.cc\/index.php?rest_route=\/wp\/v2\/types\/post"}],"author":[{"embeddable":true,"href":"https:\/\/baraka.cc\/index.php?rest_route=\/wp\/v2\/users\/1"}],"replies":[{"embeddable":true,"href":"https:\/\/baraka.cc\/index.php?rest_route=%2Fwp%2Fv2%2Fcomments&post=1940"}],"version-history":[{"count":2,"href":"https:\/\/baraka.cc\/index.php?rest_route=\/wp\/v2\/posts\/1940\/revisions"}],"predecessor-version":[{"id":1942,"href":"https:\/\/baraka.cc\/index.php?rest_route=\/wp\/v2\/posts\/1940\/revisions\/1942"}],"wp:attachment":[{"href":"https:\/\/baraka.cc\/index.php?rest_route=%2Fwp%2Fv2%2Fmedia&parent=1940"}],"wp:term":[{"taxonomy":"category","embeddable":true,"href":"https:\/\/baraka.cc\/index.php?rest_route=%2Fwp%2Fv2%2Fcategories&post=1940"},{"taxonomy":"post_tag","embeddable":true,"href":"https:\/\/baraka.cc\/index.php?rest_route=%2Fwp%2Fv2%2Ftags&post=1940"}],"curies":[{"name":"wp","href":"https:\/\/api.w.org\/{rel}","templated":true}]}}