{"id":1954,"date":"2006-04-02T12:34:32","date_gmt":"2006-04-02T10:34:32","guid":{"rendered":"https:\/\/baraka.cc\/?p=1954"},"modified":"2014-01-08T12:35:13","modified_gmt":"2014-01-08T10:35:13","slug":"baraka-kumsal-parkyny-korumak-boynumuzun-borcudur","status":"publish","type":"post","link":"https:\/\/baraka.cc\/?p=1954","title":{"rendered":"Baraka: Kumsal Parky\u2019ny Korumak Boynumuzun Borcudur!"},"content":{"rendered":"<p class=\"MsoNormal\" style=\"margin: 0cm 0cm 0pt; line-height: 150%; text-align: center;\" align=\"center\">\n<p><strong><span style=\"font-size: 10pt; line-height: 150%; font-family: Verdana;\">\u00a0\u00a0\u00a0 <\/span><\/strong><span style=\"font-size: 10pt; line-height: 150%; font-family: Verdana;\">\u00a0<\/span><\/p>\n<p class=\"MsoNormal\" style=\"margin: 0cm 0cm 0pt; line-height: 150%; text-align: justify;\"><span style=\"font-size: 10pt; line-height: 150%; font-family: Verdana;\">Her ge\u00e7en g\u00fcn denizler biraz daha kirlenmekte, ozon tabakasyndaki delik b\u00fcy\u00fcmekte, k\u00fcresel ysynma d\u00fcnyamyzy tehdit etmekte ve ormanlyk alanlar<span>\u00a0 <\/span>k\u00fc\u00e7\u00fclmekte&#8230; T\u00fcm bunlar ve daha niceleri, endi?e verici boyutlardaki do?a sorunlary olarak kar?ymyzda duruyor. Ancak denizlerin kirlenmesi, ozon tabakasynyn delinmesi gibi olgular, sadece sonu\u00e7 olup sorunun kendisi de?ildir. Asyl sorun, insanlyk olarak<span>\u00a0 <\/span>do?a ile kurdu?umuz ben merkezci ve h\u00fckmedici ili?kiden kaynaklanmaktadyr. Do?anyn bir par\u00e7asy olan ve do?a olmadan varly?yny devam ettiremeyecek bir canly t\u00fcr\u00fc olmamyza ra?men, her pratik sorunda do?aya (aslynda kendimize) saldyrarak sahte \u00e7\u00f6z\u00fcmler \u00fcretmekteyiz.<\/span><\/p>\n<p><span style=\"font-size: 10pt; line-height: 150%; font-family: Verdana;\">\u00a0\u00a0\u00a0 \u00a0<\/span><\/p>\n<p class=\"MsoNormal\" style=\"margin: 0cm 0cm 0pt; line-height: 150%; text-align: justify;\"><span style=\"font-size: 10pt; line-height: 150%; font-family: Verdana;\">CMC atyklaryndan Dikmen \u00c7\u00f6pl\u00fc?\u00fc\u2019ne kadar memleketimizin bitip t\u00fckenmeyen sorunlary da hep bu anlayy?tan kaynaklanyyor. Lefko?a\u2019nyn nadir kalan ye?il alanlaryndan Kumsal Parky\u2019nyn katledilerek<span>\u00a0 <\/span>otopark ve yol yapylmak istenmesi de bu zihniyete bir \u00f6rnek te?kil ediyor.<span>\u00a0 <\/span>Arabalarymyza park yeri a\u00e7mak ya da s\u00f6zde trafi?i rahatlatmak i\u00e7in onlarca a?acy kesmeyi d\u00fc?\u00fcnmek, insan merkezci ve d\u00fcnyanyn bizim \u00e7evremizde d\u00f6nd\u00fc?\u00fcn\u00fc sanan ayny yanly? anlayy?yn sonucu. Oysa kesti?imiz her a?a\u00e7la kendi sonumuzu biraz daha yakla?tyrmaktayyz.<\/span><\/p>\n<p><span style=\"font-size: 10pt; line-height: 150%; font-family: Verdana;\">\u00a0\u00a0\u00a0 \u00a0<\/span><\/p>\n<p class=\"MsoNormal\" style=\"margin: 0cm 0cm 0pt; line-height: 150%; text-align: justify;\"><span style=\"font-size: 10pt; line-height: 150%; font-family: Verdana;\">Ne mutlu ki b\u00f6lge halky, kendi parky, kendi ya?am alany konusunda duyarsyz kalmamy? ve m\u00fccadele etmeye ba?lamy?tyr. <strong>Biz de Baraka K\u00fclt\u00fcr Merkezi olarak, b\u00f6lge halkynyn bu anlamly ve hakly \u00e7abasyna destek veriyoruz. <\/strong>\u00c7\u00fcnk\u00fc Kumsal Parky\u2019nyn yok edilmek istenmesi, yalnyzca Kumsal Mahallesi\u2019nin veya Lefko?a\u2019nyn de?il hepimizin sorunudur. Bu \u00e7er\u00e7evede, \u00e7ocuklarymyza ya?anabilir bir d\u00fcnya byrakmak isteyen t\u00fcm ki?i ve kurulu?laryn Kumsal Parky\u2019na sahip \u00e7ykmasy gerekmektedir.<\/span><\/p>\n<p><span style=\"font-size: 10pt; line-height: 150%; font-family: Verdana;\">\u00a0\u00a0\u00a0\u00a0 \u00a0<\/span><\/p>\n<p class=\"MsoNormal\" style=\"margin: 0cm 0cm 0pt; line-height: 150%; text-align: justify;\"><strong><span style=\"font-size: 10pt; line-height: 150%; font-family: Verdana;\">Ye?ili korumak ve parky g\u00fczelle?tirmek \u00fczere \u00e7aly?malara ba?layan \u201cKumsal Parky\u2019ny Koruma Komitesi\u201dyle ve b\u00f6lge halkyyla dayany?mak boynumuzun borcudur. <\/span><\/strong><span style=\"font-size: 10pt; line-height: 150%; font-family: Verdana;\">Kumsal Parky\u2019ny kysmen veya tamamen yykmaya, Park\u2019taki canlylara zarar vermeye \u00e7aly?an her t\u00fcrl\u00fc giri?imin kar?ysynda olaca?yz. Parkymyzy yykymdan kurtaryp daha da g\u00fczelle?tirmek i\u00e7in yola \u00e7yktyk ve bu yolda kar?ymyza \u00e7ykacak dozerlere kar?y do?aya tutunaca?yz.<\/span><\/p>\n<p><span style=\"font-size: 10pt; line-height: 150%; font-family: Verdana;\">\u00a0\u00a0\u00a0 \u00a0<\/span><span style=\"font-size: 10pt; line-height: 150%; font-family: Verdana;\">\u00a0<\/span><\/p>\n<p class=\"MsoNormal\" style=\"margin: 0cm 0cm 0pt; line-height: 150%; text-align: justify;\"><strong><span style=\"font-size: 10pt; line-height: 150%; font-family: Verdana;\">Baraka K\u00fclt\u00fcr Merkezi (a)<\/span><\/strong><\/p>\n<p><strong><span style=\"font-size: 10pt; line-height: 150%; font-family: Verdana;\">\u00a0\u00a0\u00a0 <\/span><\/strong><strong><span style=\"font-size: 10pt; line-height: 150%; font-family: Verdana;\">M\u00fcn\u00fcr Rahvancyo?lu<\/span><\/strong><strong><span style=\"font-size: 10pt; line-height: 150%; font-family: Verdana;\">\u00a0<\/span><\/strong><strong><span style=\"font-size: 10pt; line-height: 150%; font-family: Verdana;\"><span>\u00a0\u00a0\u00a0\u00a0\u00a0\u00a0\u00a0\u00a0\u00a0\u00a0\u00a0<\/span><\/span><\/strong><\/p>\n<p>&nbsp;<\/p>\n<p><strong><span style=\"font-size: 10pt; line-height: 150%; font-family: Verdana;\"><span>\u00a0\u00a0\u00a0\u00a0\u00a0\u00a0\u00a0\u00a0\u00a0\u00a0\u00a0\u00a0\u00a0\u00a0\u00a0\u00a0\u00a0\u00a0\u00a0\u00a0\u00a0\u00a0\u00a0\u00a0\u00a0\u00a0\u00a0\u00a0\u00a0\u00a0\u00a0\u00a0\u00a0\u00a0\u00a0\u00a0\u00a0\u00a0\u00a0\u00a0\u00a0\u00a0\u00a0\u00a0\u00a0\u00a0\u00a0\u00a0\u00a0\u00a0\u00a0\u00a0\u00a0\u00a0\u00a0\u00a0\u00a0\u00a0\u00a0\u00a0\u00a0\u00a0\u00a0\u00a0\u00a0\u00a0\u00a0\u00a0\u00a0\u00a0 <\/span><\/span><\/strong><\/p>\n","protected":false},"excerpt":{"rendered":"<p>\u00a0\u00a0\u00a0 \u00a0 Her ge\u00e7en g\u00fcn denizler biraz daha kirlenmekte, ozon tabakasyndaki delik b\u00fcy\u00fcmekte, k\u00fcresel ysynma d\u00fcnyamyzy tehdit etmekte ve ormanlyk alanlar\u00a0 k\u00fc\u00e7\u00fclmekte&#8230; T\u00fcm bunlar ve<\/p>\n","protected":false},"author":1,"featured_media":0,"comment_status":"open","ping_status":"open","sticky":false,"template":"","format":"standard","meta":{"jetpack_post_was_ever_published":false,"_jetpack_newsletter_access":"","_jetpack_newsletter_tier_id":0,"jetpack_publicize_message":"","jetpack_is_tweetstorm":false,"jetpack_publicize_feature_enabled":true,"jetpack_social_post_already_shared":false,"jetpack_social_options":{"image_generator_settings":{"template":"highway","enabled":false}}},"categories":[41],"tags":[],"jetpack_publicize_connections":[],"jetpack_featured_media_url":"","jetpack_shortlink":"https:\/\/wp.me\/p4eHWX-vw","jetpack_sharing_enabled":true,"_links":{"self":[{"href":"https:\/\/baraka.cc\/index.php?rest_route=\/wp\/v2\/posts\/1954"}],"collection":[{"href":"https:\/\/baraka.cc\/index.php?rest_route=\/wp\/v2\/posts"}],"about":[{"href":"https:\/\/baraka.cc\/index.php?rest_route=\/wp\/v2\/types\/post"}],"author":[{"embeddable":true,"href":"https:\/\/baraka.cc\/index.php?rest_route=\/wp\/v2\/users\/1"}],"replies":[{"embeddable":true,"href":"https:\/\/baraka.cc\/index.php?rest_route=%2Fwp%2Fv2%2Fcomments&post=1954"}],"version-history":[{"count":1,"href":"https:\/\/baraka.cc\/index.php?rest_route=\/wp\/v2\/posts\/1954\/revisions"}],"predecessor-version":[{"id":1955,"href":"https:\/\/baraka.cc\/index.php?rest_route=\/wp\/v2\/posts\/1954\/revisions\/1955"}],"wp:attachment":[{"href":"https:\/\/baraka.cc\/index.php?rest_route=%2Fwp%2Fv2%2Fmedia&parent=1954"}],"wp:term":[{"taxonomy":"category","embeddable":true,"href":"https:\/\/baraka.cc\/index.php?rest_route=%2Fwp%2Fv2%2Fcategories&post=1954"},{"taxonomy":"post_tag","embeddable":true,"href":"https:\/\/baraka.cc\/index.php?rest_route=%2Fwp%2Fv2%2Ftags&post=1954"}],"curies":[{"name":"wp","href":"https:\/\/api.w.org\/{rel}","templated":true}]}}