{"id":1963,"date":"2010-06-10T21:18:04","date_gmt":"2010-06-10T19:18:04","guid":{"rendered":"https:\/\/baraka.cc\/?p=1963"},"modified":"2014-01-08T21:19:48","modified_gmt":"2014-01-08T19:19:48","slug":"barakadan-kthy-calianlarina-destek","status":"publish","type":"post","link":"https:\/\/baraka.cc\/?p=1963","title":{"rendered":"BARAKA\u2019DAN KTHY \u00c7ALI?ANLARINA DESTEK"},"content":{"rendered":"<p class=\"MsoNormal\" style=\"margin: 0cm 0cm 0pt; line-height: 150%; text-align: justify;\"><strong><span style=\"font-size: 11pt; line-height: 150%; font-family: 'Verdana','sans-serif';\">BARAKA\u2019DAN KTHY \u00c7ALI?ANLARINA DESTEK<\/span><\/strong><\/p>\n<p><strong><span style=\"font-size: 11pt; line-height: 150%; font-family: 'Verdana','sans-serif';\">\u00a0\u00a0\u00a0\u00a0\u00a0\u00a0\u00a0\u00a0\u00a0\u00a0\u00a0\u00a0\u00a0\u00a0<\/span><\/strong><strong><span style=\"font-size: 11pt; line-height: 150%; font-family: 'Verdana','sans-serif';\">\u00a0<\/span><\/strong><\/p>\n<p class=\"MsoNormal\" style=\"margin: 0cm 0cm 0pt; line-height: 150%; text-align: justify;\"><span style=\"font-size: 11pt; line-height: 150%; font-family: 'Verdana','sans-serif';\">Kybrys T\u00fcrk Hava Yollary\u2019nda, ge\u00e7mi? h\u00fck\u00fcmet d\u00f6neminden bu yana katlanarak s\u00fcregelen sorun, neoliberalizmin her derde deva re\u00e7etesi \u00f6zelle?tirme ile \u00e7\u00f6z\u00fclmeye \u00e7aly?ylyrken, skandal \u00fczerine skandal ya?anyyor. \u00c7aly?anlaryn haklary hi\u00e7e saylyyor, ihalelere yolsuzluk kary?yyor, UBP\u2019nin hukuksuzlu?u ve \u201cben yaparym olur\u201dculu?u bir kez daha g\u00fcn y?y?yna \u00e7ykyyor. \u00d6te yandan sendikalaryn hantal ve b\u00fcrokratik yapysy, bu \u00f6zelle?tirme furyasyna kitlesel bir tepki \u00f6rmekten <span>\u00a0<\/span>aciz kalyyor.<\/span><\/p>\n<p><span style=\"font-size: 11pt; line-height: 150%; font-family: 'Verdana','sans-serif';\">\u00a0\u00a0\u00a0\u00a0\u00a0\u00a0\u00a0\u00a0\u00a0\u00a0\u00a0\u00a0\u00a0\u00a0\u00a0\u00a0\u00a0\u00a0\u00a0\u00a0\u00a0\u00a0\u00a0\u00a0\u00a0\u00a0\u00a0\u00a0\u00a0\u00a0\u00a0\u00a0\u00a0\u00a0\u00a0\u00a0\u00a0\u00a0\u00a0 \u00a0<\/span><\/p>\n<p class=\"MsoNormal\" style=\"margin: 0cm 0cm 0pt; line-height: 150%; text-align: justify;\"><span style=\"font-size: 11pt; line-height: 150%; font-family: 'Verdana','sans-serif';\">Kamu kaynaklaryny halkyn yararyna do?ru bir ?ekilde kullanmayan, her meselede \u201ckurtarycy\u201d TC\u2019ye bel ba?lamayy marifet sayan, \u00fcretimin kalycyly?yny de?il g\u00fcnl\u00fck menfaat ili?kilerinin yozlu?unu bu halkyn \u00f6n\u00fcne koyan gelmi? ge\u00e7mi? t\u00fcm h\u00fck\u00fcmetler, KTHY\u2019nyn bug\u00fcnk\u00fc a\u00e7mazyndan sorumludur. <span>\u00a0<\/span>CTP\u2019sinden UBP\u2019sine t\u00fcm y\u00f6neticilerin basiretsizli?inin bedeli, KTHY \u00e7aly?anlaryna ve Kybrysly T\u00fcrk Halky\u2019na \u00f6detilmeye \u00e7aly?ylyyor.<span>\u00a0 <\/span>\u00d6nce batyryp sonra \u00f6zelle?tirmeyi en iyi \u00e7are olarak sunan zihniyet, bug\u00fcn Kybrys T\u00fcrk Hava Yollary\u2019nda boy g\u00f6stermekte, yarynsa Elektirk Kurumu\u2019nda ve Telefon Dairesi\u2019nde kar?ymyza \u00e7ykmayy beklemektedir.<\/span><\/p>\n<p><span style=\"font-size: 11pt; line-height: 150%; font-family: 'Verdana','sans-serif';\">\u00a0\u00a0\u00a0\u00a0\u00a0\u00a0\u00a0\u00a0\u00a0\u00a0\u00a0\u00a0\u00a0\u00a0\u00a0\u00a0\u00a0\u00a0\u00a0 \u00a0<\/span><\/p>\n<p class=\"MsoNormal\" style=\"margin: 0cm 0cm 0pt; line-height: 150%; text-align: justify;\"><span style=\"font-size: 11pt; line-height: 150%; font-family: 'Verdana','sans-serif';\">Typky 74\u2019ten bu yana uygulanan bilin\u00e7li \u00fcretimden koparma politikalary gibi,<span>\u00a0 <\/span>bu \u00f6zelle?tirme ve ticarile?tirme saldyrysy da b\u00fct\u00fcnl\u00fckl\u00fc bir projenin uygulanmasydyr. Hedef, bir yandan sendikasyz ve g\u00fcvencesiz \u00e7aly?anlar yaratyp sermayeyi memnun ederken \u00f6te yandan da vergisini verip hesap soran \u201cvatanda?\u201dy yalnyzca t\u00fcketen \u201cm\u00fc?teri\u201dlere d\u00f6n\u00fc?t\u00fcrmektir.<\/span><\/p>\n<p><span style=\"font-size: 11pt; line-height: 150%; font-family: 'Verdana','sans-serif';\">\u00a0\u00a0\u00a0\u00a0\u00a0\u00a0\u00a0\u00a0\u00a0\u00a0\u00a0\u00a0\u00a0\u00a0\u00a0\u00a0\u00a0\u00a0\u00a0\u00a0\u00a0\u00a0\u00a0\u00a0\u00a0\u00a0\u00a0\u00a0 \u00a0<\/span><\/p>\n<p class=\"MsoNormal\" style=\"margin: 0cm 0cm 0pt; line-height: 150%; text-align: justify;\"><span style=\"font-size: 11pt; line-height: 150%; font-family: 'Verdana','sans-serif';\">Mevcut \u00e7aly?anlarynyn haklary korunacak bile olsa \u00f6zelle?tirme, kamuya ait de?erlerin sermayeye pe?ke? \u00e7ekilmesinden ba?ka bir?ey de?ildir. \u00d6zel bir hava yolu ?irketinde \u00e7aly?anlaryn sendikala?masynyn olanakly olmady?yny ve \u00e7aly?ma saatlerinden izin d\u00fczenlemelerine kadar pek \u00e7ok konudaki haklaryny birer birer kaybedeceklerini, denetim ile hizmet kalitesinin de d\u00fc?ece?ini tahmin etmek i\u00e7in alim olmaya gerek yoktur.<\/span><\/p>\n<p><span style=\"font-size: 11pt; line-height: 150%; font-family: 'Verdana','sans-serif';\">\u00a0\u00a0\u00a0\u00a0\u00a0\u00a0\u00a0\u00a0\u00a0\u00a0\u00a0\u00a0\u00a0\u00a0\u00a0\u00a0\u00a0\u00a0\u00a0\u00a0\u00a0\u00a0\u00a0\u00a0\u00a0\u00a0\u00a0\u00a0\u00a0\u00a0\u00a0\u00a0\u00a0\u00a0 \u00a0<\/span><\/p>\n<p class=\"MsoNormal\" style=\"margin: 0cm 0cm 0pt; line-height: 150%; text-align: justify;\"><span style=\"font-size: 11pt; line-height: 150%; font-family: 'Verdana','sans-serif';\">E?itimden sa?ly?a, ula?ymdan elektri?e kysacasy \u00fclkemizin t\u00fcm kamusal de?erlerine, \u00f6nce hastalyk bula?tyryp sonra da neoliberal \u00f6zelle?tirme re\u00e7etelerini \u00f6n\u00fcm\u00fcze koyan anlayy?a kar?y \u00e7ykyyor ve KTHY \u00e7aly?anlarynyn yanynda oldu?umuzu belirtiyoruz.<span>\u00a0\u00a0 <\/span><\/span><\/p>\n<p><span style=\"font-size: 11pt; line-height: 150%; font-family: 'Verdana','sans-serif';\"><span>\u00a0\u00a0\u00a0 <\/span><\/span><span style=\"font-size: 11pt; line-height: 150%; font-family: 'Verdana','sans-serif';\">\u00a0<\/span><span style=\"font-size: 11pt; line-height: 150%; font-family: 'Verdana','sans-serif';\">\u00a0<\/span><\/p>\n<p class=\"MsoNormal\" style=\"margin: 0cm 0cm 0pt; line-height: 150%; text-align: justify;\"><span style=\"font-size: 11pt; line-height: 150%; font-family: 'Verdana','sans-serif';\">Baraka K\u00fclt\u00fcr Merkezi adyna<\/span><\/p>\n<p><span style=\"font-size: 11pt; line-height: 150%; font-family: 'Verdana','sans-serif';\">\u00a0\u00a0 <\/span><span style=\"font-size: 11pt; line-height: 150%; font-family: 'Verdana','sans-serif';\">Nazen ?ansal<\/span><span style=\"font-size: 11pt; line-height: 150%; font-family: 'Verdana','sans-serif';\">\u00a0\u00a0 <\/span><\/p>\n","protected":false},"excerpt":{"rendered":"<p>BARAKA\u2019DAN KTHY \u00c7ALI?ANLARINA DESTEK \u00a0\u00a0\u00a0\u00a0\u00a0\u00a0\u00a0\u00a0\u00a0\u00a0\u00a0\u00a0\u00a0\u00a0\u00a0 Kybrys T\u00fcrk Hava Yollary\u2019nda, ge\u00e7mi? h\u00fck\u00fcmet d\u00f6neminden bu yana katlanarak s\u00fcregelen sorun, neoliberalizmin her derde deva re\u00e7etesi \u00f6zelle?tirme ile \u00e7\u00f6z\u00fclmeye<\/p>\n","protected":false},"author":1,"featured_media":0,"comment_status":"open","ping_status":"open","sticky":false,"template":"","format":"standard","meta":{"jetpack_post_was_ever_published":false,"_jetpack_newsletter_access":"","_jetpack_newsletter_tier_id":0,"jetpack_publicize_message":"","jetpack_is_tweetstorm":false,"jetpack_publicize_feature_enabled":true,"jetpack_social_post_already_shared":false,"jetpack_social_options":{"image_generator_settings":{"template":"highway","enabled":false}}},"categories":[41],"tags":[],"jetpack_publicize_connections":[],"jetpack_featured_media_url":"","jetpack_shortlink":"https:\/\/wp.me\/p4eHWX-vF","jetpack_sharing_enabled":true,"_links":{"self":[{"href":"https:\/\/baraka.cc\/index.php?rest_route=\/wp\/v2\/posts\/1963"}],"collection":[{"href":"https:\/\/baraka.cc\/index.php?rest_route=\/wp\/v2\/posts"}],"about":[{"href":"https:\/\/baraka.cc\/index.php?rest_route=\/wp\/v2\/types\/post"}],"author":[{"embeddable":true,"href":"https:\/\/baraka.cc\/index.php?rest_route=\/wp\/v2\/users\/1"}],"replies":[{"embeddable":true,"href":"https:\/\/baraka.cc\/index.php?rest_route=%2Fwp%2Fv2%2Fcomments&post=1963"}],"version-history":[{"count":1,"href":"https:\/\/baraka.cc\/index.php?rest_route=\/wp\/v2\/posts\/1963\/revisions"}],"predecessor-version":[{"id":1964,"href":"https:\/\/baraka.cc\/index.php?rest_route=\/wp\/v2\/posts\/1963\/revisions\/1964"}],"wp:attachment":[{"href":"https:\/\/baraka.cc\/index.php?rest_route=%2Fwp%2Fv2%2Fmedia&parent=1963"}],"wp:term":[{"taxonomy":"category","embeddable":true,"href":"https:\/\/baraka.cc\/index.php?rest_route=%2Fwp%2Fv2%2Fcategories&post=1963"},{"taxonomy":"post_tag","embeddable":true,"href":"https:\/\/baraka.cc\/index.php?rest_route=%2Fwp%2Fv2%2Ftags&post=1963"}],"curies":[{"name":"wp","href":"https:\/\/api.w.org\/{rel}","templated":true}]}}