{"id":1965,"date":"2010-04-30T21:20:03","date_gmt":"2010-04-30T19:20:03","guid":{"rendered":"https:\/\/baraka.cc\/?p=1965"},"modified":"2014-01-08T21:20:52","modified_gmt":"2014-01-08T19:20:52","slug":"1-mayista-senlik-var","status":"publish","type":"post","link":"https:\/\/baraka.cc\/?p=1965","title":{"rendered":"1 May\u0131s&#8217;ta \u015eenlik Var!"},"content":{"rendered":"<p><span style=\"line-height: 150%; font-family: Verdana; color: white; font-size: 11pt;\"><span style=\"font-family: 'Verdana','sans-serif';\"><span style=\"line-height: 150%; font-family: Verdana; color: white; font-size: 11pt;\"><strong>1 Mayys&#8217;ta ?enlik Var!<\/strong><\/span><\/span><\/span><\/p>\n<p><span style=\"line-height: 150%; font-family: Verdana; color: white; font-size: 11pt;\"><span style=\"font-family: 'Verdana','sans-serif';\"><span style=\"line-height: 150%; font-family: Verdana; color: white; font-size: 11pt;\"><span style=\"line-height: 150%; font-family: Verdana; color: white; font-size: 11pt;\"><span style=\"font-family: 'Verdana','sans-serif';\"><span style=\"line-height: 150%; font-family: Verdana; color: white; font-size: 11pt;\"><span style=\"font-family: Verdana;\"><span style=\"line-height: 150%; font-family: Verdana; color: white; font-size: 11pt;\"><span style=\"font-family: 'Verdana','sans-serif';\"><span style=\"color: #000000;\"><a href=\"https:\/\/www.baraka.cc\/images\/stories\/1Mayis2010_1.jpg\" target=\"_blank\"><img decoding=\"async\" loading=\"lazy\" alt=\" \" src=\"https:\/\/www.baraka.cc\/images\/stories\/1Mayis2010_1.jpg\" width=\"200\" height=\"283\" align=\"left\" border=\"2\" \/><\/a><\/span><\/span><\/span><\/span><\/span><\/span><\/span>&#8211; S\u00f6zde Sosyal G\u00fcvenlik Yasasy\u2019na kar?y<br \/>\nY? g\u00fcvencesi, \u00f6zel sekt\u00f6rde sendikala?ma, rahat bir emeklilik <\/span><span style=\"line-height: 150%; font-family: Verdana; color: white; font-size: 11pt;\">\u00a0\u00a0 <\/span><\/span><\/span><\/p>\n<p>&#8211; G\u00f6\u00e7 Yasasy\u2019na Kar?y<br \/>\nYnsanca ya?ayabilir bir maa?, sendikal \u00f6zg\u00fcrl\u00fck<span style=\"line-height: 150%; font-family: Verdana; color: white; font-size: 11pt;\">\u00a0\u00a0 <\/span><\/p>\n<p>&#8211; A\u00d6A\u2019nyn kapatylmasyna kar?y<br \/>\nParasyz, planly, kaliteli ve kamusal bir e?itim<span style=\"line-height: 150%; font-family: Verdana; color: white; font-size: 11pt;\">\u00a0\u00a0\u00a0 <\/span><\/p>\n<p>&#8211; Neo-liberal saldyrylara kar?y<br \/>\nHalkyn e?itim, sa?lyk, ula?ym, barynma, ileti?im ve enerji hakky<span style=\"line-height: 150%; font-family: Verdana; color: white; font-size: 11pt;\">\u00a0\u00a0 <\/span><\/p>\n<p>&#8211; Biber gazyna, davalara, coplamalara kar?y<br \/>\n\u00d6zg\u00fcrl\u00fck, e?itlik ve demokrasi<span style=\"line-height: 150%; font-family: Verdana; color: white; font-size: 11pt;\">\u00a0\u00a0 <\/span><\/p>\n<p>&#8211; Dilimizi, k\u00fclt\u00fcr\u00fcm\u00fcz\u00fc, ya?ady?ymyz yerlerin isimlerini de?i?tirenlere kar?y<br \/>\nAsimilasyona hayyr<span style=\"line-height: 150%; font-family: Verdana; color: white; font-size: 11pt;\">\u00a0\u00a0 <\/span><\/p>\n<p>&#8211; Da?larymyzyn, denizlerimizin, ormanlarymyzyn talan edilmesine kar?y<br \/>\nBu \u00fclke, bu do?a bizimdir<span style=\"line-height: 150%; font-family: Verdana; color: white; font-size: 11pt;\">\u00a0\u00a0 <span style=\"line-height: 150%; font-family: Verdana; color: white; font-size: 11pt;\"><span style=\"font-family: 'Verdana','sans-serif';\"><span style=\"line-height: 150%; font-family: Verdana; color: white; font-size: 11pt;\"><span style=\"font-family: Verdana;\"><span style=\"line-height: 150%; font-family: Verdana; color: white; font-size: 11pt;\"><span style=\"font-family: 'Verdana','sans-serif';\"><span style=\"color: #000000;\"><a href=\"https:\/\/www.baraka.cc\/images\/stories\/1Mayis2010_2.jpg\" target=\"_blank\"><span><img decoding=\"async\" loading=\"lazy\" alt=\" \" src=\"https:\/\/www.baraka.cc\/images\/stories\/1Mayis2010_2.jpg\" width=\"200\" height=\"283\" align=\"right\" border=\"2\" \/><\/span><\/a><\/span><\/span><\/span><\/span><\/span><\/span><\/span><\/span><\/p>\n<p>&#8211; Toplumsal cinsiyet e?itsizl?inden do?an ayyrymcylyklara kar?y<br \/>\nya?asyn feminist m\u00fccadelemiz<span style=\"line-height: 150%; font-family: Verdana; color: white; font-size: 11pt;\">\u00a0\u00a0 <\/span><\/p>\n<p>&#8211; Kybrys\u2019yn b\u00f6l\u00fcnm\u00fc?l\u00fc?\u00fcne kar?y<br \/>\nBa?ymsyz Kybrys<span style=\"line-height: 150%; font-family: Verdana; color: white; font-size: 11pt;\">\u00a0\u00a0 <\/span><\/p>\n<p>&#8211; T\u00fcrkiye G\u00f6\u00e7meni ve Kybrysly Elen d\u00fc?manly?yna kar?y<br \/>\nB\u00fct\u00fcn Halklar Karde?tir<span style=\"line-height: 150%; font-family: Verdana; color: white; font-size: 11pt;\">\u00a0\u00a0 <\/span><\/p>\n<p>diyerek y\u00fcr\u00fcyoruz\u2026<span style=\"line-height: 150%; font-family: Verdana; color: white; font-size: 11pt;\"><\/p>\n<p><strong><span style=\"font-family: Verdana;\">Umutlaryn Ku?atylmasyn Bu Abluka Da?ytylacak!<\/span><\/strong><\/span><span style=\"line-height: 150%; font-family: Verdana; color: white; font-size: 11pt;\"><span style=\"font-family: 'Verdana','sans-serif';\"><span style=\"line-height: 150%; font-family: Verdana; color: white; font-size: 11pt;\"><strong><span style=\"font-family: Verdana;\">\u00a0\u00a0\u00a0\u00a0\u00a0 <\/span><\/strong><\/span><\/span><\/span><\/p>\n<p><span style=\"line-height: 150%; font-family: Verdana; color: white; font-size: 11pt;\"><span style=\"font-family: 'Verdana','sans-serif';\"><span style=\"line-height: 150%; font-family: Verdana; color: white; font-size: 11pt;\"><span style=\"font-family: Verdana;\"><span style=\"line-height: 150%; font-family: Verdana; color: white; font-size: 11pt;\"><span style=\"font-family: 'Verdana','sans-serif';\"><span style=\"color: #000000;\">\u00a0\u00a0 <\/span><\/span><\/span><\/span><\/span><\/span><\/span><\/p>\n","protected":false},"excerpt":{"rendered":"<p>1 Mayys&#8217;ta ?enlik Var! &#8211; S\u00f6zde Sosyal G\u00fcvenlik Yasasy\u2019na kar?y Y? g\u00fcvencesi, \u00f6zel sekt\u00f6rde sendikala?ma, rahat bir emeklilik \u00a0\u00a0 &#8211; G\u00f6\u00e7 Yasasy\u2019na Kar?y Ynsanca ya?ayabilir<\/p>\n","protected":false},"author":1,"featured_media":0,"comment_status":"open","ping_status":"open","sticky":false,"template":"","format":"standard","meta":{"jetpack_post_was_ever_published":false,"_jetpack_newsletter_access":"","_jetpack_newsletter_tier_id":0,"jetpack_publicize_message":"","jetpack_is_tweetstorm":false,"jetpack_publicize_feature_enabled":true,"jetpack_social_post_already_shared":false,"jetpack_social_options":{"image_generator_settings":{"template":"highway","enabled":false}}},"categories":[41],"tags":[],"jetpack_publicize_connections":[],"jetpack_featured_media_url":"","jetpack_shortlink":"https:\/\/wp.me\/p4eHWX-vH","jetpack_sharing_enabled":true,"_links":{"self":[{"href":"https:\/\/baraka.cc\/index.php?rest_route=\/wp\/v2\/posts\/1965"}],"collection":[{"href":"https:\/\/baraka.cc\/index.php?rest_route=\/wp\/v2\/posts"}],"about":[{"href":"https:\/\/baraka.cc\/index.php?rest_route=\/wp\/v2\/types\/post"}],"author":[{"embeddable":true,"href":"https:\/\/baraka.cc\/index.php?rest_route=\/wp\/v2\/users\/1"}],"replies":[{"embeddable":true,"href":"https:\/\/baraka.cc\/index.php?rest_route=%2Fwp%2Fv2%2Fcomments&post=1965"}],"version-history":[{"count":1,"href":"https:\/\/baraka.cc\/index.php?rest_route=\/wp\/v2\/posts\/1965\/revisions"}],"predecessor-version":[{"id":1966,"href":"https:\/\/baraka.cc\/index.php?rest_route=\/wp\/v2\/posts\/1965\/revisions\/1966"}],"wp:attachment":[{"href":"https:\/\/baraka.cc\/index.php?rest_route=%2Fwp%2Fv2%2Fmedia&parent=1965"}],"wp:term":[{"taxonomy":"category","embeddable":true,"href":"https:\/\/baraka.cc\/index.php?rest_route=%2Fwp%2Fv2%2Fcategories&post=1965"},{"taxonomy":"post_tag","embeddable":true,"href":"https:\/\/baraka.cc\/index.php?rest_route=%2Fwp%2Fv2%2Ftags&post=1965"}],"curies":[{"name":"wp","href":"https:\/\/api.w.org\/{rel}","templated":true}]}}