{"id":1969,"date":"2010-05-07T21:22:14","date_gmt":"2010-05-07T19:22:14","guid":{"rendered":"https:\/\/baraka.cc\/?p=1969"},"modified":"2014-01-08T21:23:01","modified_gmt":"2014-01-08T19:23:01","slug":"baraka-dernekler-yasa-tasarisi-en-temel-ynsan-haklarindan-olan-orgutlenme-hakkina-aykiridir","status":"publish","type":"post","link":"https:\/\/baraka.cc\/?p=1969","title":{"rendered":"BARAKA: \u201cDERNEKLER YASA TASARISI, EN TEMEL YNSAN HAKLARINDAN OLAN \u00d6RG\u00dcTLENME HAKKINA AYKIRIDIR\u201d"},"content":{"rendered":"<p class=\"MsoNormal\" style=\"text-align: justify; line-height: 150%; margin: 0cm 0cm 0pt;\">\n<p><strong><span style=\"line-height: 150%; font-family: Verdana; font-size: 11pt;\">\u00a0\u00a0\u00a0\u00a0\u00a0\u00a0\u00a0\u00a0\u00a0\u00a0\u00a0\u00a0\u00a0\u00a0\u00a0\u00a0\u00a0\u00a0\u00a0\u00a0\u00a0\u00a0\u00a0\u00a0\u00a0\u00a0\u00a0\u00a0\u00a0\u00a0\u00a0\u00a0\u00a0 <\/span><\/strong><\/p>\n<p class=\"MsoNormal\" style=\"text-align: justify; line-height: 150%; margin: 0cm 0cm 0pt;\"><span style=\"line-height: 150%; font-family: Verdana; font-size: 11pt;\">H\u00fck\u00fcmetin, \u00f6rg\u00fctlerden saklayarak kapaly kapylar ardynda hazyrlady?y ve Meclis\u2019e sundu?u Dernekler Yasa Tasarysy, demokratik haklara s\u00fcr\u00fclm\u00fc? kara bir lekedir. Hem Anayasa\u2019ya hem de Ynsan Haklary S\u00f6zle?mesine aykyry olan bu Tasary derhal geri \u00e7ekilmelidir. H\u00fck\u00fcmetin orta \u00e7a? karanly?yndan kalma baskycy baky? a\u00e7ysyyla hazyrlady?y Dernekler Yasa Tasarysy, 1961 yyklyndan kalan mevcut Dernekler Yasasy\u2019ndan bile daha geridir.<\/span><\/p>\n<p><span style=\"line-height: 150%; font-family: Verdana; font-size: 11pt;\">\u00a0\u00a0\u00a0\u00a0\u00a0\u00a0\u00a0\u00a0\u00a0\u00a0\u00a0\u00a0\u00a0\u00a0\u00a0 \u00a0<\/span><\/p>\n<p class=\"MsoNormal\" style=\"text-align: justify; line-height: 150%; margin: 0cm 0cm 0pt;\"><span style=\"line-height: 150%; font-family: Verdana; font-size: 11pt;\">Tasaryya g\u00f6re, H\u00fck\u00fcmet derneklerin her t\u00fcrl\u00fc i\u00e7 i?leyi?ine kary?abilecek, <span>\u00a0\u00a0<\/span>mahkeme karary olmadan dernek kapatabilecek, Kaymakamlyk g\u00f6revlileri ve Polis vasytasyyla Dernek Genel Kurullaryny basky altyna alabilecektir. Bu<span>\u00a0 <\/span>anti demokratik ve \u00f6rg\u00fctlenme hakkynyn ihlali olan d\u00fczenlemelerin yany syra, <span>\u00a0<\/span>derneklerin din, dil, yrk, mezhep ayyrymy yapamayacaklary belirtilerek \u00f6rne?in Alevi, Bekta?i dernekleri veya Fransyz K\u00fclt\u00fcr Derne?i gibi dernekler yasaklanmaktadyr. Derneklere getirilen siyasi faaliyet yasa?ynyn hi\u00e7 bir kriteri belirlenmedi?inden, bu yasak keyfi bir ?ekilde uygulanabilecek ve \u00f6rne?in \u00e7evre politikalaryny ele?tiren bir dernek siyasi faaliyet yapty?y gerek\u00e7esiyle kapatylabilecektir. H\u00fck\u00fcmetin \u00e7a?dy?y Dernekler Yasa Tasarysy daha da ileri giderek derneklerin yabancy ve uluslararsy \u00f6rg\u00fctlere \u00fcye olabilmesini kysytlamaktadyr, ironik olarak da \u201ckitaplyk ve okuma odasy\u201d kurulmasy izne ba?lanmaktadyr.<\/span><\/p>\n<p><span style=\"line-height: 150%; font-family: Verdana; font-size: 11pt;\">\u00a0\u00a0\u00a0\u00a0\u00a0\u00a0\u00a0\u00a0\u00a0\u00a0\u00a0\u00a0\u00a0\u00a0\u00a0\u00a0\u00a0\u00a0\u00a0\u00a0\u00a0 \u00a0<\/span><\/p>\n<p class=\"MsoNormal\" style=\"text-align: justify; line-height: 150%; margin: 0cm 0cm 0pt;\"><span style=\"line-height: 150%; font-family: Verdana; font-size: 11pt;\">Dernekler Yasa Tasarysy, H\u00fck\u00fcmetin Kybrysly T\u00fcrk halkyny susturmaya ve sindirmeye \u00e7aly?ty?ynyn, \u00f6rg\u00fctlenen halkyn g\u00fcc\u00fcnden korktu?unun<span>\u00a0 <\/span>kanytydyr. Yasak\u00e7y ve baskycy bir anla?yyla hazyrlanan bu Tasary geri \u00e7ekilinceye kadar Baraka K\u00fclt\u00fcr Merkezi, Sivil Toplum \u00d6rg\u00fctleri A?y\u2019nyn m\u00fccadelesine destek verecek ve her t\u00fcrl\u00fc me?ru eylemi ger\u00e7ekle?tirecektir.<\/span><\/p>\n<p><span style=\"line-height: 150%; font-family: Verdana; font-size: 11pt;\">\u00a0\u00a0\u00a0 \u00a0<\/span><span style=\"line-height: 150%; font-family: Verdana; font-size: 11pt;\">\u00a0<\/span><\/p>\n<p class=\"MsoNormal\" style=\"text-align: justify; line-height: 150%; margin: 0cm 0cm 0pt;\"><span style=\"line-height: 150%; font-family: Verdana; font-size: 11pt;\">Baraka K\u00fclt\u00fcr Merkezi adyna<\/span><\/p>\n<p><span style=\"line-height: 150%; font-family: Verdana; font-size: 11pt;\">\u00a0\u00a0\u00a0\u00a0\u00a0\u00a0\u00a0\u00a0\u00a0\u00a0\u00a0\u00a0 <\/span><\/p>\n<p class=\"MsoNormal\" style=\"text-align: justify; line-height: 150%; margin: 0cm 0cm 0pt;\"><span style=\"line-height: 150%; font-family: Verdana; font-size: 11pt;\">Nazen ?ansal<\/span><\/p>\n<p><span style=\"line-height: 150%; font-family: Verdana; font-size: 11pt;\">\u00a0\u00a0\u00a0\u00a0\u00a0\u00a0\u00a0\u00a0\u00a0\u00a0\u00a0\u00a0\u00a0 <\/span><\/p>\n","protected":false},"excerpt":{"rendered":"<p>\u00a0\u00a0\u00a0\u00a0\u00a0\u00a0\u00a0\u00a0\u00a0\u00a0\u00a0\u00a0\u00a0\u00a0\u00a0\u00a0\u00a0\u00a0\u00a0\u00a0\u00a0\u00a0\u00a0\u00a0\u00a0\u00a0\u00a0\u00a0\u00a0\u00a0\u00a0\u00a0\u00a0 H\u00fck\u00fcmetin, \u00f6rg\u00fctlerden saklayarak kapaly kapylar ardynda hazyrlady?y ve Meclis\u2019e sundu?u Dernekler Yasa Tasarysy, demokratik haklara s\u00fcr\u00fclm\u00fc? kara bir lekedir. Hem Anayasa\u2019ya hem de Ynsan<\/p>\n","protected":false},"author":1,"featured_media":0,"comment_status":"open","ping_status":"open","sticky":false,"template":"","format":"standard","meta":{"jetpack_post_was_ever_published":false,"_jetpack_newsletter_access":"","_jetpack_newsletter_tier_id":0,"jetpack_publicize_message":"","jetpack_is_tweetstorm":false,"jetpack_publicize_feature_enabled":true,"jetpack_social_post_already_shared":false,"jetpack_social_options":{"image_generator_settings":{"template":"highway","enabled":false}}},"categories":[41],"tags":[],"jetpack_publicize_connections":[],"jetpack_featured_media_url":"","jetpack_shortlink":"https:\/\/wp.me\/p4eHWX-vL","jetpack_sharing_enabled":true,"_links":{"self":[{"href":"https:\/\/baraka.cc\/index.php?rest_route=\/wp\/v2\/posts\/1969"}],"collection":[{"href":"https:\/\/baraka.cc\/index.php?rest_route=\/wp\/v2\/posts"}],"about":[{"href":"https:\/\/baraka.cc\/index.php?rest_route=\/wp\/v2\/types\/post"}],"author":[{"embeddable":true,"href":"https:\/\/baraka.cc\/index.php?rest_route=\/wp\/v2\/users\/1"}],"replies":[{"embeddable":true,"href":"https:\/\/baraka.cc\/index.php?rest_route=%2Fwp%2Fv2%2Fcomments&post=1969"}],"version-history":[{"count":1,"href":"https:\/\/baraka.cc\/index.php?rest_route=\/wp\/v2\/posts\/1969\/revisions"}],"predecessor-version":[{"id":1970,"href":"https:\/\/baraka.cc\/index.php?rest_route=\/wp\/v2\/posts\/1969\/revisions\/1970"}],"wp:attachment":[{"href":"https:\/\/baraka.cc\/index.php?rest_route=%2Fwp%2Fv2%2Fmedia&parent=1969"}],"wp:term":[{"taxonomy":"category","embeddable":true,"href":"https:\/\/baraka.cc\/index.php?rest_route=%2Fwp%2Fv2%2Fcategories&post=1969"},{"taxonomy":"post_tag","embeddable":true,"href":"https:\/\/baraka.cc\/index.php?rest_route=%2Fwp%2Fv2%2Ftags&post=1969"}],"curies":[{"name":"wp","href":"https:\/\/api.w.org\/{rel}","templated":true}]}}