{"id":1972,"date":"2010-03-28T21:23:39","date_gmt":"2010-03-28T19:23:39","guid":{"rendered":"https:\/\/baraka.cc\/?p=1972"},"modified":"2014-01-08T21:25:28","modified_gmt":"2014-01-08T19:25:28","slug":"akademi-orencilerinden-ylk-ders","status":"publish","type":"post","link":"https:\/\/baraka.cc\/?p=1972","title":{"rendered":"Akademi \u00d6?rencileri\u2019nden Ylk Ders!"},"content":{"rendered":"<p class=\"NoSpacing\" style=\"margin: 0cm 0cm 0pt; line-height: 200%; text-align: justify;\">\n<p class=\"NoSpacing\" style=\"margin: 0cm 0cm 0pt; line-height: 200%; text-align: justify;\"><strong><span style=\"font-family: Verdana;\"><span style=\"font-size: medium;\">\u00a0\u00a0\u00a0 <\/span><\/span><\/strong><\/p>\n<p><strong><span style=\"font-family: Verdana;\"><span style=\"font-size: medium;\">\u00a0 <\/span><\/span><\/strong><strong><span style=\"font-family: Verdana;\"><span style=\"font-size: medium;\">\u00a0<\/span><\/span><\/strong><\/p>\n<p class=\"NoSpacing\" style=\"margin: 0cm 0cm 0pt; line-height: 200%; text-align: justify;\"><strong><span style=\"font-family: Verdana;\"><span style=\"font-size: medium;\">Dersin konusu: E?itim haktyr, satylamaz!<\/span><\/span><\/strong><\/p>\n<p><strong><span style=\"font-family: Verdana;\"><span style=\"font-size: medium;\">\u00a0 <\/span><\/span><\/strong><\/p>\n<p class=\"NoSpacing\" style=\"margin: 0cm 0cm 0pt; line-height: 200%; text-align: justify;\"><strong><span style=\"font-family: Verdana;\"><span style=\"font-size: medium;\">Dersi veren: A\u00d6A \u00f6?rencileri!<\/span><\/span><\/strong><\/p>\n<p><strong><span style=\"font-family: Verdana;\"><span style=\"font-size: medium;\">\u00a0 <\/span><\/span><\/strong><\/p>\n<p class=\"NoSpacing\" style=\"margin: 0cm 0cm 0pt; line-height: 200%; text-align: justify;\"><strong><span style=\"font-family: Verdana;\"><span style=\"font-size: medium;\">Dersi alan: \u2018D\u00fcr\u00fcst\u00e7e\u2019 h\u00fck\u00fcmet(ler)<\/span><\/span><\/strong><\/p>\n<p><strong><span style=\"font-family: Verdana;\"><span style=\"font-size: medium;\">\u00a0 <\/span><\/span><\/strong><\/p>\n<p class=\"NoSpacing\" style=\"margin: 0cm 0cm 0pt; line-height: 200%; text-align: justify;\"><strong><span style=\"font-family: Verdana;\"><span style=\"font-size: medium;\">Okul: Egemenler i\u00e7in \u2018Ynsan Ve Hayat Okulu\u2019<\/span><\/span><\/strong><\/p>\n<p><strong><span style=\"font-family: Verdana;\"><span style=\"font-size: medium;\">\u00a0 <\/span><\/span><\/strong><\/p>\n<p class=\"NoSpacing\" style=\"margin: 0cm 0cm 0pt; line-height: 200%; text-align: justify;\"><strong><span style=\"font-family: Verdana;\"><span style=\"font-size: medium;\">Tarih ve Synyf: 10\/KK (2010\/Kybrys\u2019yn Kuzeyi)<\/span><\/span><\/strong><\/p>\n<p><strong><span style=\"font-family: Verdana;\"><span style=\"font-size: medium;\">\u00a0 <\/span><\/span><\/strong><strong><span style=\"font-family: Verdana;\"><span style=\"font-size: medium;\">\u00a0<\/span><\/span><\/strong><\/p>\n<p class=\"MsoNormal\" style=\"margin: 0cm 0cm 0pt; line-height: 200%; text-align: justify;\"><span style=\"font-family: Verdana;\"><span style=\"font-size: medium;\">Toplumumuzun ba?rynda bir kez daha derin bir yara a\u00e7ylmaktadyr. H\u00fck\u00fcmete geldi?i g\u00fcnden beridir Kybrysly T\u00fcrk halkynyn \u00fczerine karanlyk bir kabus gibi \u00e7\u00f6ken UBP, \u201cgeleceksizle?tirme\u201d faaliyetlerine bir yenisini daha katmak \u00fczeredir: Yurdumuzun, \u00f6?retmen yeti?tiren k\u00f6kl\u00fc kurumu, Atat\u00fcrk \u00d6?retmen Akademisi\u2019nin (A\u00d6A) ipi \u00e7ekilmek istenmektedir.<\/span><\/span><\/p>\n<p><span style=\"font-family: Verdana;\"><span style=\"font-size: medium;\">\u00a0 <\/span><\/span><\/p>\n<p class=\"MsoNormal\" style=\"margin: 0cm 0cm 0pt; line-height: 200%; text-align: justify;\"><span style=\"font-family: Verdana;\"><span style=\"font-size: medium;\">\u00d6zelle?tirme politikalary kapsamynda bir\u00e7ok temel kamusal haklarymyz sermayedarlara pe?ke? \u00e7ekilmektedir. Ula?ym, sa?lyk, barynma gibi kamusal haklar alanynda acymasyzca ilerleyen piyasala?tyrma uygulamalary, e?itim alanynda da ciddi bir d\u00fczeydedir. Bir yandan \u00fclkemizdeki \u00fcniversitelerin toplumsal yarary g\u00f6zetmeden, sadece piyasa ihtiya\u00e7laryny merkeze alarak e?itim vermesi; \u00f6te yandan ise ortaokul ve lise gibi e?itim kurulu?larynyn teker teker \u00f6zel okullaryn ve kolejlerin insafyna terk edilmesi! H\u00fck\u00fcmetler eliyle y\u00fcr\u00fct\u00fclen bu acymasyz piyasala?tyrma politikalary insanlaryn temel kamusal haklaryny gasp edip, tamamen toplumsal yarary \u00f6rtbas ederek, onlara eri?imi, onlaryn kullanymyny \u00fc\u00e7 parolaya ba?lyyor: PARA, PARA, PARA!<\/span><\/span><\/p>\n<p><span style=\"font-family: Verdana;\"><span style=\"font-size: medium;\">\u00a0\u00a0 <\/span><\/span><\/p>\n<p class=\"MsoNormal\" style=\"margin: 0cm 0cm 0pt; line-height: 200%; text-align: justify;\"><span style=\"font-family: Verdana;\"><span style=\"font-size: medium;\">?imdiki h\u00fck\u00fcmet UBP; CTP-\u00d6RP h\u00fck\u00fcmetinden devraldy?y \u00f6zelle?tirme politikalaryny kendine has baskycy ve fa?ist tavryyla g\u00f6z\u00fc d\u00f6nm\u00fc? bir ?ekilde uygulamaya devam ediyor. Toplumun ba?rynda a?yr bir yara a\u00e7an \u201cG\u00f6\u00e7 Yasasy\u201dndan sonra UBP ?imdi de ucundan kan damlayan han\u00e7erlerini A\u00d6A\u2019ya do?rultmu? durumdadyr. 2003 <span>\u00a0<\/span>yylynda kanunsuz bir ?ekilde, Yakyn Do?u \u00dcniversitesi (YD\u00dc) \u00e7atysy altynda a\u00e7ylan \u201cOkul \u00d6ncesi E?itim \u00d6?retmenli?i B\u00f6l\u00fcm\u00fc\u201d CTP d\u00f6neminde A\u00d6A\u2019ya y\u00f6nelik vurulan ilk darbeydi. A\u00d6A \u00f6?rencilerinin eylemleri kar?ysynda<span>\u00a0 <\/span>2005 yylynda geri adym atan CTP, b\u00f6l\u00fcme 48 aya kadar kre? \u00f6?retmenli?i izni vermi?ti.<\/span><\/span><\/p>\n<p><span style=\"font-family: Verdana;\"><span style=\"font-size: medium;\">\u00a0\u00a0 \u00a0<\/span><\/span><\/p>\n<p class=\"MsoNormal\" style=\"margin: 0cm 0cm 0pt; line-height: 200%; text-align: justify;\"><span style=\"font-family: Verdana;\"><span style=\"font-size: medium;\">Aradan toplam yedi yyllyk bir zaman dilimi ge\u00e7ti! ?imdi h\u00fck\u00fcmet koltu?unda UBP oturmakta. YD\u00dc\u2019deki \u201cOkul \u00d6ncesi E?itim \u00d6?retmenli?i B\u00f6l\u00fcm\u00fc\u201dn\u00fcn tanyndy?yna dair bir metin ve metnin altynda, atty?y imzadan haberi olmady?yny s\u00f6yleyen \u2018d\u00fcr\u00fcst\u2019 bir bakanyn imzasy!<\/span><\/span><\/p>\n<p><span style=\"font-family: Verdana;\"><span style=\"font-size: medium;\">\u00a0\u00a0 <\/span><\/span><\/p>\n<p class=\"MsoNormal\" style=\"margin: 0cm 0cm 0pt; line-height: 200%; text-align: justify;\"><span style=\"font-family: Verdana;\"><span style=\"font-size: medium;\"><span>\u00a0<\/span>A\u00d6A\u2019ya ikinci darbe de \u201chabersizce\u201d ve \u201cD\u00fcr\u00fcst\u2019\u00e7e\u201d <span>\u00a0<\/span>vurulmu? oldu. Fakat bu darbe sadece A\u00d6A\u2019ya vurulmu? bir darbe de?ildir. Ayny zamanda toplumun gelece?ine ve kamusal bir hak olan e?itime y\u00f6nelik yapylan bir darbedir; e?itimin tamamen paraya ve kara indirgenmesi, i\u00e7inin oyulmasydyr. K\u00f6kl\u00fc bir kurum olan ve devlet eliyle \u00f6zel gruplar \u00e7ykaryna, piyasa anlayy?yyla de?il; kamusal yarar ve ihtiya\u00e7lar zemininde e?itim veren ve e?itim emek\u00e7isi yeti?tiren A\u00d6A,<span>\u00a0 <\/span>h\u00fck\u00fcmetlerin neo-liberal politikalary ile birlikte tamamen i?levsizle?tirilmek istenmektedir. Ama\u00e7 <span>\u00a0<\/span>%100 \u00f6zelle?tirme ve kamusal yarar i\u00e7in faaliyet g\u00f6steren kurumlaryn i?levsiz kylynmasydyr.<\/span><\/span><\/p>\n<p><span style=\"font-family: Verdana;\"><span style=\"font-size: medium;\">\u00a0\u00a0 \u00a0<\/span><\/span><\/p>\n<p class=\"MsoNormal\" style=\"margin: 0cm 0cm 0pt; line-height: 200%; text-align: justify;\"><span style=\"font-family: Verdana;\"><span style=\"font-size: medium;\">G\u00f6z\u00fc d\u00f6nm\u00fc? UBP h\u00fck\u00fcmetinin halk d\u00fc?many \u201cgeleceksizle?tirme\u201d politikalaryna kar?y halk muhalefeti de emek alanlarynda ve gelece?inin saflarynda yy?ynak yapmalydyr. Baraka K\u00fclt\u00fcr Merkezi olarak 2005 yylynda A\u00d6A\u2019nyn i?levsizle?tirilmesine y\u00f6nelik atylan adymlaryn kar?ysynda yer almy?tyk. Bug\u00fcn de A\u00d6A \u00f6?rencilerinin ders boykotlary ve y\u00fcr\u00fcy\u00fc?lerle ba?latmy? olduklary m\u00fccadelenin onurlu ve erdemli bir hareket oldu?unun altyny \u00e7izmekte, onlaryn m\u00fccadelesini desteklemekteyiz.<\/span><\/span><\/p>\n<p><span style=\"font-family: Verdana;\"><span style=\"font-size: medium;\">\u00a0\u00a0 <\/span><\/span><\/p>\n<p class=\"MsoNormal\" style=\"margin: 0cm 0cm 0pt; line-height: 200%; text-align: justify;\"><span style=\"font-family: Verdana;\"><span style=\"font-size: medium;\">\u00d6te yandan h\u00fck\u00fcmet g\u00fc\u00e7leri ve \u00f6zelle?tirme taraftarlary Yakyn Do?u \u00dcniversitesi \u00f6?rencileri ile A\u00d6A \u00f6?rencilerini kar?y kar?yya getirmeye \u00e7aly?arak, \u00f6?renciler arasynda bir rekabet ve hyrs ortamy yaratmak amacyndadyrlar. Fakat YD\u00dc \u00f6?rencileri de piyasacy zihniyetin ma?durlarydyrlar. Savunulmasy gereken ?iar, t\u00fcm \u00f6?rencilerin birlik ve beraberlik i\u00e7erisinde piyasacy sisteme ve egemenlere kar?y ortak m\u00fccadele etmesidir. <span>\u00a0<\/span>Durumun siyasi i\u00e7eri?ini bo?altarak, rant sa?lamaya \u00e7aly?an politikacylaryn bu oyununa gelinmemelidir. Sorun \u00f6?rencilerin kendi arasynda de?il, \u00f6?rencilerle sistem arasyndadyr.<\/span><\/span><\/p>\n<p><span style=\"font-family: Verdana;\"><span style=\"font-size: medium;\">\u00a0\u00a0 \u00a0<\/span><\/span><\/p>\n<p class=\"MsoNormal\" style=\"margin: 0cm 0cm 0pt; line-height: 200%; text-align: justify;\"><span style=\"font-family: Verdana;\"><span style=\"font-size: medium;\"><span>\u00a0<\/span>A\u00d6A \u00f6?rencileri bir yandan sadece A\u00d6A\u2019ya sahip \u00e7ykyyormu? gibi g\u00f6z\u00fckebilir. <span>\u00a0<\/span>Evet, <span>\u00a0<\/span>A\u00d6A \u00f6?rencileri kendi okullaryna ve geleceklerine sahip \u00e7ykyyor, onlardan sonra gelecek olanlaryn da kamusal fayda zemininde nitelikli ve e?it e?itim almasy i\u00e7in m\u00fccadele ediyorlar. <span>\u00a0<\/span>Akademi\u2019nin kapatylmamasy, \u00e7\u00fcr\u00fct\u00fclmemesi i\u00e7in kavga veriyorlar. Fakat \u00f6te yandan bir ?ey daha yapyyorlar. Hen\u00fcz diploma almadan \u00f6?retmenlik yapylabilece?ini g\u00f6steriyorlar<em>. Onlar bug\u00fcn e?itimin bir hak oldu?unu ve satylamayaca?yny, \u00f6zelle?tirilemeyece?ini haykyrarak egemenlere insanlyk dersi vermektedirler. Onlar bug\u00fcn egemenlere kar?y e?it ve nitelikli e?itim talebini dillendirerek yok edilmeye \u00e7aly?ylan ve sermayenin piyasa deryasynda kaderiyle ba? ba?a byrakylan \u00f6?retmenlik onurunu ve erdemini yeniden diriltiyorlar. Onlar bug\u00fcn e?itimin ve okullarynyn gelece?ine, kendi geleceklerine ve ardyndan gelecek olan ku?aklara sahip \u00e7ykarak; kaderlerini, avu\u00e7laryna para kokusu sinmi? politikacylaryn ellerine byrakmayacaklaryny, kendi kaderleri ile ilgili kendilerinin belirleyici olaca?yny haykyryyorlar.<\/em><\/span><\/span><\/p>\n<p><span style=\"font-family: Verdana;\"><span style=\"font-size: medium;\"><em>\u00a0\u00a0 <\/em>\u00a0<\/span><\/span><\/p>\n<p class=\"MsoNormal\" style=\"margin: 0cm 0cm 0pt; line-height: 200%; text-align: justify;\"><span style=\"font-family: Verdana;\"><span style=\"font-size: medium;\">A\u00d6A \u00f6?rencileri bug\u00fcn ilk derslerini veriyorlar. A\u00d6A \u00f6?rencileri e?itimi para olarak g\u00f6renlere, \u00f6zelle?tirme ate?i ile yanyp yanyp tutu?an \u2018D\u00fcr\u00fcst\u2019lere, \u2018siz nasyl \u00f6?retmen olacaksynyz\u2019 diye sa\u00e7malayanlara, \u00f6?retmenlik erdemini paranyn so?uk sularynda bo?an i?g\u00fczarlara; e?itimin satylamayaca?ynyn, onun e?it ve nitelikli olmasy gerekti?inin ve \u00f6?retmenli?in bir erdeminin oldu?unun dersini vermektedir.<\/span><\/span><\/p>\n<p><span style=\"font-family: Verdana;\"><span style=\"font-size: medium;\">\u00a0\u00a0 <\/span><\/span><span style=\"font-family: Verdana;\"><span style=\"font-size: medium;\">\u00a0<\/span><\/span><\/p>\n<p class=\"NoSpacing\" style=\"margin: 0cm 0cm 0pt; line-height: 200%; text-align: justify;\"><strong><span style=\"font-family: Verdana;\"><span style=\"font-size: medium;\">BARAKA K\u00dcLT\u00dcR MERKEZY(a)<\/span><\/span><\/strong><\/p>\n<p><strong><span style=\"font-family: Verdana;\"><span style=\"font-size: medium;\">\u00a0 <\/span><\/span><\/strong><strong><span style=\"font-family: Verdana;\"><span style=\"font-size: medium;\">Hasan YIKICI<\/span><\/span><\/strong><span style=\"font-family: Verdana;\"><span style=\"font-size: medium;\"><span>\u00a0<\/span><span>\u00a0 <\/span><\/span><\/span><\/p>\n","protected":false},"excerpt":{"rendered":"<p>\u00a0\u00a0\u00a0 \u00a0 \u00a0 Dersin konusu: E?itim haktyr, satylamaz! \u00a0 Dersi veren: A\u00d6A \u00f6?rencileri! \u00a0 Dersi alan: \u2018D\u00fcr\u00fcst\u00e7e\u2019 h\u00fck\u00fcmet(ler) \u00a0 Okul: Egemenler i\u00e7in \u2018Ynsan Ve Hayat<\/p>\n","protected":false},"author":1,"featured_media":0,"comment_status":"open","ping_status":"open","sticky":false,"template":"","format":"standard","meta":{"jetpack_post_was_ever_published":false,"_jetpack_newsletter_access":"","_jetpack_newsletter_tier_id":0,"jetpack_publicize_message":"","jetpack_is_tweetstorm":false,"jetpack_publicize_feature_enabled":true,"jetpack_social_post_already_shared":false,"jetpack_social_options":{"image_generator_settings":{"template":"highway","enabled":false}}},"categories":[41],"tags":[],"jetpack_publicize_connections":[],"jetpack_featured_media_url":"","jetpack_shortlink":"https:\/\/wp.me\/p4eHWX-vO","jetpack_sharing_enabled":true,"_links":{"self":[{"href":"https:\/\/baraka.cc\/index.php?rest_route=\/wp\/v2\/posts\/1972"}],"collection":[{"href":"https:\/\/baraka.cc\/index.php?rest_route=\/wp\/v2\/posts"}],"about":[{"href":"https:\/\/baraka.cc\/index.php?rest_route=\/wp\/v2\/types\/post"}],"author":[{"embeddable":true,"href":"https:\/\/baraka.cc\/index.php?rest_route=\/wp\/v2\/users\/1"}],"replies":[{"embeddable":true,"href":"https:\/\/baraka.cc\/index.php?rest_route=%2Fwp%2Fv2%2Fcomments&post=1972"}],"version-history":[{"count":1,"href":"https:\/\/baraka.cc\/index.php?rest_route=\/wp\/v2\/posts\/1972\/revisions"}],"predecessor-version":[{"id":1975,"href":"https:\/\/baraka.cc\/index.php?rest_route=\/wp\/v2\/posts\/1972\/revisions\/1975"}],"wp:attachment":[{"href":"https:\/\/baraka.cc\/index.php?rest_route=%2Fwp%2Fv2%2Fmedia&parent=1972"}],"wp:term":[{"taxonomy":"category","embeddable":true,"href":"https:\/\/baraka.cc\/index.php?rest_route=%2Fwp%2Fv2%2Fcategories&post=1972"},{"taxonomy":"post_tag","embeddable":true,"href":"https:\/\/baraka.cc\/index.php?rest_route=%2Fwp%2Fv2%2Ftags&post=1972"}],"curies":[{"name":"wp","href":"https:\/\/api.w.org\/{rel}","templated":true}]}}