{"id":1976,"date":"2010-03-08T21:26:06","date_gmt":"2010-03-08T19:26:06","guid":{"rendered":"https:\/\/baraka.cc\/?p=1976"},"modified":"2014-01-08T21:26:57","modified_gmt":"2014-01-08T19:26:57","slug":"8-martin-100-yilinda-kadinlar-yuruyor-mucadele-buyuyor","status":"publish","type":"post","link":"https:\/\/baraka.cc\/?p=1976","title":{"rendered":"8 MART\u2019IN 100.YILINDA KADINLAR Y\u00dcR\u00dcYOR M\u00dcCADELE B\u00dcY\u00dcYOR"},"content":{"rendered":"<p class=\"MsoNormal\" style=\"text-align: justify; line-height: 150%; margin: 0cm 0cm 0pt;\">\n<p><strong><span style=\"line-height: 150%; font-family: Verdana; font-size: 11pt;\">\u00a0\u00a0 <\/span><\/strong><span style=\"line-height: 150%; font-family: Verdana; font-size: 11pt;\">\u00a0<\/span><strong><span style=\"line-height: 150%; font-family: Verdana; font-size: 11pt;\">\u00a0<\/span><\/strong><\/p>\n<p class=\"MsoNormal\" style=\"text-align: justify; line-height: 150%; text-indent: 36pt; margin: 0cm 0cm 0pt;\"><span style=\"line-height: 150%; font-family: Verdana; font-size: 11pt;\">1800\u2019l\u00fc yyllaryn sonlaryndan itibaren kadyn i?\u00e7ilerin y\u00fckselen m\u00fccadelesi neticesinde, 1910 yylynda toplanan 2. Uluslararasy Sosyalist Kadynlar Konferansy\u2019nda Klara Zetkin\u2019in \u00f6nerisiyle, uluslararasy \u00e7apta kadyn sorunlaryna \u00f6zel bir g\u00fcn belirlenmesi karary alyndy. Ve biz kadynlar 100 yyldyr, 8 Martlarda taleplerimizi haykyryyor, m\u00fccadelemizi daha da y\u00fckseltiyoruz. O yyllarda; e?it i?e e?it \u00fccret, \u00e7aly?ma saatlerinin azaltylmasy, do?um ve emzirme izinleri, oy hakky gibi talepleri dile getiren kadynlar, bazy kazanymlar elde ettiyse de bug\u00fcn hala bizlerin toplumsal cinsiyet e?itli?i u?runda y\u00fcr\u00fcyecek \u00e7ok yolumuz var.<\/span><\/p>\n<p><span style=\"line-height: 150%; font-family: Verdana; font-size: 11pt;\">\u00a0\u00a0\u00a0\u00a0\u00a0\u00a0\u00a0\u00a0\u00a0\u00a0\u00a0 <\/span><\/p>\n<p class=\"MsoNormal\" style=\"text-align: justify; line-height: 150%; text-indent: 36pt; margin: 0cm 0cm 0pt;\"><span style=\"line-height: 150%; font-family: Verdana; font-size: 11pt;\">Gerek i?yerinde gerekse evde verdi?i emekle ya?amyn her alanynda \u00fcretimin ve yeniden \u00fcretimin merkezinde olan kadynlar, y\u00f6netim ve karar mekanizmalarynda hep ikinci planda kalmaktadyrlar. Sistemin baskylady?y ve toplumsal rollerle de peki?tirilen kadynyn ev i\u00e7i eme?i g\u00f6r\u00fcnmez kylynmakta, kadynyn bedeni ise ya \u201ckorunacak namus\u201d ya da \u201cte?hir edilecek bir meta\u201d olarak erke?in denetiminde g\u00f6r\u00fclmektedir. Erkek egemen k\u00fclt\u00fcr, evdeki kadyna ?efkatli, gece kul\u00fcb\u00fcndeki kadyna ?evhetli olmasyny \u00f6?\u00fctlerken, i?yerindeki kadyna ise itaatkarlyk rol\u00fcn\u00fc bi\u00e7mektedir.\u00a0 Kapitalizmin devamy i\u00e7in ka\u00e7ynylmaz olan bu roller sorgulanyp ala?a?y edilmedik\u00e7e, kadynyn ve toplumun \u00f6zg\u00fcrle?mesi m\u00fcmk\u00fcn olmayacaktyr. <\/span><\/p>\n<p><span style=\"line-height: 150%; font-family: Verdana; font-size: 11pt;\">\u00a0\u00a0\u00a0\u00a0\u00a0\u00a0\u00a0\u00a0\u00a0\u00a0 <\/span><\/p>\n<p class=\"MsoNormal\" style=\"text-align: justify; line-height: 150%; text-indent: 36pt; margin: 0cm 0cm 0pt;\"><span style=\"line-height: 150%; font-family: Verdana; font-size: 11pt;\">\u00dclkemizde hyzla artmakta olan taciz ve tecav\u00fcz olaylary, aile i\u00e7i fiziksel ve psikolojik ?iddet vakalary pek \u00e7ok kadyny ma?dur ederken devlet, kadynlaryn yardym alabilece?i kurumlary olu?turmayy aklyna bile getirmemektedir.\u00a0 Sendikalar, \u00fcyelerinin en az yarysyny olu?turan kadynlara y\u00f6nelik politikalar \u00fcretmekten aciz kalmakta, \u00fccretsiz kre? gibi kadynlaryn y\u00fck\u00fcn\u00fc azaltacak, politik ve sosyal ya?ama katylmalarynyn \u00f6n\u00fcn\u00fc a\u00e7acak taleplerle devletin kar?ysyna \u00e7ykmamaktadyrlar.\u00a0 <\/span><\/p>\n<p><span style=\"line-height: 150%; font-family: Verdana; font-size: 11pt;\">\u00a0\u00a0\u00a0\u00a0\u00a0\u00a0\u00a0\u00a0\u00a0\u00a0\u00a0\u00a0\u00a0\u00a0\u00a0\u00a0 <\/span><\/p>\n<p class=\"MsoNormal\" style=\"text-align: justify; line-height: 150%; text-indent: 36pt; margin: 0cm 0cm 0pt;\"><span style=\"line-height: 150%; font-family: Verdana; font-size: 11pt;\">IMF ve D\u00fcnya Bankasy\u2019nyn T\u00fcrkiye\u2019ye, Ankara\u2019nyn ise \u00fclkemize dayatty?y neo-liberal politikalar sonucu emek\u00e7i kesimler her ge\u00e7en g\u00fcn daha da yoksulla?makta, \u00f6zelle?tirme ve piyasala?tyrma ile e?itim ve sa?ly?yn kalitesi d\u00fc?mektedir. \u00dccretsiz sa?lyk ve e?itim gibi temel haklaryn budanmasy ve para kar?yly?y satylan hizmetler haline getirilmesi ise en \u00e7ok kadynlary peri?an etmektedir. Ya?ly babamyzy muayene ettirmek i\u00e7in devlet hastanesi kapylarynda syra bekleyen, \u00e7ocuklarymyzyn iyi bir e?itim almasy i\u00e7in maddi manevi olanaklarymyzy seferber eden biz kadynlar, kamu kaynaklarynyn patronlaryn kary i\u00e7in de?il halkyn haklary i\u00e7in kullanylmasyny istiyoruz.\u00a0\u00a0 <\/span><\/p>\n<p><span style=\"line-height: 150%; font-family: Verdana; font-size: 11pt;\">\u00a0\u00a0\u00a0\u00a0\u00a0\u00a0\u00a0\u00a0\u00a0\u00a0\u00a0\u00a0\u00a0\u00a0 <\/span><\/p>\n<p class=\"MsoNormal\" style=\"text-align: justify; line-height: 150%; text-indent: 36pt; margin: 0cm 0cm 0pt;\"><span style=\"line-height: 150%; font-family: Verdana; font-size: 11pt;\">\u00d6zel sekt\u00f6rde sendikasyzlyktan dolayy haklaryny arayamayan biz kadynlar, hamile oldu?umuzda ya da tacize u?rayyp sessiz kalmady?ymyzda i?ten \u00e7ykarylmamak istiyoruz. <\/span><\/p>\n<p><span style=\"line-height: 150%; font-family: Verdana; font-size: 11pt;\">\u00a0\u00a0\u00a0\u00a0\u00a0\u00a0\u00a0\u00a0\u00a0\u00a0\u00a0\u00a0\u00a0\u00a0\u00a0 <\/span><\/p>\n<p class=\"MsoNormal\" style=\"text-align: justify; line-height: 150%; text-indent: 36pt; margin: 0cm 0cm 0pt;\"><span style=\"line-height: 150%; font-family: Verdana; font-size: 11pt;\">Medyanyn, gazete habereri ile, foto?raflar ile, dizi veya reklamlar ile kadynlary a?a?ylamasyna, bedenimizi te?hir etmesine hayyr diyoruz.<\/span><\/p>\n<p><span style=\"line-height: 150%; font-family: Verdana; font-size: 11pt;\">\u00a0\u00a0\u00a0\u00a0\u00a0\u00a0\u00a0\u00a0\u00a0\u00a0\u00a0 <\/span><\/p>\n<p class=\"MsoNormal\" style=\"text-align: justify; line-height: 150%; text-indent: 36pt; margin: 0cm 0cm 0pt;\"><span style=\"line-height: 150%; font-family: Verdana; font-size: 11pt;\">Devletten \u00fccretsiz kre? ve kadyn sy?ynma evleri talep ediyoruz.<\/span><\/p>\n<p><span style=\"line-height: 150%; font-family: Verdana; font-size: 11pt;\">\u00a0\u00a0\u00a0\u00a0\u00a0\u00a0\u00a0\u00a0\u00a0\u00a0\u00a0\u00a0\u00a0\u00a0 <\/span><\/p>\n<p class=\"MsoNormal\" style=\"text-align: justify; line-height: 150%; text-indent: 36pt; margin: 0cm 0cm 0pt;\"><span style=\"line-height: 150%; font-family: Verdana; font-size: 11pt;\">Eme?imizin g\u00f6r\u00fcn\u00fcr olmasyny, bedenimiz \u00fczerinde s\u00f6z hakkymyzy da istiyoruz.<\/span><span style=\"line-height: 150%; font-family: Verdana; font-size: 11pt;\">\u00a0<\/span><\/p>\n<p><span style=\"line-height: 150%; font-family: Verdana; font-size: 11pt;\">\u00a0\u00a0\u00a0\u00a0\u00a0\u00a0\u00a0\u00a0\u00a0\u00a0\u00a0\u00a0\u00a0 <\/span><span style=\"line-height: 150%; font-family: Verdana; font-size: 11pt;\">\u00a0<\/span><\/p>\n<p class=\"MsoNormal\" style=\"text-align: justify; line-height: 150%; text-indent: 36pt; margin: 0cm 0cm 0pt;\"><span style=\"line-height: 150%; font-family: Verdana; font-size: 11pt;\">Biz kadynlar, cinsiyeti ya da cinsel y\u00f6nelimi ne olursa olsun herkesin e?it ve \u00f6zg\u00fcr ya?ayaca?y bir d\u00fcnya i\u00e7in m\u00fccadeleye devam diyoruz. <\/span><\/p>\n<p><span style=\"line-height: 150%; font-family: Verdana; font-size: 11pt;\">\u00a0\u00a0\u00a0\u00a0\u00a0\u00a0\u00a0\u00a0\u00a0\u00a0\u00a0\u00a0\u00a0\u00a0\u00a0 <\/span><\/p>\n<p class=\"MsoNormal\" style=\"text-align: justify; line-height: 150%; text-indent: 36pt; margin: 0cm 0cm 0pt;\"><span style=\"line-height: 150%; font-family: Verdana; font-size: 11pt;\">Ve 8 Mart D\u00fcnya Emek\u00e7i Kadynlar G\u00fcn\u00fc\u2019n\u00fc, m\u00fccadeye devam etmek i\u00e7in enerjimizi toplady?ymyz, dayany?arak g\u00fcc\u00fcm\u00fcze g\u00fc\u00e7 katty?ymyz \u00a0bir g\u00fcn olarak kutluyoruz. <\/span><\/p>\n<p class=\"MsoNormal\" style=\"text-align: justify; line-height: 150%; text-indent: 36pt; margin: 0cm 0cm 0pt;\"><span style=\"line-height: 150%; font-family: Verdana; font-size: 11pt;\">\u00a0\u00a0\u00a0\u00a0\u00a0\u00a0\u00a0\u00a0\u00a0 <\/span><\/p>\n<p><span style=\"line-height: 150%; font-family: Verdana; font-size: 11pt;\">\u00a0\u00a0 8 Mart 2010<\/span><span style=\"line-height: 150%; font-family: Verdana; font-size: 11pt;\">\u00a0<\/span><\/p>\n","protected":false},"excerpt":{"rendered":"<p>\u00a0\u00a0 \u00a0\u00a0 1800\u2019l\u00fc yyllaryn sonlaryndan itibaren kadyn i?\u00e7ilerin y\u00fckselen m\u00fccadelesi neticesinde, 1910 yylynda toplanan 2. Uluslararasy Sosyalist Kadynlar Konferansy\u2019nda Klara Zetkin\u2019in \u00f6nerisiyle, uluslararasy \u00e7apta kadyn<\/p>\n","protected":false},"author":1,"featured_media":0,"comment_status":"open","ping_status":"open","sticky":false,"template":"","format":"standard","meta":{"jetpack_post_was_ever_published":false,"_jetpack_newsletter_access":"","_jetpack_newsletter_tier_id":0,"jetpack_publicize_message":"","jetpack_is_tweetstorm":false,"jetpack_publicize_feature_enabled":true,"jetpack_social_post_already_shared":false,"jetpack_social_options":{"image_generator_settings":{"template":"highway","enabled":false}}},"categories":[41],"tags":[],"jetpack_publicize_connections":[],"jetpack_featured_media_url":"","jetpack_shortlink":"https:\/\/wp.me\/p4eHWX-vS","jetpack_sharing_enabled":true,"_links":{"self":[{"href":"https:\/\/baraka.cc\/index.php?rest_route=\/wp\/v2\/posts\/1976"}],"collection":[{"href":"https:\/\/baraka.cc\/index.php?rest_route=\/wp\/v2\/posts"}],"about":[{"href":"https:\/\/baraka.cc\/index.php?rest_route=\/wp\/v2\/types\/post"}],"author":[{"embeddable":true,"href":"https:\/\/baraka.cc\/index.php?rest_route=\/wp\/v2\/users\/1"}],"replies":[{"embeddable":true,"href":"https:\/\/baraka.cc\/index.php?rest_route=%2Fwp%2Fv2%2Fcomments&post=1976"}],"version-history":[{"count":1,"href":"https:\/\/baraka.cc\/index.php?rest_route=\/wp\/v2\/posts\/1976\/revisions"}],"predecessor-version":[{"id":1978,"href":"https:\/\/baraka.cc\/index.php?rest_route=\/wp\/v2\/posts\/1976\/revisions\/1978"}],"wp:attachment":[{"href":"https:\/\/baraka.cc\/index.php?rest_route=%2Fwp%2Fv2%2Fmedia&parent=1976"}],"wp:term":[{"taxonomy":"category","embeddable":true,"href":"https:\/\/baraka.cc\/index.php?rest_route=%2Fwp%2Fv2%2Fcategories&post=1976"},{"taxonomy":"post_tag","embeddable":true,"href":"https:\/\/baraka.cc\/index.php?rest_route=%2Fwp%2Fv2%2Ftags&post=1976"}],"curies":[{"name":"wp","href":"https:\/\/api.w.org\/{rel}","templated":true}]}}