{"id":1980,"date":"2010-02-19T21:27:45","date_gmt":"2010-02-19T19:27:45","guid":{"rendered":"https:\/\/baraka.cc\/?p=1980"},"modified":"2014-01-08T21:28:45","modified_gmt":"2014-01-08T19:28:45","slug":"camlibel-myrtu-halkinin-hakli-mucadelesyny-desteklyyoruz","status":"publish","type":"post","link":"https:\/\/baraka.cc\/?p=1980","title":{"rendered":"\u00c7AMLIBEL (MYRTU) HALKININ HAKLI M\u00dcCADELESYNY DESTEKLYYORUZ"},"content":{"rendered":"<p class=\"MsoNormal\" style=\"margin: 0cm 0cm 0pt; line-height: 150%; text-align: justify;\">\n<p><span style=\"font-size: 11pt; line-height: 150%; font-family: Verdana;\">\u00a0\u00a0 <\/span><\/p>\n<p class=\"MsoNormal\" style=\"margin: 0cm 0cm 0pt; line-height: 150%; text-align: justify;\"><span style=\"font-size: 11pt; line-height: 150%; font-family: Verdana;\">Kendi ya?am alanlarynda s\u00f6z sahibi olmak i\u00e7in hakly bir m\u00fccadele vermekte olan \u00c7amlybel (Mirtu) halkyny destekliyor, gerek CTP gerekse UBP h\u00fck\u00fcmetlerinin yerel y\u00f6netimler konusundaki anti-demokratik tavryny kynyyoruz.\u00a0 <\/span><\/p>\n<p><span style=\"font-size: 11pt; line-height: 150%; font-family: Verdana;\">\u00a0\u00a0 <\/span><\/p>\n<p class=\"MsoNormal\" style=\"margin: 0cm 0cm 0pt; line-height: 150%; text-align: justify;\"><span style=\"font-size: 11pt; line-height: 150%; font-family: Verdana;\">Belde synyrlarynyn de?i?tirilmesi ve t\u00fcm bucaklar ile k\u00f6ylerin, synyry olsun olmasyn bir belediyeye ba?lanmasy y\u00f6n\u00fcnde Yasa de?i?ikli?i yapan CTP H\u00fck\u00fcmeti d\u00f6neminden bu yana yerel y\u00f6netimlerde bir kaos ya?anmaktadyr.\u00a0 UBP H\u00fck\u00fcmeti ise bu Yasa de?i?ikli?ine dayanarak, anti-demokratik bir anlayy?la kararlar \u00fcretmekte ve b\u00f6lge halklarynyn kendi ya?am alanlary ile ilgili istek ve iradelerini hi\u00e7e saymaktadyr.<\/span><\/p>\n<p><span style=\"font-size: 11pt; line-height: 150%; font-family: Verdana;\">\u00a0\u00a0 \u00a0<\/span><\/p>\n<p class=\"MsoNormal\" style=\"margin: 0cm 0cm 0pt; line-height: 150%; text-align: justify;\"><span style=\"font-size: 11pt; line-height: 150%; font-family: Verdana;\">Yasa gere?i bir k\u00f6y de?il Girne Yl\u00e7esinin iki b\u00fcy\u00fck buca?yndan biri olan \u00c7amlybel,\u00a0 y\u00f6redeki insanlaryn tamamyna yakynynyn bir belediyeye ba?lanmama y\u00f6n\u00fcndeki \u00f6rg\u00fctl\u00fc m\u00fccadelesine ra?men Lapta Belediyesi\u2019ne ba?lanmy?tyr. \u00c7amlybel Buca?yny G\u00fczelle?tirme, Kalkyndyrma ve Ya?atma Derne?i (\u00c7AM-SEV)\u2019in ses getiren hakly talepleri ve eylemleri g\u00f6rmezden gelinerek \u00e7evik kuvvet baskysy ile halk sindirilmeye \u00e7aly?ylmaktadyr. UBP y\u00f6netimi, Meclis \u00f6n\u00fcnde grev yapan sendikacylara oldu?u gibi, \u00c7amlybel halkyna da fa?izan y\u00fcz\u00fcn\u00fc g\u00f6stermi?tir. \u00c7evik kuvvet e?li?inde dozerlerle b\u00f6lgeye giden Lapta Belediyesi, \u00e7evre temizli?i bahanesiyle yaptyklary g\u00f6vde g\u00f6sterisinde, tarihi bir su sarnycyny da yerle bir etmi?tir. Halkyn s\u00f6z-yetki-karar hakkyna tahamm\u00fcl\u00fc olmayan UBP zihniyeti,\u00a0 tarihi ve k\u00fclt\u00fcrel de?erlerimizi de ezip ge\u00e7mektedir.<\/span><\/p>\n<p><span style=\"font-size: 11pt; line-height: 150%; font-family: Verdana;\">\u00a0\u00a0 \u00a0 <\/span><\/p>\n<p class=\"MsoNormal\" style=\"margin: 0cm 0cm 0pt; line-height: 150%; text-align: justify;\"><span style=\"font-size: 11pt; line-height: 150%; font-family: Verdana;\">Baraka K\u00fclt\u00fcr Merkezi olarak \u00c7AM-SEV ve \u00c7amlybel halkynyn yanynda oldu?umuzu bildirir,\u00a0 t\u00fcm ilerici \u00f6rg\u00fct ve kesimleri bu hakly m\u00fccadeleye destek olmaya \u00e7a?yryryz.<\/span><\/p>\n<p class=\"MsoNormal\" style=\"margin: 0cm 0cm 0pt; line-height: 150%; text-align: justify;\"><span style=\"font-size: 11pt; line-height: 150%; font-family: Verdana;\">\u00a0\u00a0 <\/span><\/p>\n<p>&nbsp;<\/p>\n","protected":false},"excerpt":{"rendered":"<p>\u00a0\u00a0 Kendi ya?am alanlarynda s\u00f6z sahibi olmak i\u00e7in hakly bir m\u00fccadele vermekte olan \u00c7amlybel (Mirtu) halkyny destekliyor, gerek CTP gerekse UBP h\u00fck\u00fcmetlerinin yerel y\u00f6netimler konusundaki<\/p>\n","protected":false},"author":1,"featured_media":0,"comment_status":"open","ping_status":"open","sticky":false,"template":"","format":"standard","meta":{"jetpack_post_was_ever_published":false,"_jetpack_newsletter_access":"","_jetpack_newsletter_tier_id":0,"jetpack_publicize_message":"","jetpack_is_tweetstorm":false,"jetpack_publicize_feature_enabled":true,"jetpack_social_post_already_shared":false,"jetpack_social_options":{"image_generator_settings":{"template":"highway","enabled":false}}},"categories":[41],"tags":[],"jetpack_publicize_connections":[],"jetpack_featured_media_url":"","jetpack_shortlink":"https:\/\/wp.me\/p4eHWX-vW","jetpack_sharing_enabled":true,"_links":{"self":[{"href":"https:\/\/baraka.cc\/index.php?rest_route=\/wp\/v2\/posts\/1980"}],"collection":[{"href":"https:\/\/baraka.cc\/index.php?rest_route=\/wp\/v2\/posts"}],"about":[{"href":"https:\/\/baraka.cc\/index.php?rest_route=\/wp\/v2\/types\/post"}],"author":[{"embeddable":true,"href":"https:\/\/baraka.cc\/index.php?rest_route=\/wp\/v2\/users\/1"}],"replies":[{"embeddable":true,"href":"https:\/\/baraka.cc\/index.php?rest_route=%2Fwp%2Fv2%2Fcomments&post=1980"}],"version-history":[{"count":1,"href":"https:\/\/baraka.cc\/index.php?rest_route=\/wp\/v2\/posts\/1980\/revisions"}],"predecessor-version":[{"id":1982,"href":"https:\/\/baraka.cc\/index.php?rest_route=\/wp\/v2\/posts\/1980\/revisions\/1982"}],"wp:attachment":[{"href":"https:\/\/baraka.cc\/index.php?rest_route=%2Fwp%2Fv2%2Fmedia&parent=1980"}],"wp:term":[{"taxonomy":"category","embeddable":true,"href":"https:\/\/baraka.cc\/index.php?rest_route=%2Fwp%2Fv2%2Fcategories&post=1980"},{"taxonomy":"post_tag","embeddable":true,"href":"https:\/\/baraka.cc\/index.php?rest_route=%2Fwp%2Fv2%2Ftags&post=1980"}],"curies":[{"name":"wp","href":"https:\/\/api.w.org\/{rel}","templated":true}]}}