{"id":1998,"date":"2009-06-13T21:43:28","date_gmt":"2009-06-13T19:43:28","guid":{"rendered":"https:\/\/baraka.cc\/?p=1998"},"modified":"2014-01-08T21:44:41","modified_gmt":"2014-01-08T19:44:41","slug":"dykmen-eylem-komytesy-basin-aciklamasi","status":"publish","type":"post","link":"https:\/\/baraka.cc\/?p=1998","title":{"rendered":"DYKMEN EYLEM KOMYTESY BASIN A\u00c7IKLAMASI"},"content":{"rendered":"<p class=\"MsoNormal\" style=\"margin: 0cm 0cm 0pt; line-height: 150%; text-align: justify;\">\n<p><strong><span style=\"font-size: 11pt; line-height: 150%; font-family: Verdana;\">\u00a0\u00a0\u00a0\u00a0\u00a0\u00a0<\/span><\/strong><span style=\"font-size: 11pt; line-height: 150%; font-family: Verdana;\">\u00a0<\/span><\/p>\n<p class=\"MsoNormal\" style=\"margin: 0cm 0cm 0pt; line-height: 150%; text-align: justify;\"><span style=\"font-size: 11pt; line-height: 150%; font-family: Verdana;\"><span>\u00a0\u00a0 <\/span>\u00dclkemizde kangren bir vaka halini alan ve toplumun sa?ly?yny olumsuz y\u00f6nde etkileyen Dikmen \u00c7\u00f6pl\u00fc?\u00fc\u2019ndeki sorunlaryn giderek b\u00fcy\u00fcmesi, eylemsel m\u00fccadelenin y\u00fckseltilmesini do?urmu?tur.<\/span><\/p>\n<p><span style=\"font-size: 11pt; line-height: 150%; font-family: Verdana;\">\u00a0\u00a0\u00a0\u00a0\u00a0\u00a0\u00a0\u00a0\u00a0\u00a0\u00a0\u00a0\u00a0\u00a0 <\/span><\/p>\n<p class=\"MsoNormal\" style=\"margin: 0cm 0cm 0pt; line-height: 150%; text-align: justify;\"><span style=\"font-size: 11pt; line-height: 150%; font-family: Verdana;\"><span>\u00a0\u00a0 <\/span>\u00c7\u00f6pl\u00fc?\u00fcn yakylmasy sonrasy y\u00fckselen zehirli dumanla bo?u?an halkymyz, \u00e7\u00f6pl\u00fc?\u00fcn bir an \u00f6nce yakylmasynyn \u00f6nlenmesi ve \u00e7\u00f6z\u00fcm \u00fcretilmesi i\u00e7in tek yumruk halinde h\u00fck\u00fcmete \u00e7a?ry yapmaktadyr. Ge\u00e7mi?te yapylan giri?imler ve toplantylar sonrasynda Sayyn \u00c7evre Bakany Ersan Saner\u2019in verdi?i s\u00f6zleri yerine getirmemesi, \u00e7\u00f6pl\u00fckten inanylmaz bir bi\u00e7imde zehirli dumanlaryn artarak y\u00fckselmesi, kabul edilebilir bir durum de?ildir.<\/span><\/p>\n<p><span style=\"font-size: 11pt; line-height: 150%; font-family: Verdana;\">\u00a0\u00a0\u00a0\u00a0\u00a0\u00a0\u00a0\u00a0\u00a0\u00a0\u00a0\u00a0\u00a0\u00a0 <\/span><\/p>\n<p class=\"MsoNormal\" style=\"margin: 0cm 0cm 0pt; line-height: 150%; text-align: justify;\"><strong><span style=\"font-size: 11pt; line-height: 150%; font-family: Verdana;\"><span>\u00a0\u00a0 <\/span>Kanser vakalaryny artyran bir olayyn ortadan kaldyrylmasy, h\u00fck\u00fcmetin sorumlulu?unun yeniden hatyrlatylmasy amacyyla, biz sivil toplum \u00f6rg\u00fctleri ve siyasi partiler olarak eylem s\u00fcrecine ba?lama karary almy? bulunmaktayyz. T\u00fcm d\u00fcnyada oldu?u gibi \u00fclkemizde de h\u00fck\u00fcmetlerin birincil g\u00f6revi insan sa?ly?yny tehdit eden etmenleri ortadan kaldyrmaktyr, meclisteki kyrmyzy koltuklarda oturup, laf kalabaly?y yapmak de?ildir.<\/span><\/strong><\/p>\n<p><strong><span style=\"font-size: 11pt; line-height: 150%; font-family: Verdana;\">\u00a0\u00a0\u00a0\u00a0\u00a0\u00a0\u00a0\u00a0\u00a0\u00a0\u00a0\u00a0\u00a0\u00a0\u00a0\u00a0\u00a0 \u00a0<\/span><\/strong><\/p>\n<p class=\"MsoNormal\" style=\"margin: 0cm 0cm 0pt; line-height: 150%; text-align: justify;\"><strong><span style=\"font-size: 11pt; line-height: 150%; font-family: Verdana;\"><span>\u00a0\u00a0 <\/span><\/span><\/strong><span style=\"font-size: 11pt; line-height: 150%; font-family: Verdana;\">H\u00fck\u00fcmet ve \u00c7evre Bakanly?y, artyk dayanylmaz bir hal alan bu \u00e7\u00f6pl\u00fc?e \u00e7\u00f6z\u00fcm \u00fcretmek zorundadyr. Ynsanymyzy bo?an, minik yavrularymyzyn ve sa?lyk sorunu ya?ayan vatanda?larymyzyn nefes almasyny zorla?tyran bu \u00e7\u00f6pl\u00fc?\u00fcn, yakylmasynyn durdurulmasy ve ?ov yapmaktan vazge\u00e7ilmesi gerekmektedir.<\/span><\/p>\n<p><span style=\"font-size: 11pt; line-height: 150%; font-family: Verdana;\">\u00a0\u00a0\u00a0\u00a0\u00a0\u00a0\u00a0\u00a0\u00a0\u00a0\u00a0\u00a0\u00a0\u00a0\u00a0\u00a0\u00a0\u00a0\u00a0\u00a0 <\/span><\/p>\n<p class=\"MsoNormal\" style=\"margin: 0cm 0cm 0pt; line-height: 150%; text-align: justify;\"><strong><span style=\"font-size: 11pt; line-height: 150%; font-family: Verdana;\"><span>\u00a0\u00a0 <\/span>\u00c7\u00f6pl\u00fc?\u00fcn ge\u00e7ti?imiz g\u00fcn yanmasyny \u201cSabotaj var\u201d diyerek yorumlayan ve halky kandyran anlayy?lara sormak istiyoruz: E?er sabotaj var ise polis nerededir?<\/span><\/strong><\/p>\n<p><strong><span style=\"font-size: 11pt; line-height: 150%; font-family: Verdana;\">\u00a0\u00a0\u00a0\u00a0\u00a0\u00a0\u00a0\u00a0\u00a0\u00a0\u00a0\u00a0\u00a0\u00a0\u00a0\u00a0\u00a0 \u00a0<\/span><\/strong><\/p>\n<p class=\"MsoNormal\" style=\"margin: 0cm 0cm 0pt; line-height: 150%; text-align: justify;\"><span style=\"font-size: 11pt; line-height: 150%; font-family: Verdana;\"><span>\u00a0\u00a0 <\/span><strong>T\u00fcm bu geli?meler y?y?ynda katylymcy KT\u00d6S, YKP, KAMU-SEN, \u00c7A?-SEN, G\u00dc\u00c7-SEN, Y.BARI? HAREKETY, KEMA VAKFI, BARAKA, BKP, KTOE\u00d6S, BYYOLOGLAR DERNE?Y, HAK-DER, TDP, DA\u00dc-BYRSEN, K.T.TABYBLERY BYRLY?Y, THE MANAGEMENT CENTRE, sivil toplum \u00f6rg\u00fctleri ve siyasi partiler a?a?ydaki eylem birlikteli?inde bulu?mu?tur:<\/strong><\/span><\/p>\n<p><span style=\"font-size: 11pt; line-height: 150%; font-family: Verdana;\"><strong>\u00a0\u00a0\u00a0\u00a0\u00a0\u00a0\u00a0\u00a0\u00a0\u00a0\u00a0\u00a0\u00a0\u00a0\u00a0 \u00a0<\/strong><\/span><\/p>\n<p class=\"MsoNormal\" style=\"margin: 0cm 0cm 0pt; line-height: 150%; text-align: justify;\"><span style=\"font-size: 11pt; line-height: 150%; font-family: Verdana;\"><span>\u00a0\u00a0 <\/span><strong>\u00c7EVREYE DUYARLI SYYASY PARTY VE SYVYL TOPLUM \u00d6RG\u00dcTLERY OLARAK YLK EYLEMYMYZY 16 HAZYRAN SALI SABAHI SAAT 07.00\u2019DE HAMYTK\u00d6Y KAV?A?I\u2019NDA GER\u00c7EKLE?TYRECE?YZ. DUYARLI HERKESY DAVET EDER, SAYGILAR SUNARIZ.<\/strong><\/span><\/p>\n<p><span style=\"font-size: 11pt; line-height: 150%; font-family: Verdana;\"><strong>\u00a0\u00a0\u00a0\u00a0\u00a0\u00a0\u00a0\u00a0\u00a0\u00a0\u00a0\u00a0\u00a0\u00a0\u00a0\u00a0\u00a0\u00a0\u00a0\u00a0\u00a0\u00a0\u00a0\u00a0\u00a0 \u00a0<\/strong><\/span><span style=\"font-size: 11pt; line-height: 150%; font-family: Verdana;\">\u00a0<\/span><\/p>\n<p class=\"MsoNormal\" style=\"margin: 0cm 0cm 0pt; line-height: 150%; text-align: justify;\"><strong><span style=\"font-size: 11pt; line-height: 150%; font-family: Verdana;\">Eylem takvimi:<\/span><\/strong><\/p>\n<p><strong><span style=\"font-size: 11pt; line-height: 150%; font-family: Verdana;\">\u00a0\u00a0\u00a0 <\/span><\/strong><\/p>\n<p class=\"MsoNormal\" style=\"margin: 0cm 0cm 0pt; line-height: 150%; text-align: justify;\"><strong><span style=\"font-size: 11pt; line-height: 150%; font-family: Verdana;\">16 Haziran Saly: <\/span><\/strong><span style=\"font-size: 11pt; line-height: 150%; font-family: Verdana;\">Saat 07.00: Hamitk\u00f6y Kav?a?y\u2019nda protesto eylemi<\/span><\/p>\n<p><span style=\"font-size: 11pt; line-height: 150%; font-family: Verdana;\">\u00a0\u00a0 <\/span><\/p>\n<p class=\"MsoNormal\" style=\"margin: 0cm 0cm 0pt; line-height: 150%; text-align: justify;\"><strong><span style=\"font-size: 11pt; line-height: 150%; font-family: Verdana;\">17 Haziran \u00c7ar?amba:<\/span><\/strong><span style=\"font-size: 11pt; line-height: 150%; font-family: Verdana;\"> Saat 07.15: Bildiri da?ytymy<\/span><\/p>\n<p><span style=\"font-size: 11pt; line-height: 150%; font-family: Verdana;\">\u00a0\u00a0 <\/span><\/p>\n<p class=\"MsoNormal\" style=\"margin: 0cm 0cm 0pt; line-height: 150%; text-align: justify;\"><strong><span style=\"font-size: 11pt; line-height: 150%; font-family: Verdana;\">18 Haziran Per?embe:<\/span><\/strong><span style=\"font-size: 11pt; line-height: 150%; font-family: Verdana;\"> Saat 10.00\u2019da Meclis \u00f6n\u00fcnde eylem<\/span><\/p>\n<p><span style=\"font-size: 11pt; line-height: 150%; font-family: Verdana;\">\u00a0\u00a0 <\/span><\/p>\n<p class=\"MsoNormal\" style=\"margin: 0cm 0cm 0pt; line-height: 150%; text-align: justify;\"><span style=\"font-size: 11pt; line-height: 150%; font-family: Verdana;\">Mustafa \u00d6ZH\u00dcR<\/span><\/p>\n<p><span style=\"font-size: 11pt; line-height: 150%; font-family: Verdana;\">\u00a0\u00a0 <\/span><\/p>\n<p class=\"MsoNormal\" style=\"margin: 0cm 0cm 0pt; line-height: 150%; text-align: justify;\"><span style=\"font-size: 11pt; line-height: 150%; font-family: Verdana;\">Dikmen \u00c7\u00f6pl\u00fc?\u00fc Eylem Komitesi (a)<\/span><\/p>\n<p class=\"MsoNormal\" style=\"margin: 0cm 0cm 0pt; line-height: 150%; text-align: justify;\"><span style=\"font-size: 11pt; line-height: 150%; font-family: Verdana;\">\u00a0\u00a0 <\/span><\/p>\n<p><span style=\"font-size: 11pt; line-height: 150%; font-family: Verdana;\"><span style=\"font-size: 11pt; line-height: 150%; font-family: Verdana;\">13.06.2009<\/span><\/span><\/p>\n","protected":false},"excerpt":{"rendered":"<p>\u00a0\u00a0\u00a0\u00a0\u00a0\u00a0\u00a0 \u00a0\u00a0 \u00dclkemizde kangren bir vaka halini alan ve toplumun sa?ly?yny olumsuz y\u00f6nde etkileyen Dikmen \u00c7\u00f6pl\u00fc?\u00fc\u2019ndeki sorunlaryn giderek b\u00fcy\u00fcmesi, eylemsel m\u00fccadelenin y\u00fckseltilmesini do?urmu?tur. \u00a0\u00a0\u00a0\u00a0\u00a0\u00a0\u00a0\u00a0\u00a0\u00a0\u00a0\u00a0\u00a0\u00a0 \u00a0\u00a0<\/p>\n","protected":false},"author":1,"featured_media":0,"comment_status":"open","ping_status":"open","sticky":false,"template":"","format":"standard","meta":{"jetpack_post_was_ever_published":false,"_jetpack_newsletter_access":"","_jetpack_newsletter_tier_id":0,"jetpack_publicize_message":"","jetpack_is_tweetstorm":false,"jetpack_publicize_feature_enabled":true,"jetpack_social_post_already_shared":false,"jetpack_social_options":{"image_generator_settings":{"template":"highway","enabled":false}}},"categories":[41],"tags":[],"jetpack_publicize_connections":[],"jetpack_featured_media_url":"","jetpack_shortlink":"https:\/\/wp.me\/p4eHWX-we","jetpack_sharing_enabled":true,"_links":{"self":[{"href":"https:\/\/baraka.cc\/index.php?rest_route=\/wp\/v2\/posts\/1998"}],"collection":[{"href":"https:\/\/baraka.cc\/index.php?rest_route=\/wp\/v2\/posts"}],"about":[{"href":"https:\/\/baraka.cc\/index.php?rest_route=\/wp\/v2\/types\/post"}],"author":[{"embeddable":true,"href":"https:\/\/baraka.cc\/index.php?rest_route=\/wp\/v2\/users\/1"}],"replies":[{"embeddable":true,"href":"https:\/\/baraka.cc\/index.php?rest_route=%2Fwp%2Fv2%2Fcomments&post=1998"}],"version-history":[{"count":1,"href":"https:\/\/baraka.cc\/index.php?rest_route=\/wp\/v2\/posts\/1998\/revisions"}],"predecessor-version":[{"id":2000,"href":"https:\/\/baraka.cc\/index.php?rest_route=\/wp\/v2\/posts\/1998\/revisions\/2000"}],"wp:attachment":[{"href":"https:\/\/baraka.cc\/index.php?rest_route=%2Fwp%2Fv2%2Fmedia&parent=1998"}],"wp:term":[{"taxonomy":"category","embeddable":true,"href":"https:\/\/baraka.cc\/index.php?rest_route=%2Fwp%2Fv2%2Fcategories&post=1998"},{"taxonomy":"post_tag","embeddable":true,"href":"https:\/\/baraka.cc\/index.php?rest_route=%2Fwp%2Fv2%2Ftags&post=1998"}],"curies":[{"name":"wp","href":"https:\/\/api.w.org\/{rel}","templated":true}]}}