{"id":2001,"date":"2009-06-16T21:45:32","date_gmt":"2009-06-16T19:45:32","guid":{"rendered":"https:\/\/baraka.cc\/?p=2001"},"modified":"2014-01-08T21:47:40","modified_gmt":"2014-01-08T19:47:40","slug":"dygomo-zybyllyy-eylemy-ve-yaanan-surecle-ylgyly-basin-toplantisi","status":"publish","type":"post","link":"https:\/\/baraka.cc\/?p=2001","title":{"rendered":"DYGOMO ZYBYLLY?Y EYLEMY VE YA?ANAN S\u00dcRE\u00c7LE YLGYLY BASIN TOPLANTISI"},"content":{"rendered":"<p class=\"MsoNormal\" style=\"margin: 0cm 0cm 0pt; line-height: 150%; text-align: justify;\">\n<p><span style=\"font-size: 11pt; line-height: 150%; font-family: Verdana;\">\u00a0\u00a0\u00a0 <\/span><\/p>\n<p class=\"MsoNormal\" style=\"margin: 0cm 0cm 0pt; line-height: 150%; text-align: center;\" align=\"center\">\n<p><strong><span style=\"font-size: 11pt; line-height: 150%; font-family: Verdana;\">\u00a0\u00a0 <\/span><\/strong><span style=\"font-size: 11pt; line-height: 150%; font-family: Verdana;\">\u00a0<\/span><\/p>\n<p class=\"MsoNormal\" style=\"margin: 0cm 0cm 0pt; line-height: 150%; text-align: justify;\"><span style=\"font-size: 11pt; line-height: 150%; font-family: Verdana;\"><span>\u00a0\u00a0\u00a0\u00a0\u00a0\u00a0\u00a0\u00a0\u00a0 <\/span>Adanyn kuzeyinde demokrasi ve insan haklary s\u00f6ylemi ile toplumu kandyranlar, \u201cDikmen \u00c7\u00f6pl\u00fc?\u00fc\u201d konusu ile ilgili yapylan protesto eyleminde ger\u00e7ek y\u00fczlerini bir kez daha g\u00f6stermi?lerdir. <\/span><\/p>\n<p><span style=\"font-size: 11pt; line-height: 150%; font-family: Verdana;\">\u00a0\u00a0 <\/span><\/p>\n<p class=\"MsoNormal\" style=\"margin: 0cm 0cm 0pt; line-height: 150%; text-align: justify;\"><span style=\"font-size: 11pt; line-height: 150%; font-family: Verdana;\"><span>\u00a0\u00a0\u00a0\u00a0\u00a0\u00a0\u00a0\u00a0\u00a0 <\/span>16 Haziran Saly sabahy Hamitk\u00f6y Kav?a?y\u2019nda organize edilen eylem syrasynda iki varil i\u00e7inde sembolik olarak yakylan ate? nedeni ile eyleme katylan \u00fc\u00e7 arkada?ymyza \u201cMeskun Mahal i\u00e7inde izinsiz ate? yakmak ve \u00e7evreyi rahatsyz etmek\u201d gerek\u00e7eleri ile polis tarafyndan dava okunmu?tur. \u00dclkeyi talan eden, her tarafy \u00e7\u00f6pl\u00fck haline getiren ve Dikmen \u00c7\u00f6pl\u00fc?\u00fc ady altynda halkymyza zehir solutanlara seyirci kalan polisin aklyna nedense g\u00f6revi ve yasalar ?imdi gelmi?tir. Sembolik bir ate? i\u00e7in dava okuyanlar, toplumu kanser eden \u00e7\u00f6pl\u00fckteki dev yangyna seyirci kalmy?lardyr.<\/span><\/p>\n<p><span style=\"font-size: 11pt; line-height: 150%; font-family: Verdana;\">\u00a0\u00a0\u00a0 <\/span><\/p>\n<p class=\"MsoNormal\" style=\"margin: 0cm 0cm 0pt; text-indent: 35.4pt; line-height: 150%; text-align: justify;\"><span style=\"font-size: 11pt; line-height: 150%; font-family: Verdana;\">Toplumsal dinamizmi ve kar?y duru?u engellemek, tepki ortaya koymayy yasaklarla ortadan kaldyrmaya \u00e7aly?anlar, polis baskysy ve tehditlerle yyldyrmaya giri?mi?lerdir. Daha fazla demokrasi daha fazla insan hakky i\u00e7in m\u00fccadele y\u00fckselten Kybrysly T\u00fcrkler\u2019e kar?y siyasi rejim basky, tehdit ve cezalarla ger\u00e7ek y\u00fcz\u00fcn\u00fc g\u00f6stermeye \u00e7aly?maktadyr. \u00d6rg\u00fctlerimizin ortak karary ile ortaya koydu?u eylemi, bireylere indirgeyerek soru?turma ve dava a\u00e7arak tam bir fa?izan basky yaratylmy?tyr. Polise emir veren makamlar, bu \u00fclkede demokrasiye ve insan haklaryna saygy olmady?yny bir kez daha bizlere hatyrlatmy?lardyr. Yeni h\u00fck\u00fcmet olan UBP ise demokrasi, diyalog, i?birli?i yerine fa?izan basky ve tehditlerle, rejimin yeni bek\u00e7isi oldu?unu ve hi\u00e7 de?i?medi?ini ispatlamy?tyr.<\/span><\/p>\n<p><span style=\"font-size: 11pt; line-height: 150%; font-family: Verdana;\">\u00a0\u00a0\u00a0\u00a0\u00a0\u00a0\u00a0\u00a0\u00a0\u00a0\u00a0\u00a0\u00a0 <\/span><\/p>\n<p class=\"MsoNormal\" style=\"margin: 0cm 0cm 0pt; line-height: 150%; text-align: justify;\"><span style=\"font-size: 11pt; line-height: 150%; font-family: Verdana;\"><span>\u00a0\u00a0\u00a0\u00a0\u00a0\u00a0\u00a0\u00a0\u00a0 <\/span><strong>Bir \u00e7\u00f6pl\u00fck sorununu bile \u00e7\u00f6zemeyen gelmi? ge\u00e7mi? h\u00fck\u00fcmetler ve UBP h\u00fck\u00fcmeti hangi sorunumuzu \u00e7\u00f6zecektir. \u00c7\u00f6pl\u00fck sorununu ele?tirdi diye insanlara dava a\u00e7anlar ve onlaryn arkasyndaki g\u00fc\u00e7ler, sorunlary \u00e7\u00f6zme yolundaki acizliklerini bir kez daha ortaya koymu?lardyr.<\/strong> Basky, ?iddet, tehdit, anti-demokratik uygulamalar siyasi iradesizli?in ve acizli?in g\u00f6stergesidir. Polis Dikmen \u00c7\u00f6pl\u00fc?\u00fc\u2019n\u00fc yakanlary yakalama yerine Dikmen \u00c7\u00f6pl\u00fc?\u00fc\u2019n\u00fc protesto edenlere dava a\u00e7makta, siyasi iradesizli?in ve bu \u00fclkeyi kimlerin y\u00f6netti?ini bir kez daha ortaya koymu?tur. Bu anti-demokratik fa?izan baskyyy ?iddetle protesto eder, halkymyzy toplumsal tepki koymaya davet ederiz.<\/span><\/p>\n<p><span style=\"font-size: 11pt; line-height: 150%; font-family: Verdana;\">\u00a0\u00a0\u00a0\u00a0\u00a0\u00a0\u00a0\u00a0\u00a0\u00a0\u00a0\u00a0\u00a0\u00a0\u00a0\u00a0 <\/span><\/p>\n<p class=\"MsoNormal\" style=\"margin: 0cm 0cm 0pt; line-height: 150%; text-align: justify;\"><span style=\"font-size: 11pt; line-height: 150%; font-family: Verdana;\"><span>\u00a0\u00a0\u00a0 <\/span><span>\u00a0\u00a0\u00a0\u00a0\u00a0 <\/span>Sivil toplum \u00f6rg\u00fctleri ve siyasi partiler olarak kararlyly?ymyzy ve baskylara boyun e?meyece?imizi duyururuz. Yaryn Meclis \u00f6n\u00fcnde saat 10.00\u2019da yapaca?ymyz eylemde sesimizi daha da y\u00fckseltecek ve sembolik duman alty eylemimizi ger\u00e7ekle?tirece?iz.<\/span><\/p>\n<p><span style=\"font-size: 11pt; line-height: 150%; font-family: Verdana;\">\u00a0\u00a0\u00a0\u00a0\u00a0\u00a0\u00a0\u00a0\u00a0\u00a0\u00a0\u00a0\u00a0\u00a0 <\/span><\/p>\n<p class=\"MsoNormal\" style=\"margin: 0cm 0cm 0pt; line-height: 150%; text-align: justify;\"><span style=\"font-size: 11pt; line-height: 150%; font-family: Verdana;\">Saygylarymyzla <\/span><\/p>\n<p class=\"MsoNormal\" style=\"margin: 0cm 0cm 0pt; line-height: 150%; text-align: justify;\"><span style=\"font-size: 11pt; line-height: 150%; font-family: Verdana;\">\u00a0\u00a0\u00a0\u00a0 <\/span><\/p>\n<p><strong><span style=\"font-size: 11pt; line-height: 150%; font-family: Verdana;\">KT\u00d6S, <span>\u00a0\u00a0\u00a0\u00a0\u00a0\u00a0\u00a0<\/span>YKP,<span>\u00a0\u00a0\u00a0\u00a0\u00a0\u00a0\u00a0\u00a0 <\/span>KAMU-SEN,<span>\u00a0\u00a0\u00a0\u00a0\u00a0\u00a0\u00a0\u00a0 <\/span>\u00c7A?-SEN,<span>\u00a0\u00a0\u00a0\u00a0\u00a0\u00a0 <\/span>G\u00dc\u00c7-SEN, <span>\u00a0\u00a0\u00a0\u00a0\u00a0<\/span>KEMA VAKFI,\u00a0\u00a0 <\/span><\/strong><strong><span style=\"font-size: 11pt; line-height: 150%; font-family: Verdana;\">\u00a0<\/span><\/strong><strong><span style=\"font-size: 11pt; line-height: 150%; font-family: Verdana;\">BARAKA, <span>\u00a0\u00a0\u00a0\u00a0\u00a0<\/span><span>\u00a0\u00a0<\/span>BKP, <span>\u00a0\u00a0\u00a0\u00a0\u00a0<\/span>KTOE\u00d6S, <span>\u00a0\u00a0\u00a0\u00a0<\/span><span>\u00a0<\/span>BES,<span>\u00a0\u00a0\u00a0\u00a0\u00a0\u00a0 <\/span>THE MANAGEMENT CENTRE,\u00a0 <span>\u00a0\u00a0<\/span><\/span><\/strong><strong><span style=\"font-size: 11pt; line-height: 150%; font-family: Verdana;\">\u00a0<\/span><\/strong><strong><span style=\"font-size: 11pt; line-height: 150%; font-family: Verdana;\">BYYOLOGLAR DERNE?Y, <span>\u00a0\u00a0\u00a0\u00a0<\/span><span>\u00a0\u00a0\u00a0<\/span>HAK-DER, <span>\u00a0<\/span><span>\u00a0\u00a0\u00a0\u00a0\u00a0\u00a0<\/span>YE?YL BARI? HAREKETY<\/span><\/strong><strong><span style=\"font-size: 11pt; line-height: 150%; font-family: Verdana;\">\u00a0<\/span><\/strong><strong><span style=\"font-size: 11pt; line-height: 150%; font-family: Verdana;\">TDP, <span>\u00a0\u00a0\u00a0\u00a0\u00a0\u00a0\u00a0<\/span>DA\u00dc BYR-SEN, <span>\u00a0\u00a0\u00a0\u00a0\u00a0\u00a0\u00a0<\/span>KIBRIS T\u00dcRK TABYBLERY BYRLY?Y,<span>\u00a0\u00a0 <\/span><span>\u00a0\u00a0\u00a0\u00a0<\/span><span>\u00a0<\/span>MEC-SEN<span>\u00a0\u00a0\u00a0\u00a0\u00a0\u00a0\u00a0\u00a0\u00a0\u00a0\u00a0\u00a0\u00a0\u00a0\u00a0 <\/span><\/span><\/strong><span style=\"font-size: 11pt; line-height: 150%; font-family: Verdana;\"><span>\u00a0<\/span><\/span><span style=\"font-size: 11pt; line-height: 150%; font-family: Verdana;\">\u00a0<\/span><\/p>\n","protected":false},"excerpt":{"rendered":"<p>\u00a0\u00a0\u00a0 \u00a0\u00a0 \u00a0 \u00a0\u00a0\u00a0\u00a0\u00a0\u00a0\u00a0\u00a0\u00a0 Adanyn kuzeyinde demokrasi ve insan haklary s\u00f6ylemi ile toplumu kandyranlar, \u201cDikmen \u00c7\u00f6pl\u00fc?\u00fc\u201d konusu ile ilgili yapylan protesto eyleminde ger\u00e7ek y\u00fczlerini bir<\/p>\n","protected":false},"author":1,"featured_media":0,"comment_status":"open","ping_status":"open","sticky":false,"template":"","format":"standard","meta":{"jetpack_post_was_ever_published":false,"_jetpack_newsletter_access":"","_jetpack_newsletter_tier_id":0,"jetpack_publicize_message":"","jetpack_is_tweetstorm":false,"jetpack_publicize_feature_enabled":true,"jetpack_social_post_already_shared":false,"jetpack_social_options":{"image_generator_settings":{"template":"highway","enabled":false}}},"categories":[41],"tags":[],"jetpack_publicize_connections":[],"jetpack_featured_media_url":"","jetpack_shortlink":"https:\/\/wp.me\/p4eHWX-wh","jetpack_sharing_enabled":true,"_links":{"self":[{"href":"https:\/\/baraka.cc\/index.php?rest_route=\/wp\/v2\/posts\/2001"}],"collection":[{"href":"https:\/\/baraka.cc\/index.php?rest_route=\/wp\/v2\/posts"}],"about":[{"href":"https:\/\/baraka.cc\/index.php?rest_route=\/wp\/v2\/types\/post"}],"author":[{"embeddable":true,"href":"https:\/\/baraka.cc\/index.php?rest_route=\/wp\/v2\/users\/1"}],"replies":[{"embeddable":true,"href":"https:\/\/baraka.cc\/index.php?rest_route=%2Fwp%2Fv2%2Fcomments&post=2001"}],"version-history":[{"count":2,"href":"https:\/\/baraka.cc\/index.php?rest_route=\/wp\/v2\/posts\/2001\/revisions"}],"predecessor-version":[{"id":2006,"href":"https:\/\/baraka.cc\/index.php?rest_route=\/wp\/v2\/posts\/2001\/revisions\/2006"}],"wp:attachment":[{"href":"https:\/\/baraka.cc\/index.php?rest_route=%2Fwp%2Fv2%2Fmedia&parent=2001"}],"wp:term":[{"taxonomy":"category","embeddable":true,"href":"https:\/\/baraka.cc\/index.php?rest_route=%2Fwp%2Fv2%2Fcategories&post=2001"},{"taxonomy":"post_tag","embeddable":true,"href":"https:\/\/baraka.cc\/index.php?rest_route=%2Fwp%2Fv2%2Ftags&post=2001"}],"curies":[{"name":"wp","href":"https:\/\/api.w.org\/{rel}","templated":true}]}}