{"id":2007,"date":"2009-05-29T21:49:05","date_gmt":"2009-05-29T19:49:05","guid":{"rendered":"https:\/\/baraka.cc\/?p=2007"},"modified":"2014-01-08T21:50:32","modified_gmt":"2014-01-08T19:50:32","slug":"hukumete-uyari","status":"publish","type":"post","link":"https:\/\/baraka.cc\/?p=2007","title":{"rendered":"H\u00dcK\u00dcMETE  UYARI!"},"content":{"rendered":"<p>&nbsp;<\/p>\n<p class=\"MsoNormal\" style=\"margin: 0cm 0cm 0pt; line-height: 150%; text-align: center;\" align=\"center\">\n<p class=\"MsoNormal\" style=\"margin: 0cm 0cm 0pt; line-height: 150%; text-align: center;\" align=\"center\">\n<p class=\"MsoNormal\" style=\"margin: 0cm 0cm 0pt; line-height: 150%; text-align: center;\" align=\"center\"><strong><span style=\"font-family: Verdana;\"><a href=\"https:\/\/www.baraka.cc\/images\/stories\/sarikeroglu.jpg\" target=\"_blank\"><img decoding=\"async\" loading=\"lazy\" alt=\" \" src=\"https:\/\/www.baraka.cc\/images\/stories\/sarikeroglu.jpg\" width=\"200\" height=\"248\" border=\"2\" \/><\/a><\/span><\/strong><\/p>\n<p><strong><span style=\"font-family: Verdana;\"><span style=\"font-size: medium;\">\u00a0\u00a0 <\/span><\/span><\/strong><span style=\"font-family: Verdana;\"><span style=\"font-size: medium;\">\u00a0<\/span><\/span><\/p>\n<p class=\"ListeParagrafCxSpMiddle\" style=\"margin: 0cm 0cm 0pt; line-height: 150%;\"><span style=\"font-family: Verdana;\"><span style=\"font-size: medium;\">&#8211; Bizler a?a?yda imzasy bulunan demokratik kitle \u00f6rg\u00fctleri, UBP h\u00fck\u00fcmetinin kurulmasy ile de ba?lantyly olarak g\u00fcndeme gelen ve bir s\u00fcreden beridir kamuoyunu me?gul eden gerici faaliyetlerin yo?unla?masyny kaygyyla takip etmekteyiz.<\/span><\/span><\/p>\n<p><span style=\"font-family: Verdana;\"><span style=\"font-size: medium;\">\u00a0\u00a0 <\/span><\/span><span style=\"font-family: Verdana;\"><span style=\"font-size: medium;\">\u00a0<\/span><\/span><\/p>\n<p class=\"ListeParagrafCxSpMiddle\" style=\"margin: 0cm 0cm 0pt; line-height: 150%;\"><span style=\"font-family: Verdana;\"><span style=\"font-size: medium;\">&#8211; \u00dcniversiteler b\u00fcnyesinde Ylahiyat Fak\u00fcltelerinin a\u00e7ylaca?y, onlarca yeni cami yapylaca?y, okullar dy?ynda da din e?itimi verilebilece?i (ki bunun ady Kur\u2019an Kursu\u2019dur), Ymam Hatip Liselerinin a\u00e7ylaca?y, orta okullar d\u00fczeyinde se\u00e7meli olan Din K\u00fclt\u00fcr\u00fc ve Ahlak Bilgisi dersinin ZORUNLU hale getirilece?i y\u00f6n\u00fcnde \u00e7e?itli deme\u00e7ler ve a\u00e7yklamalar bu kaygylarymyzyn ana nedenidir. <\/span><\/span><\/p>\n<p><span style=\"font-family: Verdana;\"><span style=\"font-size: medium;\">\u00a0\u00a0 <\/span><\/span><span style=\"font-family: Verdana;\"><span style=\"font-size: medium;\">\u00a0<\/span><\/span><\/p>\n<p class=\"ListeParagrafCxSpMiddle\" style=\"margin: 0cm 0cm 0pt; line-height: 150%;\"><span style=\"font-family: Verdana;\"><span style=\"font-size: medium;\">&#8211; E?itim Bakany\u2019nyn daha g\u00f6reve ba?lar ba?lamaz, sanki de e?itim sistemimizdeki ana sorun buymu? gibi \u201cdin derslerinin zorunlu hale getirilmesinden\u201d bahseden a\u00e7yklamalarda bulunmasy d\u00fc?\u00fcnd\u00fcr\u00fcc\u00fcd\u00fcr. Devlet okullary yetersiz ve bakymsyz haldeyken, e?itime ayrylan kaynak bu kadar d\u00fc?\u00fckken, h\u00fck\u00fcmet partisi UBP\u2019nin T\u00fcrkiye\u2019deki AKP iktidaryna ho? g\u00f6r\u00fcnmek i\u00e7in her t\u00fcrl\u00fc ciddiyet ve bilimsellikten uzak bu tutumunu kynyyoruz.<\/span><\/span><\/p>\n<p><span style=\"font-family: Verdana;\"><span style=\"font-size: medium;\">\u00a0\u00a0\u00a0\u00a0\u00a0\u00a0\u00a0\u00a0\u00a0\u00a0\u00a0 <\/span><\/span><span style=\"font-family: Verdana;\"><span style=\"font-size: medium;\">\u00a0<\/span><\/span><\/p>\n<p class=\"ListeParagrafCxSpMiddle\" style=\"margin: 0cm 0cm 0pt; line-height: 150%;\"><span style=\"font-family: Verdana;\"><span style=\"font-size: medium;\">&#8211; Din K\u00fclt\u00fcr\u00fc ve Ahlak Bilgisi ady altynda y\u00fcr\u00fct\u00fclen ancak belli bir dinin belli bir mezhebinin \u00f6?retilmesinden ibaret olan din dersinin, de?il orta okullarda zorunlu olmasy aksine ilkokullarda ve liselerde de se\u00e7meli hale getirilmesi hem \u00e7a?da? de?erleri i\u00e7selle?tirmi? halkymyzyn dile?i hem de e?itime bilimsel yakla?ymyn gere?idir. Din e?itiminin ki?ilerin vicdan h\u00fcrriyetine byrakylmasy insan haklary a\u00e7ysyndan da din ve vicdan \u00f6zg\u00fcrl\u00fc?\u00fc bakymyndan da ?arttyr. <\/span><\/span><\/p>\n<p><span style=\"font-family: Verdana;\"><span style=\"font-size: medium;\">\u00a0\u00a0\u00a0\u00a0\u00a0\u00a0\u00a0\u00a0\u00a0\u00a0\u00a0\u00a0\u00a0\u00a0\u00a0\u00a0\u00a0\u00a0 <\/span><\/span><span style=\"font-family: Verdana;\"><span style=\"font-size: medium;\">\u00a0<\/span><\/span><\/p>\n<p class=\"ListeParagrafCxSpMiddle\" style=\"margin: 0cm 0cm 0pt; line-height: 150%;\"><span style=\"font-family: Verdana;\"><span style=\"font-size: medium;\">&#8211; \u00dclkemizin kozmopolit yapysy g\u00f6z \u00f6n\u00fcnde bulunduruldu?unda; farkly din ve mezhepten insanlarymyzyn b\u00f6ylesi bir uygulamadan olumsuz etkilenece?i rahatlykla g\u00f6r\u00fclebilir. Oysa UBP laik devlet anlayy?yny i\u00e7selle?tirmi? olsaydy, e?it vergi aldy?y halkyn duyarlylyklaryna e?it de?eri, saygyyy ve \u00f6nemi g\u00f6sterecek ?ekilde hareket ederdi. <\/span><\/span><\/p>\n<p><span style=\"font-family: Verdana;\"><span style=\"font-size: medium;\">\u00a0\u00a0\u00a0\u00a0\u00a0\u00a0\u00a0\u00a0\u00a0\u00a0\u00a0\u00a0 <\/span><\/span><span style=\"font-family: Verdana;\"><span style=\"font-size: medium;\">\u00a0<\/span><\/span><\/p>\n<p class=\"ListeParagrafCxSpMiddle\" style=\"margin: 0cm 0cm 0pt; line-height: 150%;\"><span style=\"font-family: Verdana;\"><span style=\"font-size: medium;\">&#8211; Okullarda dinin \u00f6?retilmesinden ziyade<span>\u00a0 <\/span>ahlakyn a?ylanmasy gerekir. \u00c7ocuklaryn hen\u00fcz olgunla?mamy? fikirlerini etkilemeye \u00e7aly?mak bir insan haklary ihlalidir. \u00c7ocuklarymyza bir dinin \u00f6?retilerinden \u00e7ok, toplumsal ahlakyn, erdemin<span>\u00a0 <\/span>nasyl kazandyrylaca?ynyn yollary aranmalydyr.<\/span><\/span><\/p>\n<p><span style=\"font-family: Verdana;\"><span style=\"font-size: medium;\">\u00a0\u00a0\u00a0\u00a0\u00a0\u00a0\u00a0\u00a0\u00a0\u00a0\u00a0 <\/span><\/span><span style=\"font-family: Verdana;\"><span style=\"font-size: medium;\">\u00a0<\/span><\/span><\/p>\n<p class=\"ListeParagrafCxSpMiddle\" style=\"margin: 0cm 0cm 0pt; line-height: 150%;\"><span style=\"font-family: Verdana;\"><span style=\"font-size: medium;\">&#8211; Kybrysly T\u00fcrkler, hastahanelere, okullara, yollara yatyrym yapylmasyny, bilimin, \u00e7a?da?ly?yn, uygar d\u00fcnyaya ula?ma ideallerinin pe?inde olunmasyny istemektedir. Bunun yolu da e?itimin yeri olan okullaryn bir k\u00f6?eye atylarak Kur\u2019an Kurslarynyn k\u00f6r\u00fcklenmesi, zorunlu din e?timi getirilmesi, her k\u00f6?e ba?yna cami yapylmasy de?il; daha \u00e7ok okul, daha \u00e7ok hastahane, daha kaliteli yollar ve daha \u00e7ok \u00fcretime d\u00f6n\u00fck yatyrymlar yapylmasydyr.<\/span><\/span><\/p>\n<p><span style=\"font-family: Verdana;\"><span style=\"font-size: medium;\">\u00a0\u00a0\u00a0\u00a0\u00a0\u00a0\u00a0\u00a0\u00a0\u00a0\u00a0\u00a0\u00a0 <\/span><\/span><span style=\"font-family: Verdana;\"><span style=\"font-size: medium;\">\u00a0<\/span><\/span><\/p>\n<p class=\"ListeParagrafCxSpMiddle\" style=\"margin: 0cm 0cm 0pt; line-height: 150%;\"><span style=\"font-family: Verdana;\"><span style=\"font-size: medium;\">&#8211; Bary? isteyen halkymyz din ve milliyet\u00e7ili?e dayaly b\u00f6l\u00fcc\u00fcl\u00fckten yeteri kadar acy \u00e7ekmi?tir. Bary? ve demokrasi yolunda mesafe kaydetmek, ortak de?erlerin \u00f6n plana \u00e7ykaryldy?y bir evrensel baky? a\u00e7ysyny vurgulayan ya?anabilir bir ada \u00f6zleminden ge\u00e7er. <\/span><\/span><\/p>\n<p><span style=\"font-family: Verdana;\"><span style=\"font-size: medium;\">\u00a0\u00a0\u00a0\u00a0\u00a0\u00a0\u00a0\u00a0\u00a0\u00a0\u00a0\u00a0\u00a0 <\/span><\/span><span style=\"font-family: Verdana;\"><span style=\"font-size: medium;\">\u00a0<\/span><\/span><\/p>\n<p class=\"ListeParagrafCxSpMiddle\" style=\"margin: 0cm 0cm 0pt; line-height: 150%;\"><span style=\"font-family: Verdana;\"><span style=\"font-size: medium;\">&#8211; H\u00fck\u00fcmete uyarymyz ?udur: <strong>\u2018DAHA FAZLA OKUL; DAHA AZ CEHALET!\u2019.<\/strong><\/span><\/span><\/p>\n<p class=\"ListeParagrafCxSpMiddle\" style=\"margin: 0cm 0cm 0pt; line-height: 150%;\"><span style=\"font-family: Verdana;\"><strong><span style=\"font-size: medium;\">\u00a0\u00a0 <\/span><\/strong><\/span><\/p>\n<p class=\"ListeParagrafCxSpMiddle\" style=\"margin: 0cm 0cm 0pt; line-height: 150%;\"><span style=\"font-family: Verdana;\"><strong><span style=\"font-size: medium;\">\u00a0\u00a0\u00a0 <\/span><\/strong><\/span><\/p>\n<p class=\"ListeParagrafCxSpMiddle\" style=\"margin: 0cm 0cm 0pt; line-height: 150%;\"><span style=\"font-family: Verdana;\"><strong><span style=\"font-size: medium;\">\u00a0\u00a0 <\/span><\/strong><\/span><\/p>\n<p><strong><span style=\"font-family: Verdana;\"><span style=\"font-size: medium;\">Kybrys Pir Sultan Abdal K\u00fclt\u00fcr Derne?i, KTAMS, KT\u00d6S, DEV-Y?, Belediye Emek\u00e7ileri Sendikasy, Bary? Derne?i, Baraka K\u00fclt\u00fcr Merkezi<\/span><\/span><\/strong><span style=\"font-family: Verdana;\"><span style=\"font-size: medium;\">\u00a0<\/span><\/span><span style=\"font-family: Verdana;\"><span style=\"font-size: medium;\">\u00a0<\/span><\/span><span style=\"font-family: Verdana;\"><span style=\"font-size: medium;\">\u00a0<\/span><\/span><span style=\"font-family: Verdana;\"><span style=\"font-size: medium;\">\u00a0<\/span><\/span><span style=\"font-family: Verdana;\"><span style=\"font-size: medium;\">\u00a0<\/span><\/span><\/p>\n<p>&nbsp;<\/p>\n","protected":false},"excerpt":{"rendered":"<p>&nbsp; \u00a0\u00a0 \u00a0 &#8211; Bizler a?a?yda imzasy bulunan demokratik kitle \u00f6rg\u00fctleri, UBP h\u00fck\u00fcmetinin kurulmasy ile de ba?lantyly olarak g\u00fcndeme gelen ve bir s\u00fcreden beridir kamuoyunu<\/p>\n","protected":false},"author":1,"featured_media":0,"comment_status":"open","ping_status":"open","sticky":false,"template":"","format":"standard","meta":{"jetpack_post_was_ever_published":false,"_jetpack_newsletter_access":"","_jetpack_newsletter_tier_id":0,"jetpack_publicize_message":"","jetpack_is_tweetstorm":false,"jetpack_publicize_feature_enabled":true,"jetpack_social_post_already_shared":false,"jetpack_social_options":{"image_generator_settings":{"template":"highway","enabled":false}}},"categories":[41],"tags":[],"jetpack_publicize_connections":[],"jetpack_featured_media_url":"","jetpack_shortlink":"https:\/\/wp.me\/p4eHWX-wn","jetpack_sharing_enabled":true,"_links":{"self":[{"href":"https:\/\/baraka.cc\/index.php?rest_route=\/wp\/v2\/posts\/2007"}],"collection":[{"href":"https:\/\/baraka.cc\/index.php?rest_route=\/wp\/v2\/posts"}],"about":[{"href":"https:\/\/baraka.cc\/index.php?rest_route=\/wp\/v2\/types\/post"}],"author":[{"embeddable":true,"href":"https:\/\/baraka.cc\/index.php?rest_route=\/wp\/v2\/users\/1"}],"replies":[{"embeddable":true,"href":"https:\/\/baraka.cc\/index.php?rest_route=%2Fwp%2Fv2%2Fcomments&post=2007"}],"version-history":[{"count":2,"href":"https:\/\/baraka.cc\/index.php?rest_route=\/wp\/v2\/posts\/2007\/revisions"}],"predecessor-version":[{"id":2013,"href":"https:\/\/baraka.cc\/index.php?rest_route=\/wp\/v2\/posts\/2007\/revisions\/2013"}],"wp:attachment":[{"href":"https:\/\/baraka.cc\/index.php?rest_route=%2Fwp%2Fv2%2Fmedia&parent=2007"}],"wp:term":[{"taxonomy":"category","embeddable":true,"href":"https:\/\/baraka.cc\/index.php?rest_route=%2Fwp%2Fv2%2Fcategories&post=2007"},{"taxonomy":"post_tag","embeddable":true,"href":"https:\/\/baraka.cc\/index.php?rest_route=%2Fwp%2Fv2%2Ftags&post=2007"}],"curies":[{"name":"wp","href":"https:\/\/api.w.org\/{rel}","templated":true}]}}