{"id":2015,"date":"2009-04-30T21:52:18","date_gmt":"2009-04-30T19:52:18","guid":{"rendered":"https:\/\/baraka.cc\/?p=2015"},"modified":"2014-01-08T21:53:21","modified_gmt":"2014-01-08T19:53:21","slug":"baraka-kultur-merkezynyn-1-mayis-carisi","status":"publish","type":"post","link":"https:\/\/baraka.cc\/?p=2015","title":{"rendered":"BARAKA K\u00dcLT\u00dcR MERKEZY\u2019NYN 1 MAYIS \u00c7A?RISI"},"content":{"rendered":"<p class=\"MsoNormal\" style=\"margin: 0cm 0cm 0pt; line-height: 150%; text-align: justify;\">\n<p class=\"MsoNormal\" style=\"margin: 0cm 0cm 0pt; line-height: 150%; text-align: justify;\"><strong><span style=\"font-size: 11pt; line-height: 150%; font-family: Verdana;\">\u00a0\u00a0 <\/span><\/strong><\/p>\n<p><span style=\"font-size: 11pt; line-height: 150%; font-family: Verdana;\">Y?\u00e7ilerin, emek\u00e7ilerin ve t\u00fcm ezilenlerin birlik, m\u00fccadele ve dayany?ma g\u00fcn\u00fc olan 1 Mayys\u2019y, s\u00f6m\u00fcr\u00fcn\u00fcn olmady?y, e?it, \u00f6zg\u00fcr ve karde?\u00e7e bir d\u00fcnyayy yaratma \u00f6zlemi ile kar?ylyyoruz. Her sene oldu?u gibi bu yyl da 1 Mayys&#8217;ta alanlarda olaca?yz, isyanymyzy ve taleplerimizi haykyraca?yz.<\/span><\/p>\n<p class=\"MsoNormal\" style=\"margin: 0cm 0cm 0pt; line-height: 150%; text-align: justify;\"><span style=\"font-size: 11pt; line-height: 150%; font-family: Verdana;\">\u201cBa?ka bir d\u00fcnya m\u00fck\u00fcn\u201d diyen emek\u00e7ileri, \u00f6?rencileri, gen\u00e7leri, kadynlary, Bary? Platformu ile adamyzyn kuzey ve g\u00fcney yarysyndan \u00f6rg\u00fctlerin \u00f6nc\u00fcl\u00fc?\u00fcnde d\u00fczenlenen y\u00fcr\u00fcy\u00fc? ve mitinge katylmak \u00fczere 1 Mayys Cuma g\u00fcn\u00fc saat 17.30\u2019da Lefko?a Otob\u00fcs Terminali\u2019nde bulu?maya \u00e7a?yryyoruz. Terminal\u2019den Ku?ulu Park\u2019a y\u00fcr\u00fcyecek ve oradan da Taksim Stady\u2019ndaki ortak mitinge katylaca?yz. <\/span><\/p>\n<p><span style=\"font-size: 11pt; line-height: 150%; font-family: Verdana;\">\u00a0\u00a0 <\/span><\/p>\n<p class=\"MsoNormal\" style=\"margin: 0cm 0cm 0pt; line-height: 150%; text-align: justify;\"><span style=\"font-size: 11pt; line-height: 150%; font-family: Verdana;\">Bayraklarymyz, ?arkylarymyz, tiyatrocularymyz, ne?emiz ve co?kumuzla;<\/span><\/p>\n<p><span style=\"font-size: 11pt; line-height: 150%; font-family: Verdana;\">\u00a0 <\/span><\/p>\n<p class=\"MsoNormal\" style=\"margin: 0cm 0cm 0pt; line-height: 150%; text-align: justify;\"><span style=\"font-size: 11pt; line-height: 150%; font-family: Verdana;\">Yoksullu?a, i?sizli?e, sigortasyz ve g\u00fcvencesiz \u00e7aly?tyrmaya kar?y y\u00fcr\u00fcyece?iz.<\/span><\/p>\n<p><span style=\"font-size: 11pt; line-height: 150%; font-family: Verdana;\">\u00a0\u00a0 <\/span><\/p>\n<p class=\"MsoNormal\" style=\"margin: 0cm 0cm 0pt; line-height: 150%; text-align: justify;\"><span style=\"font-size: 11pt; line-height: 150%; font-family: Verdana;\">\u00dcniversitelerdeki soyguna kar?y y\u00fcr\u00fcyece?iz, e?itimin parasyz ve e?it olmasyny isteyece?iz. <\/span><\/p>\n<p><span style=\"font-size: 11pt; line-height: 150%; font-family: Verdana;\">\u00a0\u00a0 <\/span><\/p>\n<p class=\"MsoNormal\" style=\"margin: 0cm 0cm 0pt; line-height: 150%; text-align: justify;\"><span style=\"font-size: 11pt; line-height: 150%; font-family: Verdana;\">Sa?ly?yn paraly hale getirilmesine kar?y y\u00fcr\u00fcyece?iz, herkese \u00fccretsiz ve kaliteli sa?lyk hizmeti isteyece?iz. <\/span><\/p>\n<p><span style=\"font-size: 11pt; line-height: 150%; font-family: Verdana;\">\u00a0\u00a0\u00a0 <\/span><\/p>\n<p class=\"MsoNormal\" style=\"margin: 0cm 0cm 0pt; line-height: 150%; text-align: justify;\"><span style=\"font-size: 11pt; line-height: 150%; font-family: Verdana;\">Kadynlaryn ezilmesine, cinsiyete dayaly\u00a0ayrymcylyklara ve homofobiye kar?y y\u00fcr\u00fcyece?iz. <\/span><\/p>\n<p><span style=\"font-size: 11pt; line-height: 150%; font-family: Verdana;\">\u00a0\u00a0 <\/span><\/p>\n<p class=\"MsoNormal\" style=\"margin: 0cm 0cm 0pt; line-height: 150%; text-align: justify;\"><span style=\"font-size: 11pt; line-height: 150%; font-family: Verdana;\">K\u00fclt\u00fcrel asimilasyona ve i?gallere kar?y y\u00fcr\u00fcyece?iz. <\/span><\/p>\n<p><span style=\"font-size: 11pt; line-height: 150%; font-family: Verdana;\">\u00a0\u00a0 <\/span><\/p>\n<p class=\"MsoNormal\" style=\"margin: 0cm 0cm 0pt; line-height: 150%; text-align: justify;\"><span style=\"font-size: 11pt; line-height: 150%; font-family: Verdana;\">Miliyet\u00e7ili?e ve fa?izme kar?y y\u00fcr\u00fcyece?iz.<\/span><\/p>\n<p><span style=\"font-size: 11pt; line-height: 150%; font-family: Verdana;\">\u00a0\u00a0 <\/span><\/p>\n<p class=\"MsoNormal\" style=\"margin: 0cm 0cm 0pt; line-height: 150%; text-align: justify;\"><span style=\"font-size: 11pt; line-height: 150%; font-family: Verdana;\">Kybrysly T\u00fcrk ve Kybrysly Elen halkarynyn karde?li?i i\u00e7in y\u00fcr\u00fcyece?iz, bary? i\u00e7inde Ba?ymsyz bir Kybrys isteyece?iz.<\/span><\/p>\n<p class=\"MsoNormal\" style=\"margin: 0cm 0cm 0pt; line-height: 150%; text-align: justify;\"><span style=\"font-size: 11pt; line-height: 150%; font-family: Verdana;\">\u00a0\u00a0\u00a0 <\/span><\/p>\n<p><span style=\"font-size: 11pt; line-height: 150%; font-family: Verdana;\">1 Mayys\u2019ta ?enlik var, haydi alanlara!<\/span><span style=\"font-size: 11pt; line-height: 150%; font-family: Verdana;\">\u00a0<\/span><\/p>\n","protected":false},"excerpt":{"rendered":"<p>\u00a0\u00a0 Y?\u00e7ilerin, emek\u00e7ilerin ve t\u00fcm ezilenlerin birlik, m\u00fccadele ve dayany?ma g\u00fcn\u00fc olan 1 Mayys\u2019y, s\u00f6m\u00fcr\u00fcn\u00fcn olmady?y, e?it, \u00f6zg\u00fcr ve karde?\u00e7e bir d\u00fcnyayy yaratma \u00f6zlemi ile<\/p>\n","protected":false},"author":1,"featured_media":0,"comment_status":"open","ping_status":"open","sticky":false,"template":"","format":"standard","meta":{"jetpack_post_was_ever_published":false,"_jetpack_newsletter_access":"","_jetpack_newsletter_tier_id":0,"jetpack_publicize_message":"","jetpack_is_tweetstorm":false,"jetpack_publicize_feature_enabled":true,"jetpack_social_post_already_shared":false,"jetpack_social_options":{"image_generator_settings":{"template":"highway","enabled":false}}},"categories":[41],"tags":[],"jetpack_publicize_connections":[],"jetpack_featured_media_url":"","jetpack_shortlink":"https:\/\/wp.me\/p4eHWX-wv","jetpack_sharing_enabled":true,"_links":{"self":[{"href":"https:\/\/baraka.cc\/index.php?rest_route=\/wp\/v2\/posts\/2015"}],"collection":[{"href":"https:\/\/baraka.cc\/index.php?rest_route=\/wp\/v2\/posts"}],"about":[{"href":"https:\/\/baraka.cc\/index.php?rest_route=\/wp\/v2\/types\/post"}],"author":[{"embeddable":true,"href":"https:\/\/baraka.cc\/index.php?rest_route=\/wp\/v2\/users\/1"}],"replies":[{"embeddable":true,"href":"https:\/\/baraka.cc\/index.php?rest_route=%2Fwp%2Fv2%2Fcomments&post=2015"}],"version-history":[{"count":1,"href":"https:\/\/baraka.cc\/index.php?rest_route=\/wp\/v2\/posts\/2015\/revisions"}],"predecessor-version":[{"id":2016,"href":"https:\/\/baraka.cc\/index.php?rest_route=\/wp\/v2\/posts\/2015\/revisions\/2016"}],"wp:attachment":[{"href":"https:\/\/baraka.cc\/index.php?rest_route=%2Fwp%2Fv2%2Fmedia&parent=2015"}],"wp:term":[{"taxonomy":"category","embeddable":true,"href":"https:\/\/baraka.cc\/index.php?rest_route=%2Fwp%2Fv2%2Fcategories&post=2015"},{"taxonomy":"post_tag","embeddable":true,"href":"https:\/\/baraka.cc\/index.php?rest_route=%2Fwp%2Fv2%2Ftags&post=2015"}],"curies":[{"name":"wp","href":"https:\/\/api.w.org\/{rel}","templated":true}]}}