{"id":2044,"date":"2009-06-16T22:10:43","date_gmt":"2009-06-16T20:10:43","guid":{"rendered":"https:\/\/baraka.cc\/?p=2044"},"modified":"2014-01-08T22:13:14","modified_gmt":"2014-01-08T20:13:14","slug":"polys-baraka-kultur-merkezy-aktyvystyne-dava-okudu","status":"publish","type":"post","link":"https:\/\/baraka.cc\/?p=2044","title":{"rendered":"POLYS BARAKA K\u00dcLT\u00dcR MERKEZY AKTYVYSTYNE DAVA OKUDU!"},"content":{"rendered":"<p><span style=\"font-size: 11pt; line-height: 150%; font-family: Verdana;\"><span style=\"font-size: 10pt; line-height: 150%; font-family: Verdana;\"><span style=\"font-size: 11pt; line-height: 150%; font-family: Verdana;\"><span style=\"font-size: 10pt; line-height: 150%; font-family: Verdana;\"><span style=\"font-size: 11pt; color: #ffcc99; line-height: 150%; font-family: Arial;\"><span style=\"font-size: 10pt; line-height: 150%; font-family: Verdana;\"><span style=\"font-size: 10pt; line-height: 150%; font-family: Verdana;\"><span style=\"font-size: 10pt; line-height: 150%; font-family: Verdana;\"><span style=\"font-size: 10pt; font-family: Verdana;\"><span style=\"font-size: 11pt; font-family: Verdana;\"><span style=\"font-size: 11pt; font-family: Verdana;\"><span style=\"font-size: 10pt; line-height: 150%; font-family: Verdana;\"><span><span style=\"font-size: 11pt; font-family: Verdana;\"><span style=\"font-size: 11pt; font-family: Verdana;\"><span style=\"font-size: 10pt; font-family: Verdana;\"><span style=\"font-size: 11pt; font-family: Verdana;\">\u00a0<\/span><\/span><\/span><\/span><\/span><\/span><\/span><\/span><\/span><\/span><\/span><\/span><\/span><\/span><\/span><\/span><\/span><\/p>\n<p class=\"MsoNormal\" style=\"margin: 0cm 0cm 0pt;\">\n<p><span style=\"font-size: 11pt; font-family: Verdana;\"><strong><span style=\"font-size: 11pt; font-family: Verdana;\"><span style=\"font-weight: normal; font-size: 10pt; font-family: Verdana;\"><span style=\"font-size: 10pt; font-family: Verdana;\">16 Haziran 2009 tarihinde, Hamitk\u00f6y kav?a?ynda, Digomo zibilli?i ile ilgili\u00a0KT\u00d6S, YKP, KAMU-SEN, \u00c7A?-SEN, G\u00dc\u00c7-SEN, Ye?il Bary? Hareketi, KEMA Vakfy, BARAKA, BKP, KTOE\u00d6S, Biyologlar Derne?i, HAK-DER, TDP, DA\u00dc-BYR-SEN, K.T. Tabipleri Birli?i, The Management Centre gibi demokratik kitle \u00f6rg\u00fctlerinin destekledi?i bir \u00a0eylem ger\u00e7ekle?tirildi. Bu eylemde \u201cNe Turuncu Ne Ye?il, Ne Kyrmyzy, Ne de Mavi; Garadyr \u00dclkemizin Rengi\u201d, \u201cKanser Olmak Ystemiyoruz\u201d, \u201cEcelimizle \u00d6lmek Ystiyoruz\u201d, \u201cBu Yangyny Derhal Durdurun Zehirleniyoruz\u201d, \u201cGelece?imiz Yok Edilemez\u201d \u201cE?er Sabotaj Varsa Polis Nerde?\u201d, \u201cSu Yok Zehir \u00c7ok, Futbol Neyimize\u201d, \u201cDumansyz Ada, Dumansyz Hamitk\u00f6y\u201d yazyly pankartlar ta?yndy. Eylem esnasynda, \u00e7\u00f6p\u00fcn yanmasyyla olu?an zehire i?aret etmek i\u00e7in d\u00f6rt yol ortasynda lastik ve bala yakyldy.<span>\u00a0\u00a0<\/span><\/span><span style=\"font-size: 10pt; font-family: Verdana;\"><span>\u00a0\u00a0\u00a0\u00a0\u00a0\u00a0\u00a0\u00a0\u00a0 <\/span><\/span><\/span><\/span><\/strong><\/span><\/p>\n<p><span style=\"font-size: 11pt; font-family: Verdana;\"><strong><span style=\"font-size: 11pt; font-family: Verdana;\"><span style=\"font-weight: normal; font-size: 10pt; font-family: Verdana;\"><span style=\"font-size: 10pt; font-family: Verdana;\">En temel insan haklaryndan biri olan sa?lykly bir \u00e7evrede ya?ama ve sa?lykly bir hava soluma hakkynyn g\u00f6z g\u00f6re g\u00f6re gasp edildi?i ve bir an \u00f6nce \u00e7\u00f6pl\u00fc?\u00fcn yakylmasynyn \u00f6nlenmesi ve konu hakkynda k\u00f6kl\u00fc \u00e7\u00f6z\u00fcm \u00fcretilmesi i\u00e7in tek yumruk halinde yetkililere \u00e7a?ry yapylarak, h\u00fck\u00fcmet; \u201ckanser vakalaryny artyran b\u00f6yle ciddi bir olayyn ortadan kaldyrylmasy i\u00e7in gereken adymlary atmamasy ve verdikleri s\u00f6zleri yerine getirmedikleri\u201d gerek\u00e7esiyle ele?tirildi. <\/span><span style=\"font-size: 10pt; font-family: Verdana;\">\u00a0<\/span><\/span><\/span><\/strong><\/span><span style=\"font-size: 11pt; font-family: Verdana;\"><strong><span style=\"font-size: 11pt; font-family: Verdana;\"><span style=\"font-weight: normal; font-size: 10pt; font-family: Verdana;\">\u00a0<\/span><\/span><\/strong><\/span><\/p>\n<p>&nbsp;<\/p>\n<p><span style=\"font-size: 11pt; line-height: 150%; font-family: Verdana;\"><span style=\"font-size: 10pt; line-height: 150%; font-family: Verdana;\"><span style=\"font-size: 11pt; line-height: 150%; font-family: Verdana;\"><span style=\"font-size: 10pt; line-height: 150%; font-family: Verdana;\"><span style=\"font-size: 11pt; color: #ffcc99; line-height: 150%; font-family: Arial;\"><span style=\"font-size: 10pt; line-height: 150%; font-family: Verdana;\"><span style=\"font-size: 10pt; line-height: 150%; font-family: Verdana;\"><span style=\"font-size: 10pt; line-height: 150%; font-family: Verdana;\"><span style=\"font-size: 10pt; font-family: Verdana;\"><span style=\"font-size: 11pt; font-family: Verdana;\"><span style=\"font-size: 11pt; font-family: Verdana;\"><span style=\"font-size: 10pt; line-height: 150%; font-family: Verdana;\"><span><span style=\"font-size: 11pt; font-family: Verdana;\">\u00a0<\/span><\/span><\/span><\/span><\/span><\/span><\/span><\/span><\/span><\/span><\/span><\/span><\/span><\/span><\/p>\n<p class=\"MsoNormal\" style=\"margin: 0cm 0cm 0pt;\"><span style=\"font-size: 11pt; font-family: Verdana;\"><strong><span style=\"font-size: 11pt; font-family: Verdana;\"><span style=\"font-weight: normal; font-size: 10pt; font-family: Verdana;\">Eylem sonrasynda, ger\u00e7ek dy?y bahanelerle, polis; birisi Baraka K\u00fclt\u00fcr Merkezi Aktivisti olan \u00fc\u00e7 ki?iye dava okumu?tur. <\/span><\/span><\/strong><\/span><\/p>\n<p class=\"MsoNormal\" style=\"margin: 0cm 0cm 0pt;\"><span style=\"font-size: 11pt; font-family: Verdana;\"><strong><span style=\"font-size: 11pt; font-family: Verdana;\"><span style=\"font-weight: normal; font-size: 10pt; font-family: Verdana;\">\u00a0\u00a0\u00a0\u00a0\u00a0\u00a0\u00a0\u00a0\u00a0\u00a0\u00a0\u00a0 \u00a0<\/span><\/span><\/strong><\/span><\/p>\n<p class=\"MsoNormal\" style=\"margin: 0cm 0cm 0pt;\"><span style=\"font-size: 11pt; font-family: Verdana;\"><strong><span style=\"font-size: 11pt; font-family: Verdana;\"><span style=\"font-weight: normal; font-size: 10pt; font-family: Verdana;\">18 Haziran 2009,\u00a0Meclis \u00f6n\u00fcnde, hem bu giri?imle eylemcileri yyldyraca?yny zannedenler hem de Digomo Zibilli?inin yanmasyna bir\u00a0\u00e7are bulamayanlar protesto edildiler! Protesto esnasynda sembolik ?ekilde varil i\u00e7erisinde saman balasy\u00a0ve mum yakmak isteyen eylemdiler, kendi sayylarynyn kat be kat \u00fczerinde polis engeli ile kar?yla?tylar. Ya?anan arbede sonrasynda polis varile ve saman balasyna el koydu. Eylemcilerin alky?ly protestolaryna sahne olan eylem, mumlaryn yakylmasyyla son buldu.<\/span><\/span><\/strong><\/span><\/p>\n<p class=\"MsoNormal\" style=\"margin: 0cm 0cm 0pt;\"><span style=\"font-size: 11pt; font-family: Verdana;\"><strong><span style=\"font-size: 11pt; font-family: Verdana;\"><span style=\"font-weight: normal; font-size: 10pt; font-family: Verdana;\">\u00a0\u00a0\u00a0 \u00a0<\/span><\/span><\/strong><\/span><\/p>\n<p><span style=\"font-size: 11pt; font-family: Verdana;\"><strong><span style=\"font-size: 11pt; font-family: Verdana;\"><span style=\"font-weight: normal; font-size: 10pt; font-family: Verdana;\">\u00a0<\/span><\/span><\/strong><\/span><\/p>\n<p class=\"MsoNormal\" style=\"margin: 0cm 0cm 0pt;\">18 Haziran 2009 eyleminden bazy foto?raflar:<\/p>\n<p class=\"MsoNormal\" style=\"margin: 0cm 0cm 0pt;\"><span style=\"font-size: 11pt; font-family: Verdana;\"><strong><span style=\"font-size: 11pt; font-family: Verdana;\"><span style=\"font-weight: normal; font-size: 10pt; font-family: Verdana;\"><a href=\"https:\/\/www.baraka.cc\/images\/stories\/dikmen5.jpg\" target=\"_blank\"><img decoding=\"async\" loading=\"lazy\" alt=\" \" src=\"https:\/\/www.baraka.cc\/images\/stories\/dikmen5.jpg\" width=\"150\" height=\"113\" border=\"2\" \/><\/a>\u00a0<a href=\"https:\/\/www.baraka.cc\/images\/stories\/dikmen6.jpg\" target=\"_blank\"><img decoding=\"async\" loading=\"lazy\" alt=\" \" src=\"https:\/\/www.baraka.cc\/images\/stories\/dikmen6.jpg\" width=\"150\" height=\"113\" border=\"2\" \/><\/a>\u00a0<a href=\"https:\/\/www.baraka.cc\/images\/stories\/dikmen7.jpg\" target=\"_blank\"><img decoding=\"async\" loading=\"lazy\" alt=\" \" src=\"https:\/\/www.baraka.cc\/images\/stories\/dikmen7.jpg\" width=\"150\" height=\"100\" border=\"2\" \/><\/a>\u00a0<a href=\"https:\/\/www.baraka.cc\/images\/stories\/dikmen8.jpg\" target=\"_blank\"><img decoding=\"async\" loading=\"lazy\" alt=\" \" src=\"https:\/\/www.baraka.cc\/images\/stories\/dikmen8.jpg\" width=\"150\" height=\"100\" border=\"2\" \/><\/a><\/span><\/span><\/strong><\/span><\/p>\n<p>&nbsp;<\/p>\n<p>&nbsp;<\/p>\n<p class=\"MsoNormal\" style=\"margin: 0cm 0cm 0pt;\"><span style=\"font-size: 11pt; font-family: Verdana;\"><strong><span style=\"font-size: 11pt; font-family: Verdana;\"><span style=\"font-weight: normal; font-size: 10pt; font-family: Verdana;\">\u00a0\u00a0\u00a0\u00a0 <\/span><\/span><\/strong><\/span><\/p>\n<p class=\"MsoNormal\" style=\"margin: 0cm 0cm 0pt;\">\n<p><span style=\"font-size: 11pt; font-family: Verdana;\"><strong><span style=\"font-size: 11pt; font-family: Verdana;\"><span style=\"font-weight: normal; font-size: 10pt; font-family: Verdana;\">\u00a0<\/span><\/span><\/strong><\/span><\/p>\n<p class=\"MsoNormal\" style=\"margin: 0cm 0cm 0pt;\"><span style=\"font-size: 11pt; font-family: Verdana;\"><span style=\"font-size: 11pt; font-family: Verdana;\"><span style=\"font-weight: normal; font-size: 10pt; font-family: Verdana;\"><a href=\"https:\/\/www.baraka.cc\/index.php?option=com_content&amp;task=view&amp;id=380&amp;Itemid=430\"><span style=\"color: #810081;\">16 Haziran 2009 eylemi sonrasy\u00a0ya?anan geli?melerden \u00f6t\u00fcr\u00fc 20 \u00f6rg\u00fct\u00fcn yapty?y basyn a\u00e7yklamasy<\/span><\/a><\/span><\/span><\/span><\/p>\n<p class=\"MsoNormal\" style=\"margin: 0cm 0cm 0pt;\">\n<p class=\"MsoNormal\" style=\"margin: 0cm 0cm 0pt;\">16 Haziran 2009 eyleminden bazy foto?raflar:<\/p>\n<p>&nbsp;<\/p>\n<p>&nbsp;<\/p>\n<p class=\"MsoNormal\" style=\"margin: 0cm 0cm 0pt;\"><span style=\"font-size: 11pt; font-family: Verdana;\"><strong><span style=\"font-size: 11pt; font-family: Verdana;\"><span style=\"font-weight: normal; font-size: 10pt; font-family: Verdana;\"><a href=\"https:\/\/www.baraka.cc\/images\/stories\/dikmen1.jpg\" target=\"_blank\"><img decoding=\"async\" loading=\"lazy\" alt=\" \" src=\"https:\/\/www.baraka.cc\/images\/stories\/dikmen1.jpg\" width=\"150\" height=\"113\" border=\"2\" \/><\/a>\u00a0<a href=\"https:\/\/www.baraka.cc\/images\/stories\/dikmen2.jpg\" target=\"_blank\"><img decoding=\"async\" loading=\"lazy\" alt=\" \" src=\"https:\/\/www.baraka.cc\/images\/stories\/dikmen2.jpg\" width=\"150\" height=\"113\" border=\"2\" \/><\/a>\u00a0<a href=\"https:\/\/www.baraka.cc\/images\/stories\/dikmen3.jpg\" target=\"_blank\"><img decoding=\"async\" loading=\"lazy\" alt=\" \" src=\"https:\/\/www.baraka.cc\/images\/stories\/dikmen3.jpg\" width=\"150\" height=\"113\" border=\"2\" \/><\/a>\u00a0<a href=\"https:\/\/www.baraka.cc\/images\/stories\/dikmen4.jpg\" target=\"_blank\"><img decoding=\"async\" loading=\"lazy\" alt=\" \" src=\"https:\/\/www.baraka.cc\/images\/stories\/dikmen4.jpg\" width=\"100\" height=\"133\" border=\"2\" \/><\/a><\/span><\/span><\/strong><\/span><\/p>\n<p class=\"MsoNormal\" style=\"margin: 0cm 0cm 0pt;\">\n<p class=\"MsoNormal\" style=\"margin: 0cm 0cm 0pt;\">\n<p class=\"MsoNormal\" style=\"margin: 0cm 0cm 0pt;\">\n<p class=\"MsoNormal\" style=\"margin: 0cm 0cm 0pt;\"><span style=\"font-size: 11pt; font-family: Verdana;\"><span style=\"font-size: 11pt; font-family: Verdana;\"><span style=\"font-weight: normal; font-size: 10pt; font-family: Verdana;\"><a href=\"https:\/\/www.baraka.cc\/index.php?option=com_content&amp;task=view&amp;id=378&amp;Itemid=428\"><span style=\"color: #0000ff;\">16 Haziran 2009 tarihinde Dikmen Eylem Komitesi&#8217;nin eyleme \u00e7a?rysy<\/span><\/a><\/span><\/span><\/span><\/p>\n<p class=\"MsoNormal\" style=\"margin: 0cm 0cm 0pt;\"><span style=\"font-size: 11pt; font-family: Verdana;\"><strong><span style=\"font-size: 11pt; font-family: Verdana;\"><span style=\"font-weight: normal; font-size: 10pt; font-family: Verdana;\">\u00a0\u00a0\u00a0\u00a0 <\/span><\/span><\/strong><\/span><\/p>\n<p class=\"MsoNormal\" style=\"margin: 0cm 0cm 0pt;\"><span style=\"font-size: 11pt; font-family: Verdana;\"><span style=\"font-size: 11pt; font-family: Verdana;\"><span style=\"font-weight: normal; font-size: 10pt; font-family: Verdana;\"><a href=\"https:\/\/www.baraka.cc\/index.php?option=com_content&amp;task=view&amp;id=379&amp;Itemid=429\"><span style=\"color: #810081;\">Baraka K\u00fclt\u00fcr Merkezi&#8217;nin eyleme \u00e7a?yrysy<\/span><\/a><\/span><\/span><\/span><\/p>\n","protected":false},"excerpt":{"rendered":"<p>\u00a0 16 Haziran 2009 tarihinde, Hamitk\u00f6y kav?a?ynda, Digomo zibilli?i ile ilgili\u00a0KT\u00d6S, YKP, KAMU-SEN, \u00c7A?-SEN, G\u00dc\u00c7-SEN, Ye?il Bary? Hareketi, KEMA Vakfy, BARAKA, BKP, KTOE\u00d6S, Biyologlar Derne?i,<\/p>\n","protected":false},"author":1,"featured_media":0,"comment_status":"open","ping_status":"open","sticky":false,"template":"","format":"standard","meta":{"jetpack_post_was_ever_published":false,"_jetpack_newsletter_access":"","_jetpack_newsletter_tier_id":0,"jetpack_publicize_message":"","jetpack_is_tweetstorm":false,"jetpack_publicize_feature_enabled":true,"jetpack_social_post_already_shared":false,"jetpack_social_options":{"image_generator_settings":{"template":"highway","enabled":false}}},"categories":[1],"tags":[],"jetpack_publicize_connections":[],"jetpack_featured_media_url":"","jetpack_shortlink":"https:\/\/wp.me\/p4eHWX-wY","jetpack_sharing_enabled":true,"_links":{"self":[{"href":"https:\/\/baraka.cc\/index.php?rest_route=\/wp\/v2\/posts\/2044"}],"collection":[{"href":"https:\/\/baraka.cc\/index.php?rest_route=\/wp\/v2\/posts"}],"about":[{"href":"https:\/\/baraka.cc\/index.php?rest_route=\/wp\/v2\/types\/post"}],"author":[{"embeddable":true,"href":"https:\/\/baraka.cc\/index.php?rest_route=\/wp\/v2\/users\/1"}],"replies":[{"embeddable":true,"href":"https:\/\/baraka.cc\/index.php?rest_route=%2Fwp%2Fv2%2Fcomments&post=2044"}],"version-history":[{"count":2,"href":"https:\/\/baraka.cc\/index.php?rest_route=\/wp\/v2\/posts\/2044\/revisions"}],"predecessor-version":[{"id":2050,"href":"https:\/\/baraka.cc\/index.php?rest_route=\/wp\/v2\/posts\/2044\/revisions\/2050"}],"wp:attachment":[{"href":"https:\/\/baraka.cc\/index.php?rest_route=%2Fwp%2Fv2%2Fmedia&parent=2044"}],"wp:term":[{"taxonomy":"category","embeddable":true,"href":"https:\/\/baraka.cc\/index.php?rest_route=%2Fwp%2Fv2%2Fcategories&post=2044"},{"taxonomy":"post_tag","embeddable":true,"href":"https:\/\/baraka.cc\/index.php?rest_route=%2Fwp%2Fv2%2Ftags&post=2044"}],"curies":[{"name":"wp","href":"https:\/\/api.w.org\/{rel}","templated":true}]}}