{"id":2053,"date":"2005-07-03T22:17:31","date_gmt":"2005-07-03T20:17:31","guid":{"rendered":"https:\/\/baraka.cc\/?p=2053"},"modified":"2014-01-08T22:18:25","modified_gmt":"2014-01-08T20:18:25","slug":"kybrysyn-kuzeyinde-bir-hayalet-dolayyor-ozelletirme-hayaleti","status":"publish","type":"post","link":"https:\/\/baraka.cc\/?p=2053","title":{"rendered":"Kybrys\u2019yn kuzeyinde bir hayalet dola?yyor, \u00f6zelle?tirme hayaleti!"},"content":{"rendered":"<p class=\"MsoNormal\" style=\"margin: 0cm 0cm 0pt; line-height: 150%;\">\n<p><strong><span style=\"font-size: 10pt; line-height: 150%; font-family: Verdana;\">\u00a0\u00a0 <\/span><\/strong><\/p>\n<p class=\"MsoNormal\" style=\"margin: 0cm 0cm 0pt; line-height: 150%;\"><span style=\"font-size: 10pt; line-height: 150%; font-family: Verdana;\">Sermaye, d\u00fcnyanyn her yerinde eme?in kazanylmy? kamusal haklaryna kar?y topyek\u00fcn bir saldyry ger\u00e7ekle?tirmektedir. \u00dclkemizde de bu saldyrynyn ko\u00e7 ba?y \u201cOkul \u00d6ncesi E?itim \u00d6?retmenli?i\u201d ady altynda y\u00fcr\u00fct\u00fclmekte olan planly operasyondur. Operasyonun slogany \u201cAB s\u00fcrecinde e?itimde devlet tekeli kabul edilemez\u201d ?eklindedir.<\/span><\/p>\n<p><span style=\"font-size: 10pt; line-height: 150%; font-family: Verdana;\">\u00a0\u00a0 <\/span><\/p>\n<p class=\"MsoNormal\" style=\"margin: 0cm 0cm 0pt; line-height: 150%;\"><span style=\"font-size: 10pt; line-height: 150%; font-family: Verdana;\">Herkese e?it, parasyz ve bilimsel e?itim hakky y\u00fczlerce yyllyk m\u00fccadeleler sonucu kazanylmy? en temel haklardan birisidir. \u00dclkemizde bunun son kyryntylarynyn da saldyry altynda oldu?u bu s\u00fcre\u00e7te; sermaye, e?itimin t\u00fcm\u00fcyle piyasaya a\u00e7ylmasyny talep etmektedir.<\/span><span style=\"font-size: 10pt; line-height: 150%; font-family: Verdana;\">\u00a0Oysa piyasa, kar maksimizasyonunun alanydyr. E?itim ise kar amacy g\u00fcd\u00fclmemesi gereken bir toplumsal faaliyettir. Sermayenin \u00f6nceli?i kar ve paradyr. Kamunun \u00f6nceli?i ise fyrsat e?itli?i ve toplumsal yarar. Bunlar uzla?tyrylmazlar!<\/span><\/p>\n<p><span style=\"font-size: 10pt; line-height: 150%; font-family: Verdana;\">\u00a0\u00a0 \u00a0<\/span><\/p>\n<p class=\"MsoNormal\" style=\"margin: 0cm 0cm 0pt; line-height: 150%;\"><span style=\"font-size: 10pt; line-height: 150%; font-family: Verdana;\">\u00d6zel bir ?irketin (ki bu ?irket genel anlamda sermayenin temsilcisi durumundadyr) t\u00fcm imkanlaryny seferber ederek, toplum yararyny g\u00f6zeten bir hizmetin piyasaya a\u00e7ylmasy hedefiyle ba?latty?y bu saldyry, t\u00fcm topluma y\u00f6nelmi? \u00f6zelle?tirme saldyrysynyn bug\u00fcnk\u00fc g\u00f6r\u00fcn\u00fcm\u00fcd\u00fcr.<\/span><\/p>\n<p class=\"MsoNormal\" style=\"margin: 0cm 0cm 0pt; line-height: 150%;\"><span style=\"font-size: 10pt; line-height: 150%; font-family: Verdana;\">\u00a0\u00a0 <\/span><\/p>\n<p><span style=\"font-size: 10pt; line-height: 150%; font-family: Verdana;\">En acysy da, hayallerini ve umutlaryny \u00e7aldyklary 92 \u00f6?renciyi kulanarak toplumsal yarary, paraya \u00e7evirmeye \u00e7aly?malarydyr. Ma?dur \u00f6?rencilere yenileri eklenmeden bu \u00e7irkin oyunu sonlandyrmak da emek cephesine d\u00fc?m\u00fc?t\u00fcr. Bug\u00fcn, YD\u00dc\u2019n\u00fcn propagandasy ve \u201cOkul \u00d6ncesi E?itim \u00d6?retmenli?i\u201d tarty?malary sol i\u00e7in bir \u201cturnusol ka?ydy\u201d g\u00f6revi g\u00f6rmektedir.<\/span><\/p>\n<p class=\"MsoNormal\" style=\"margin: 0cm 0cm 0pt; line-height: 150%;\"><strong><span style=\"font-size: 10pt; line-height: 150%; font-family: Verdana;\">\u00d6?renciler! <\/span><\/strong><span style=\"font-size: 10pt; line-height: 150%; font-family: Verdana;\">Sizi ve hayallerinizi kullanarak, kendi ki?isel kary i\u00e7in toplumun kazanylmy? haklaryna el uzatan YD\u00dc Y\u00f6netiminin yalanlaryna kanmayyn. Sizlere kazanym gibi g\u00f6sterdikleri \u201cb\u00f6l\u00fcm\u00fcn\u00fcz\u00fcn tanynarak sizlere devlet okullarynda i? verilmesi\u201d aslynda siz de dahil t\u00fcm toplumun kayby olacaktyr. Parasy olanyn okuyabildi?i, \u00f6?retmen olabildi?i, parasy olmayanyn dy?landy?y, hatta bug\u00fcn devletin olan okullaryn \u00f6zelle?tirildi?i bir s\u00fcrecin ba?langycy olacaktyr. Kendi \u00f6?retmenlerinize bakyn; sendikasyz ve i? garantileri YD\u00dc Y\u00f6netiminin iki duda?y arasynda emek\u00e7iler. Girmeye \u00e7aly?ty?ynyz devlet okullary, \u00f6zelle?tirme harekatynyn sonunda bundan farkly olmayacak. Kendiniz ve toplumumuz i\u00e7in istedi?iniz gelecek bu mudur?<\/span><\/p>\n<p><span style=\"font-size: 10pt; line-height: 150%; font-family: Verdana;\">\u00a0\u00a0 <\/span><\/p>\n<p class=\"MsoNormal\" style=\"margin: 0cm 0cm 0pt; line-height: 150%;\"><strong><span style=\"font-size: 10pt; line-height: 150%; font-family: Verdana;\">\u00dcniversiteler Sultany Suat Bey! <\/span><\/strong><span style=\"font-size: 10pt; line-height: 150%; font-family: Verdana;\">(Yfade i\u00e7in de?erli Arif H. Tahsin\u2019e te?ekk\u00fcrler) \u00d6?rencilerinin arkasyna saklanmayy byrak! A\u00e7ty?yn yasa dy?y b\u00f6l\u00fcm\u00fc kapat ve ma?dur etti?in \u00f6?rencileri kendi isteklerine g\u00f6re ba?ka b\u00f6l\u00fcmlere yerle?tir! Sayylmayan dersleri i\u00e7in para talep etme! \u00d6?retmen Akademisi synavyny ge\u00e7erek A\u00d6A\u2019ya yazylmaya hak kazanacak \u00f6?rencilerinin \u00f6dedi?i parayy iade et! Toplumdan \u00f6z\u00fcr dile!<\/span><\/p>\n<p><span style=\"font-size: 10pt; line-height: 150%; font-family: Verdana;\">\u00a0\u00a0 <\/span><\/p>\n<p class=\"MsoNormal\" style=\"margin: 0cm 0cm 0pt; line-height: 150%;\"><strong><span style=\"font-size: 10pt; line-height: 150%; font-family: Verdana;\">H\u00fck\u00fcmet! <\/span><\/strong><span style=\"font-size: 10pt; line-height: 150%; font-family: Verdana;\">Yasa ve toplum aleyhine faaliyet g\u00f6stermekte olan bir sermayedara g\u00f6z yummaktan vazge\u00e7 ve g\u00f6revini yaparak kamusal yarary koru! YD\u00dc Y\u00f6netimi tarafyndan ma?dur edilen \u00f6?rencilerin ma?duriyetlerinin giderilmesini sa?la! Bunun su\u00e7lusunun yasa dy?y bir b\u00f6l\u00fcm a\u00e7an YD\u00dc ve buna g\u00f6z yuman t\u00fcm h\u00fck\u00fcmetler oldu?undan hareketle, \u00f6?rencilerin tazmin edilmesini sa?la!<\/span><\/p>\n<p><span style=\"font-size: 10pt; line-height: 150%; font-family: Verdana;\">\u00a0\u00a0 <\/span><\/p>\n<p class=\"MsoNormal\" style=\"margin: 0cm 0cm 0pt; line-height: 150%;\"><strong><span style=\"font-size: 10pt; line-height: 150%; font-family: Verdana;\">Emekten ve Soldan yana t\u00fcm parti, \u00f6rg\u00fct ve gazeteler! <\/span><\/strong><span style=\"font-size: 10pt; line-height: 150%; font-family: Verdana;\">Sol\u2019un g\u00f6revi eme?in savunulmasydyr, h\u00fck\u00fcmeti ele?tirmek i\u00e7in her fyrsattan faydalanmak de?il. YD\u00dc\u2019n\u00fcn y\u00fcr\u00fctt\u00fc?\u00fc operasyon sermayenin eme?e ve topluma saldyrysydyr. KT\u00d6S\u2019\u00fcn yayynlady?y basyn bildirisi ile de netle?ti?i gibi bu emek ile sermayenin \u00e7aty?masydyr. Sol \u00f6rg\u00fctlerin yeri, eme?in yanydyr. Byrakyn \u00f6zelle?tirmeyi ve YD\u00dc\u2019y\u00fc UBP savunsun, anti-kapitalist saflara gelin!<\/span><\/p>\n<p><span style=\"font-size: 10pt; line-height: 150%; font-family: Verdana;\">\u00a0\u00a0 <\/span><\/p>\n<p class=\"MsoNormal\" style=\"margin: 0cm 0cm 0pt; line-height: 150%;\"><strong><span style=\"font-size: 10pt; line-height: 150%; font-family: Verdana;\">Sendikalar!<\/span><\/strong><span style=\"font-size: 10pt; line-height: 150%; font-family: Verdana;\"> Bu neo-liberal saldyry ilkokul e?itimi ile synyrly kalmayacaktyr. Esnek \u00e7aly?ma, deregulasyon, ta?eronla?tyrma, sendikasyzla?tyrma ve \u00f6zelle?tirme ile sizin kapynyza kadar dayanacaktyr. Buna bug\u00fcn ba?lady?y yerden dur demek gerekmektedir. Bunun i\u00e7in emek\u00e7i synyflaryn sermaye kar?ysynda birli?i gerekmektedir. Eme?in saldyry altynda oldu?u her durumda sol veya sa? t\u00fcm sendikalar saldyry altynda demektir. <\/span><\/p>\n<p><span style=\"font-size: 10pt; line-height: 150%; font-family: Verdana;\">\u00a0\u00a0 <\/span><\/p>\n<p class=\"MsoNormal\" style=\"margin: 0cm 0cm 0pt; line-height: 150%;\"><strong><span style=\"font-size: 10pt; line-height: 150%; font-family: Verdana;\">Halkymyz! <\/span><\/strong><span style=\"font-size: 10pt; line-height: 150%; font-family: Verdana;\">Saldyry altynda olan, bozuk da olsa, aksyyor da olsa, yyllardan beridir yypratylmy? da olsa, bir s\u00fcr\u00fc olumsuzluk da baryndyrsa, bizim kazanymlarymyzdyr. Bu saldyryya dur demek, toplumsal kazanymlarymyza y\u00f6nelmi? bu \u00e7ykar ?ebekesini durdurmak bizim, hepimizin yetene?i dahilindedir.<\/span><\/p>\n<p><span style=\"font-size: 10pt; line-height: 150%; font-family: Verdana;\">\u00a0\u00a0 <\/span><\/p>\n<p class=\"MsoNormal\" style=\"margin: 0cm 0cm 0pt; line-height: 150%;\"><span style=\"font-size: 10pt; line-height: 150%; font-family: Verdana;\">KT\u00d6S\u2019\u00fc ve onurlu duru?unu sonuna kadar destekliyoruz. \u00d6zelle?tirme saldyrysyna kar?y tarihsel sorumlulu?umuzun bilincindeyiz ve bug\u00fcnden yaryna hava d\u00f6n\u00fcp \u201cyel emekten yana esmeye\u201d ba?lady?ynda da eme?in saflarynda olaca?yz.<\/span><\/p>\n<p><span style=\"font-size: 10pt; line-height: 150%; font-family: Verdana;\">\u00a0\u00a0 <\/span><\/p>\n<p class=\"MsoNormal\" style=\"margin: 0cm 0cm 0pt; line-height: 150%;\"><span style=\"font-size: 10pt; line-height: 150%; font-family: Verdana;\">\u00d6zerk, demokratik, bilimsel, parasyz e?itim!<\/span><\/p>\n<p><span style=\"font-size: 10pt; line-height: 150%; font-family: Verdana;\">\u00a0\u00a0 <\/span><\/p>\n<p class=\"MsoNormal\" style=\"margin: 0cm 0cm 0pt; line-height: 150%;\"><span style=\"font-size: 10pt; line-height: 150%; font-family: Verdana;\">\u00d6zelle?tirmeye Hayyr!<\/span><\/p>\n<p class=\"MsoNormal\" style=\"margin: 0cm 0cm 0pt; line-height: 150%;\"><span style=\"font-size: 10pt; line-height: 150%; font-family: Verdana;\">\u00a0\u00a0\u00a0 <\/span><\/p>\n<p><span style=\"font-size: 10pt; line-height: 150%; font-family: Verdana;\">\u00a0\u00a0 <\/span><span style=\"font-size: 10pt; line-height: 150%; font-family: Verdana;\">\u00a0<\/span><strong><span style=\"font-size: 10pt; line-height: 150%; font-family: Verdana;\">BARAKA K\u00dcLT\u00dcR MERKEZY<\/span><\/strong><\/p>\n","protected":false},"excerpt":{"rendered":"<p>\u00a0\u00a0 Sermaye, d\u00fcnyanyn her yerinde eme?in kazanylmy? kamusal haklaryna kar?y topyek\u00fcn bir saldyry ger\u00e7ekle?tirmektedir. \u00dclkemizde de bu saldyrynyn ko\u00e7 ba?y \u201cOkul \u00d6ncesi E?itim \u00d6?retmenli?i\u201d ady<\/p>\n","protected":false},"author":1,"featured_media":0,"comment_status":"open","ping_status":"open","sticky":false,"template":"","format":"standard","meta":{"jetpack_post_was_ever_published":false,"_jetpack_newsletter_access":"","_jetpack_newsletter_tier_id":0,"jetpack_publicize_message":"","jetpack_is_tweetstorm":false,"jetpack_publicize_feature_enabled":true,"jetpack_social_post_already_shared":false,"jetpack_social_options":{"image_generator_settings":{"template":"highway","enabled":false}}},"categories":[41],"tags":[],"jetpack_publicize_connections":[],"jetpack_featured_media_url":"","jetpack_shortlink":"https:\/\/wp.me\/p4eHWX-x7","jetpack_sharing_enabled":true,"_links":{"self":[{"href":"https:\/\/baraka.cc\/index.php?rest_route=\/wp\/v2\/posts\/2053"}],"collection":[{"href":"https:\/\/baraka.cc\/index.php?rest_route=\/wp\/v2\/posts"}],"about":[{"href":"https:\/\/baraka.cc\/index.php?rest_route=\/wp\/v2\/types\/post"}],"author":[{"embeddable":true,"href":"https:\/\/baraka.cc\/index.php?rest_route=\/wp\/v2\/users\/1"}],"replies":[{"embeddable":true,"href":"https:\/\/baraka.cc\/index.php?rest_route=%2Fwp%2Fv2%2Fcomments&post=2053"}],"version-history":[{"count":1,"href":"https:\/\/baraka.cc\/index.php?rest_route=\/wp\/v2\/posts\/2053\/revisions"}],"predecessor-version":[{"id":2055,"href":"https:\/\/baraka.cc\/index.php?rest_route=\/wp\/v2\/posts\/2053\/revisions\/2055"}],"wp:attachment":[{"href":"https:\/\/baraka.cc\/index.php?rest_route=%2Fwp%2Fv2%2Fmedia&parent=2053"}],"wp:term":[{"taxonomy":"category","embeddable":true,"href":"https:\/\/baraka.cc\/index.php?rest_route=%2Fwp%2Fv2%2Fcategories&post=2053"},{"taxonomy":"post_tag","embeddable":true,"href":"https:\/\/baraka.cc\/index.php?rest_route=%2Fwp%2Fv2%2Ftags&post=2053"}],"curies":[{"name":"wp","href":"https:\/\/api.w.org\/{rel}","templated":true}]}}