{"id":2062,"date":"2006-02-03T22:21:03","date_gmt":"2006-02-03T20:21:03","guid":{"rendered":"https:\/\/baraka.cc\/?p=2062"},"modified":"2014-01-08T22:22:31","modified_gmt":"2014-01-08T20:22:31","slug":"elektrikte-ozellestirmeye-hayir","status":"publish","type":"post","link":"https:\/\/baraka.cc\/?p=2062","title":{"rendered":"Elektrikte \u00d6zelle\u015ftirmeye Hay\u0131r"},"content":{"rendered":"<p><span style=\"font-size: 10pt; line-height: 150%; font-family: Verdana;\">De?erli Basyn Emek\u00e7ileri,<\/span><\/p>\n<p class=\"MsoNormal\" style=\"margin: 0cm 0cm 0pt; text-indent: 18pt; line-height: 150%; text-align: justify;\"><span style=\"font-size: 10pt; line-height: 150%; font-family: Verdana;\">G\u00fcnlerdir evlerimizde, i? yerlerimizde ve sokaklarymyzda elektrik kesintilerinin yaratty?y olumsuz sonu\u00e7larla kar?y kar?yyayyz. Bu \u00f6ylesine \u00e7ok y\u00f6nl\u00fc bir s\u00fcre\u00e7 ki hayatymyzyn neredeyse her alanyny etkilemektedir.<\/span><\/p>\n<p><span style=\"font-size: 10pt; line-height: 150%; font-family: Verdana;\">\u00a0\u00a0\u00a0 <\/span><\/p>\n<p class=\"MsoNormal\" style=\"margin: 0cm 0cm 0pt; text-indent: 18pt; line-height: 150%; text-align: justify;\"><span style=\"font-size: 10pt; line-height: 150%; font-family: Verdana;\">Y? yerlerimizde, bilgisayarlarymyz \u00e7aly?myyor, makinalarymyzyn \u00e7arklary d\u00f6nm\u00fcyor, ofislerimizde lambalarymyz yanmyyor. D\u00f6nem d\u00f6nem gelen elektrikler tam en verimli olaca?ymyz anlarda tekrar giderek \u00e7aly?ma motivasyonumuzu bozuyor. Okullarymyzda ve elektrik enerjisi ile ysynan \u00e7aly?ma alanlarymyzda so?ukla ba? ba?ayyz. Ortaokuldan liseye synav d\u00f6nemlerinin yo?unla?ty?y bu haftalarda \u00e7aly?mak \u00f6?rencilerimiz i\u00e7in neredeyse imkankansyz hale gelmi?tir.<\/span><\/p>\n<p><span style=\"font-size: 10pt; line-height: 150%; font-family: Verdana;\">\u00a0\u00a0\u00a0 \u00a0<\/span><\/p>\n<p class=\"MsoNormal\" style=\"margin: 0cm 0cm 0pt; text-indent: 18pt; line-height: 150%; text-align: justify;\"><span style=\"font-size: 10pt; line-height: 150%; font-family: Verdana;\">Yo?un bir g\u00fcn\u00fcn ardyndan sycak bir banyo yapmak ve dinlenmek i\u00e7in d\u00f6nd\u00fc?\u00fcm\u00fcz evlerimizde bizleri kapynyn ardynda karanlyk bekliyor. Banyo yapamyyoruz, sevdiklerimizin y\u00fcz\u00fcn\u00fc g\u00f6rerek yemek yiyemiyoruz ve elektrik kesintileri ile ilgili son haberleri dinlemek i\u00e7in televizyonalarymyzy a\u00e7amyyoruz. Dinlenme ve kendimize vakit ayyrmak i\u00e7in bizlere fyrsatlar sundu?u s\u00f6ylenen teknolojinin hi\u00e7bir \u00fcr\u00fcn\u00fcn\u00fc kullanamyyoruz.<\/span><\/p>\n<p><span style=\"font-size: 10pt; line-height: 150%; font-family: Verdana;\">\u00a0\u00a0\u00a0 <\/span><\/p>\n<p class=\"MsoNormal\" style=\"margin: 0cm 0cm 0pt; text-indent: 18pt; line-height: 150%; text-align: justify;\"><span style=\"font-size: 10pt; line-height: 150%; font-family: Verdana;\">Caddelerimiz ve sokaklarymyz zaten yetersiz olan aydynlatmadan tamamen mahrum durumda. Trafik y?yklary \u00e7aly?myyor, kesintilerden sonra ayarlary bozuluyor, zaman ayarlamalary de?i?iyor ve trafik sorunu bamba?ka boyutlaryyla hayatymyzda var olmaya devam ediyor.<\/span><\/p>\n<p><span style=\"font-size: 10pt; line-height: 150%; font-family: Verdana;\">\u00a0\u00a0\u00a0\u00a0 \u00a0<\/span><\/p>\n<p class=\"MsoNormal\" style=\"margin: 0cm 0cm 0pt; text-indent: 18pt; line-height: 150%; text-align: justify;\"><span style=\"font-size: 10pt; line-height: 150%; font-family: Verdana;\">Son haftayy ger\u00e7ek bir orta\u00e7a? karanly?ynda, elektri?in hen\u00fcz ke?fedilmedi?i zamanlarda ya?anan bir kabus gibi ge\u00e7irdi?imizi s\u00f6ylesek abartmy? olmayyz. Tek bir farkla ki, orta\u00e7a?da insanlyk elektri?i hen\u00fcz bilmedi?inden \u00e7e?itli y\u00f6netemlerle ysynma ve aydynlanma ihtiyacyny kar?ylmaktaydy. Bizler bug\u00fcn bundan bile mahrumuz ve elimizden gelen tek ?ey yetkililerin yyllardyr devam eden enerji sorunumuza kalycy bir \u00e7\u00f6z\u00fcm bulmasyny beklemek.<\/span><\/p>\n<p><span style=\"font-size: 10pt; line-height: 150%; font-family: Verdana;\">\u00a0\u00a0\u00a0 <\/span><\/p>\n<p class=\"MsoNormal\" style=\"margin: 0cm 0cm 0pt; text-indent: 18pt; line-height: 150%; text-align: justify;\"><span style=\"font-size: 10pt; line-height: 150%; font-family: Verdana;\">Kesintilerin yaratty?y zaman, i? g\u00fcc\u00fc ve benzeri maddi kayyplardan ba?ka, belki de en \u00f6nemlisi; halkymyzyn psikolojik olarak yypranmasydyr. Bir kesilip bir gelen elektrikler ruh halimizi dramatik olarak etkilemekte, kapysynyn \u00f6n\u00fcnde y\u00fcr\u00fcnen evlerden elektri?in gelmesi ile alky? sesleri y\u00fckselmektedir. Tabii ki bunun tam tersi de, elektrik kesintilerinin aile bireylerini yasa bo?masydyr&#8230;<\/span><\/p>\n<p><span style=\"font-size: 10pt; line-height: 150%; font-family: Verdana;\">\u00a0\u00a0\u00a0 <\/span><\/p>\n<p class=\"MsoNormal\" style=\"margin: 0cm 0cm 0pt; text-indent: 18pt; line-height: 150%; text-align: justify;\"><span style=\"font-size: 10pt; line-height: 150%; font-family: Verdana;\">\u00d6yle ki toplum olarak, enerji \u00fcretimi insan yapysy de?ilmi? de, do?a \u00fcst\u00fc g\u00fc\u00e7lerin bir l\u00fctfuymu? gibi davranmaya ba?ladyk. Oysa elektrik \u00fcretimi insan iradesi dahilinde bir s\u00fcre\u00e7tir.<\/span><\/p>\n<p><span style=\"font-size: 10pt; line-height: 150%; font-family: Verdana;\">\u00a0\u00a0\u00a0 <\/span><\/p>\n<p class=\"MsoNormal\" style=\"margin: 0cm 0cm 0pt; text-indent: 18pt; line-height: 150%; text-align: justify;\"><span style=\"font-size: 10pt; line-height: 150%; font-family: Verdana;\">Halkymyz elektrik kesintileri kar?ysynda hakly \u00f6fkesini, yanly? ve yanyltylmy? bir ?ekilde Elektrik Kurumu \u00e7aly?anlaryna y\u00f6neltmekte, devletin elektrik \u00fcretemeyece?i bunun yerine \u00f6zel sekt\u00f6r\u00fcn bu i?i yapmasy gerekti?i savunulmaya ba?lanmaktadyr.<\/span><\/p>\n<p><span style=\"font-size: 10pt; line-height: 150%; font-family: Verdana;\">\u00a0\u00a0\u00a0 <\/span><\/p>\n<p class=\"MsoNormal\" style=\"margin: 0cm 0cm 0pt; text-indent: 18pt; line-height: 150%; text-align: justify;\"><span style=\"font-size: 10pt; line-height: 150%; font-family: Verdana;\">Bu sorunun sadece ?imdiki h\u00fck\u00fcmet d\u00f6neminde ortaya \u00e7ykmy? bir sorun olmady?yny biliyoruz. <strong>Elektrik \u00fcretiminde ya?anan sykyntylar 30 yyllyk bir yatyrymsyzlyk ve atyl byrakylmy?ly?yn sonucudur.<\/strong> Yyllardan beridir sistemli ve planly olarak, gerek \u00fcretim gerekse da?ytym altyapymyza yatyrym, yenileme ve teknolojik ilerlemeye d\u00f6n\u00fck kaynak aktarylmamaktadyr. <strong>Ylgili sendikanyn t\u00fcm uyarylaryna ra?men yedek bir santral kurulmasyna y\u00f6nelik ciddi adymlar atylmamaktadyr.<\/strong> Son yyllaryn rakamlaryna g\u00f6z atyldy?ynda elektrik t\u00fcketiminde %30 arty? olmasyna ra?men, elektrik kurumunun personel sayysynda %28\u2019lik bir azalma g\u00f6r\u00fclecektir. T\u00fcketimdeki arty?, kurumun yyllardan beridir hi\u00e7bir teknolojik geli?me g\u00f6stermeyen, \u00e7a?ymyza g\u00f6re geri kalmy? kaynaklaryyla ve personelin \u00f6zverili \u00e7aly?masy ile kar?ylanmaktadyr.<\/span><\/p>\n<p><span style=\"font-size: 10pt; line-height: 150%; font-family: Verdana;\">\u00a0\u00a0\u00a0 <\/span><\/p>\n<p class=\"MsoNormal\" style=\"margin: 0cm 0cm 0pt; text-indent: 18pt; line-height: 150%; text-align: justify;\"><span style=\"font-size: 10pt; line-height: 150%; font-family: Verdana;\">Kamu yarary i\u00e7in \u00fcretim yapan Kyb-Tek elektri?ine kaynak aktarmayan siyasi irade, 2003 yylynda Kalecik\u2019te \u00f6zel bir ?irkete elektrik \u00fcretimi yapmasy kar?yly?ynda 20 MW\u2019lyk alym garantisi vererek ger\u00e7ek niyetini su y\u00fcz\u00fcne \u00e7ykarmy?tyr. \u00dcstelik tamamen yasady?y olarak ve sayy?tay raporu ile de ispatly olarak bu alym, fiiliyatta 40 MW\u2019a kadar vardyrylmaktadyr. \u00d6zel ?irketten alynan elektri?in bu y\u00fcksek d\u00fczeylere ula?masy, kamu kaynaklaryny \u00f6zele aktarmak dy?ynda, teknecik santralinin kapasitesinin altynda \u00e7aly?masyna neden olarak yakyt israfyna ve makinelerde atyl kapasiteye neden olmakta, devlet yatyrymy devlet eliyle baltalanmaktadyr.<\/span><\/p>\n<p><span style=\"font-size: 10pt; line-height: 150%; font-family: Verdana;\">\u00a0\u00a0\u00a0 \u00a0<\/span><\/p>\n<p class=\"MsoNormal\" style=\"margin: 0cm 0cm 0pt; text-indent: 18pt; line-height: 150%; text-align: justify;\"><strong><span style=\"font-size: 10pt; line-height: 150%; font-family: Verdana;\">Biz Baraka K\u00fclt\u00fcr Merkezi olarak, elektrik kesintilerinin halkymyzy byktyrmak, yyldyrmak ve elektri?in \u00f6zelle?tirilmesine onay verilmesini sa?lamak i\u00e7in, planly bir ?ekilde y\u00fcr\u00fct\u00fclen yatyrymsyzlyk ve teknolojik geri byrakylmy?ly?yn sonucu oldu?unu d\u00fc?\u00fcn\u00fcyoruz.<\/span><\/strong><span style=\"font-size: 10pt; line-height: 150%; font-family: Verdana;\"> Ge\u00e7mi? ve ?imdiki h\u00fck\u00fcmetler elektrik altyapymyzy bakymsyz byrakarak, olu?acak kesintilerden kurtulmak i\u00e7in \u00f6zel sekt\u00f6r\u00fcn kurtarycyly?yna ko?aca?ymyzy zannediyorlarsa yanylmaktadyrlar.<\/span><\/p>\n<p><span style=\"font-size: 10pt; line-height: 150%; font-family: Verdana;\">\u00a0\u00a0\u00a0 \u00a0<\/span><\/p>\n<p class=\"MsoNormal\" style=\"margin: 0cm 0cm 0pt; text-indent: 18pt; line-height: 150%; text-align: justify;\"><span style=\"font-size: 10pt; line-height: 150%; font-family: Verdana;\">Aksine Kalecik\u2019teki \u00f6zel santralin devreye girmesi ile Kyb-Tek personelinin \u00f6zverili \u00e7aly?masy kendini bir kez daha ispatlamy?tyr. Son bir yylda Kyb-Tek\u2019ten kaynakly kesintiler 6 aryza sonucu olu?urken, verimli, rekabet\u00e7i ve sorunlarymyzyn \u00e7\u00f6z\u00fcm\u00fc oldu?u iddia edilen \u00f6zel Kalecik Santrali 20\u2019den fazla kesintiye neden olmu?tur. Bu da \u00f6zelle?tirme yalanlarynyn mumunu s\u00f6nd\u00fcr\u00fcvermi?tir. Bundan \u00f6te ispat isteyen g\u00f6zlere tavsiyemiz Kuruma ait Teknecik Satrali ile \u00f6zele ait Kalecik santralinin birbirine ba?ymly yapysyna son vermeleri ve kesintilerin kayna?yny daha iyi g\u00f6zlemlemeleridir.<\/span><\/p>\n<p><span style=\"font-size: 10pt; line-height: 150%; font-family: Verdana;\">\u00a0\u00a0\u00a0 \u00a0<\/span><\/p>\n<p class=\"MsoNormal\" style=\"margin: 0cm 0cm 0pt; text-indent: 18pt; line-height: 150%; text-align: justify;\"><strong><span style=\"font-size: 10pt; line-height: 150%; font-family: Verdana;\">Ya?ananlar a\u00e7yk\u00e7a g\u00f6stermektedir ki \u00f6zel sekt\u00f6r bu i?i yapmamaktadyr. Yhtiyacymyz olan \u00f6zelle?tirme de?il teknolojik ve altaypysal yatyrymdyr.<\/span><\/strong><\/p>\n<p><strong><span style=\"font-size: 10pt; line-height: 150%; font-family: Verdana;\">\u00a0\u00a0\u00a0 \u00a0<\/span><\/strong><span style=\"font-size: 10pt; line-height: 150%; font-family: Verdana;\">\u00a0<\/span><\/p>\n<p class=\"MsoNormal\" style=\"margin: 0cm 0cm 0pt; text-indent: 18pt; line-height: 150%; text-align: justify;\"><strong><span style=\"font-size: 10pt; line-height: 150%; font-family: Verdana;\">Bu \u00e7er\u00e7evede kalycy bir \u00e7\u00f6z\u00fcm i\u00e7in bizce acil olarak yapylmasy gerekenler;<\/span><\/strong><\/p>\n<p><strong><span style=\"font-size: 10pt; line-height: 150%; font-family: Verdana;\">\u00a0\u00a0 <\/span><\/strong><\/p>\n<p class=\"MsoNormal\" style=\"margin: 0cm 0cm 0pt; text-indent: 18pt; line-height: 150%; text-align: justify;\"><span style=\"font-size: 10pt; line-height: 150%; font-family: Verdana;\">&#8211; Kyb-Tek\u2019in yasasy ile birlikte \u00f6zerk bir yapyya ve mali ba?ymsyzly?a kavu?turulmasy<\/span><\/p>\n<p><span style=\"font-size: 10pt; line-height: 150%; font-family: Verdana;\">\u00a0\u00a0 <\/span><\/p>\n<p class=\"MsoNormal\" style=\"margin: 0cm 0cm 0pt; text-indent: 18pt; line-height: 150%; text-align: justify;\"><span style=\"font-size: 10pt; line-height: 150%; font-family: Verdana;\">&#8211; Yeni d\u00fczenlemede \u00e7aly?anlaryn sendikasynyn tavsiye veren konumundan \u00e7ykarylarak, karar mekanizmalaryna dahil edilmesi<\/span><\/p>\n<p><span style=\"font-size: 10pt; line-height: 150%; font-family: Verdana;\">\u00a0\u00a0 <\/span><\/p>\n<p class=\"MsoNormal\" style=\"margin: 0cm 0cm 0pt; text-indent: 18pt; line-height: 150%; text-align: justify;\"><span style=\"font-size: 10pt; line-height: 150%; font-family: Verdana;\">&#8211; \u00d6zelle?tirme politikalarynyn terkedilerek var olan altyapyya yatyrym yapylmasy, verili teknolojinin \u00e7a?yn gereklerini kar?ylayacak d\u00fczeye getirilmesi<\/span><\/p>\n<p><span style=\"font-size: 10pt; line-height: 150%; font-family: Verdana;\">\u00a0\u00a0 <\/span><\/p>\n<p class=\"MsoNormal\" style=\"margin: 0cm 0cm 0pt; text-indent: 18pt; line-height: 150%; text-align: justify;\"><span style=\"font-size: 10pt; line-height: 150%; font-family: Verdana;\">&#8211; Kyb-Tek\u2019e ba?ly yedek bir santral kurulmasy<\/span><\/p>\n<p><span style=\"font-size: 10pt; line-height: 150%; font-family: Verdana;\">\u00a0\u00a0 <\/span><\/p>\n<p class=\"MsoNormal\" style=\"margin: 0cm 0cm 0pt; text-indent: 18pt; line-height: 150%; text-align: justify;\"><span style=\"font-size: 10pt; line-height: 150%; font-family: Verdana;\">&#8211; \u00d6zel sekt\u00f6re ait satralin tazminaty \u00f6denerek Kyb-Tek b\u00fcnyesine dahil edilmesidir.<\/span><\/p>\n<p><span style=\"font-size: 10pt; line-height: 150%; font-family: Verdana;\">\u00a0\u00a0 <\/span><span style=\"font-size: 10pt; line-height: 150%; font-family: Verdana;\">\u00a0<\/span><\/p>\n<p class=\"MsoNormal\" style=\"margin: 0cm 0cm 0pt; text-indent: 18pt; line-height: 150%; text-align: justify;\"><span style=\"font-size: 10pt; line-height: 150%; font-family: Verdana;\">Ve uzun vadede; Fuel-oil\u2019e dayaly kirli enerji \u00fcretiminin; do?a ile bary?yk, yatyrym maliyeti dy?ynda maliyet yaratmayan R\u00fczgar Santralleri ile dengelenmesi ?arttyr.<\/span><\/p>\n<p><span style=\"font-size: 10pt; line-height: 150%; font-family: Verdana;\">\u00a0\u00a0 <\/span><span style=\"font-size: 10pt; line-height: 150%; font-family: Verdana;\">\u00a0<\/span><\/p>\n<p class=\"MsoNormal\" style=\"margin: 0cm 0cm 0pt; text-indent: 18pt; line-height: 150%; text-align: justify;\"><span style=\"font-size: 10pt; line-height: 150%; font-family: Verdana;\">Evet elektrik kesintilerinden ?ikayet\u00e7iyiz. Ancak bunun nedeninin Kyb-Tek\u2019te \u00e7aly?an eller olmady?yny, \u00f6zelle?tirmeyi garantiye almak isteyen eller oldu?unu biliyoruz.<\/span><\/p>\n<p><span style=\"font-size: 10pt; line-height: 150%; font-family: Verdana;\">\u00a0\u00a0 \u00a0<\/span><\/p>\n<p class=\"MsoNormal\" style=\"margin: 0cm 0cm 0pt; text-indent: 18pt; line-height: 150%; text-align: justify;\"><strong><span style=\"font-size: 10pt; line-height: 150%; font-family: Verdana;\">Kesilen elektrikler bizi teslim alamayacaktyr. \u00d6zelle?tirme saldyrysynyn do?rudan ya da dolayly her t\u00fcrl\u00fc bi\u00e7imine kar?y direnece?imizi kamuoyuna saygy ile duyururuz.<\/span><\/strong><\/p>\n<p><strong><span style=\"font-size: 10pt; line-height: 150%; font-family: Verdana;\">\u00a0\u00a0 <\/span><\/strong><span style=\"font-size: 10pt; line-height: 150%; font-family: Verdana;\">\u00a0<\/span><\/p>\n<p class=\"MsoNormal\" style=\"margin: 0cm 0cm 0pt; text-indent: 18pt; line-height: 150%; text-align: right;\" align=\"right\"><strong><span style=\"font-size: 10pt; line-height: 150%; font-family: Verdana;\">Baraka K\u00fclt\u00fcr Merkezi<\/span><\/strong><\/p>\n<p><strong><span style=\"font-size: 10pt; line-height: 150%; font-family: Verdana;\">\u00a0\u00a0 <\/span><\/strong><strong><span style=\"font-size: 10pt; line-height: 150%; font-family: Verdana;\">Ba?ka Bir K\u00fclt\u00fcr M\u00fcmk\u00fcn<\/span><\/strong><span style=\"font-size: 10pt; line-height: 150%; font-family: Verdana;\">\u00a0<\/span><\/p>\n","protected":false},"excerpt":{"rendered":"<p>De?erli Basyn Emek\u00e7ileri, G\u00fcnlerdir evlerimizde, i? yerlerimizde ve sokaklarymyzda elektrik kesintilerinin yaratty?y olumsuz sonu\u00e7larla kar?y kar?yyayyz. Bu \u00f6ylesine \u00e7ok y\u00f6nl\u00fc bir s\u00fcre\u00e7 ki hayatymyzyn neredeyse<\/p>\n","protected":false},"author":1,"featured_media":0,"comment_status":"open","ping_status":"open","sticky":false,"template":"","format":"standard","meta":{"jetpack_post_was_ever_published":false,"_jetpack_newsletter_access":"","_jetpack_newsletter_tier_id":0,"jetpack_publicize_message":"","jetpack_is_tweetstorm":false,"jetpack_publicize_feature_enabled":true,"jetpack_social_post_already_shared":false,"jetpack_social_options":{"image_generator_settings":{"template":"highway","enabled":false}}},"categories":[41],"tags":[],"jetpack_publicize_connections":[],"jetpack_featured_media_url":"","jetpack_shortlink":"https:\/\/wp.me\/p4eHWX-xg","jetpack_sharing_enabled":true,"_links":{"self":[{"href":"https:\/\/baraka.cc\/index.php?rest_route=\/wp\/v2\/posts\/2062"}],"collection":[{"href":"https:\/\/baraka.cc\/index.php?rest_route=\/wp\/v2\/posts"}],"about":[{"href":"https:\/\/baraka.cc\/index.php?rest_route=\/wp\/v2\/types\/post"}],"author":[{"embeddable":true,"href":"https:\/\/baraka.cc\/index.php?rest_route=\/wp\/v2\/users\/1"}],"replies":[{"embeddable":true,"href":"https:\/\/baraka.cc\/index.php?rest_route=%2Fwp%2Fv2%2Fcomments&post=2062"}],"version-history":[{"count":1,"href":"https:\/\/baraka.cc\/index.php?rest_route=\/wp\/v2\/posts\/2062\/revisions"}],"predecessor-version":[{"id":2063,"href":"https:\/\/baraka.cc\/index.php?rest_route=\/wp\/v2\/posts\/2062\/revisions\/2063"}],"wp:attachment":[{"href":"https:\/\/baraka.cc\/index.php?rest_route=%2Fwp%2Fv2%2Fmedia&parent=2062"}],"wp:term":[{"taxonomy":"category","embeddable":true,"href":"https:\/\/baraka.cc\/index.php?rest_route=%2Fwp%2Fv2%2Fcategories&post=2062"},{"taxonomy":"post_tag","embeddable":true,"href":"https:\/\/baraka.cc\/index.php?rest_route=%2Fwp%2Fv2%2Ftags&post=2062"}],"curies":[{"name":"wp","href":"https:\/\/api.w.org\/{rel}","templated":true}]}}