{"id":2067,"date":"2006-02-23T22:24:07","date_gmt":"2006-02-23T20:24:07","guid":{"rendered":"https:\/\/baraka.cc\/?p=2067"},"modified":"2014-01-08T22:25:18","modified_gmt":"2014-01-08T20:25:18","slug":"baraka-kadina-yonelyk-yddete-hayir","status":"publish","type":"post","link":"https:\/\/baraka.cc\/?p=2067","title":{"rendered":"BARAKA: \u201cKADINA Y\u00d6NELYK ?YDDETE HAYIR!\u201d"},"content":{"rendered":"<p class=\"MsoNormal\" style=\"margin: 0cm 0cm 0pt; line-height: 150%; text-align: center;\" align=\"center\">\n<p><strong><span style=\"font-size: 10pt; line-height: 150%; font-family: Verdana;\">\u00a0\u00a0 <\/span><\/strong><strong><span style=\"font-size: 10pt; line-height: 150%; font-family: Verdana;\">\u00a0<\/span><\/strong><\/p>\n<p class=\"MsoBodyText\" style=\"margin: 0cm 0cm 0pt;\"><span style=\"font-size: 10pt; line-height: 150%; font-family: Verdana;\">Son g\u00fcnlerde toplumumuzun g\u00fcndemine damgasyny vuran, kadyna y\u00f6nelik ?iddetin en vah?i bi\u00e7imini; 14 ya?yndaki bir kyz \u00e7ocu?una tecav\u00fcz edilmesini kynyyor ve hepimizin y\u00fcre?ini da?layan bu gibi olaylaryn tekrarlanmamasy i\u00e7in, ba?ta kadynlar olmak \u00fczere t\u00fcm ilerici ki?i ve \u00f6rg\u00fctleri, kadyna y\u00f6nelik cinsel ve her t\u00fcrl\u00fc ?iddeti daha derinden sorgulamaya ve \u00e7areler aramaya davet ediyoruz.<\/span><\/p>\n<p><span style=\"font-size: 10pt; line-height: 150%; font-family: Verdana;\">\u00a0\u00a0 <span>\u00a0 <\/span><\/span><\/p>\n<p class=\"MsoBodyText\" style=\"margin: 0cm 0cm 0pt;\"><span style=\"font-size: 10pt; line-height: 150%; font-family: Verdana;\">Kadynlaryn, iki kez ezildi?i, en \u00e7ok ?iddete maruz kaldy?y, insanlyk onurlarynyn iki kez \u00e7i?nendi?i bilinmekte. Uluslararasy Af \u00d6rg\u00fct\u00fc\u2019n\u00fcn verilerine g\u00f6re, d\u00fcnyada<span>\u00a0 <\/span>her \u00fc\u00e7 kadyndan biri veya yakla?yk bir milyar kadyn hayatlarynyn bir noktasynda dayak yemi?, cinsel ili?kiye zorlanmy? ya da farkly bi\u00e7imlerde tacize u?ramy?tyr. Kadyna y\u00f6nelik ?iddet, az geli?mi? \u00fclkelere ya da \u201c\u00e7a?da?\u201d olmayan toplumlara \u00f6zg\u00fc bir sorun da de?il. G\u00fcney Afrika&#8217;da her g\u00fcn 147 kadyn tecav\u00fcze u?rarken, Fransa\u2019da yylda 25,000 kadyna tecav\u00fcz edilmekte, ABD Adalet Bakanly?y\u2019nyn istatistikleriyse, ABD\u2019de her 90 saniyede bir kadyna tecav\u00fcz edildi?ini belirtmekte.<\/span><\/p>\n<p><span style=\"font-size: 10pt; line-height: 150%; font-family: Verdana;\">\u00a0\u00a0\u00a0 \u00a0<\/span><\/p>\n<p class=\"MsoBodyText\" style=\"margin: 0cm 0cm 0pt;\"><span style=\"font-size: 10pt; line-height: 150%; font-family: Verdana;\">\u00dclkemizde de, toplum tarafyndan damgalanma endi?esiyle a\u00e7y?a \u00e7ykmayan bir \u00e7ok tecav\u00fcz olayynyn, aile i\u00e7i veya dy?y ?iddetin var oldu?u tahmin edilebilir. Son aylarda yapylan bir anket, hi\u00e7 de azymsanamayacak rakkamlarla sorunun boyutlaryny g\u00f6zler \u00f6n\u00fcne sermektedir: Kadynlarymyzyn y\u00fczde 13,4\u2019\u00fc cinsel istismara maruz kalmy?, y\u00fczde 1,1\u2019i ise tecav\u00fcze u?ramy?tyr.<\/span><\/p>\n<p><span style=\"font-size: 10pt; line-height: 150%; font-family: Verdana;\">\u00a0\u00a0\u00a0 \u00a0<\/span><\/p>\n<p class=\"MsoBodyText\" style=\"margin: 0cm 0cm 0pt;\"><span style=\"font-size: 10pt; line-height: 150%; font-family: Verdana;\">Toplum olarak lanetledi?imiz bu olaydan yola \u00e7ykarak, gerek bu su\u00e7un ma?duru gen\u00e7 kyz, gerekse cinsel veya ba?ka ?ekilde ?iddete maruz kalan di?er kadynlarla dayany?mayy g\u00f6rev bilmeliyiz. Utanacak bir ?eyi olmayan bu kadynlaryn utanmasy ya da ba?yny e?mesi, hepimizin utancy, hepimizin boyun e?mesi demektir.<\/span><\/p>\n<p><span style=\"font-size: 10pt; line-height: 150%; font-family: Verdana;\">\u00a0\u00a0\u00a0\u00a0 <\/span><\/p>\n<p class=\"MsoBodyText\" style=\"margin: 0cm 0cm 0pt;\"><span style=\"font-size: 10pt; line-height: 150%; font-family: Verdana;\">Yazyly ve g\u00f6rsel medya, bu olay \u00f6zelinde duyarly davranyp toplumsal hassasiyeti artyran haber ve programlara yer vermekle beraber, kadyn bedenini meta halinde sunan foto?raflar yayymlamaktan, erkek egemen s\u00f6ylemin damgasyny vurdu?u programlar yapmaktan da geri durmamaktadyr.<span> Medyada, bir <\/span>yandan cinsel ?iddet kynanmaya \u00e7aly?ylyrken, di?er yandan kadynlaryn, \u00fczerinde hak iddia edilen birer e?ya, birer arzu nesnesi gibi g\u00f6sterilmesi s\u00f6z konusudur. Bu, sa?lykly beyinlerin bile kadyna baky?yny olumsuz etkilemekte, hastalykly ki?ilerinse potansiyel birer tecav\u00fczc\u00fc olmasyny k\u00f6r\u00fcklemektedir.<\/span><\/p>\n<p><span style=\"font-size: 10pt; line-height: 150%; font-family: Verdana;\">\u00a0\u00a0\u00a0 <span>\u00a0\u00a0 <\/span><\/span><\/p>\n<p class=\"MsoBodyText\" style=\"margin: 0cm 0cm 0pt;\"><span style=\"font-size: 10pt; line-height: 150%; font-family: Verdana;\">Kadyn \u00f6rg\u00fctlerinin bir \u00e7o?u, \u201cy\u00fcksek politika\u201d meseleleriyle u?ra?maktan, kadynlaryn g\u00fcnl\u00fck ya?am prati?ine dair sorunlara kar?y duyarsyz<span>\u00a0 <\/span>kaldyklary gibi, ne yazyk ki bu olayda da yeterli tepkiyi, gerekli kadyn dayany?masyny \u00f6rememi?lerdir.<\/span><\/p>\n<p><span style=\"font-size: 10pt; line-height: 150%; font-family: Verdana;\">\u00a0\u00a0\u00a0 <span>\u00a0\u00a0 <\/span><\/span><\/p>\n<p class=\"MsoBodyText\" style=\"margin: 0cm 0cm 0pt;\"><span style=\"font-size: 10pt; line-height: 150%; font-family: Verdana;\">Bizler, Baraka K\u00fclt\u00fcr Merkezi aktivisti kadynlar ve erkekler olarak, hepimizin ba?yna gelebilece?ini bildi?imiz bu cinsel ?iddet olayyny ya?ayan gen\u00e7 kyz ile y\u00fcrekten dayany?yyoruz ve bu nedenle mahkemede ve ba?ka s\u00fcre\u00e7lerde omuz omuza olaca?yz.<\/span><\/p>\n<p><span style=\"font-size: 10pt; line-height: 150%; font-family: Verdana;\">\u00a0\u00a0\u00a0 \u00a0<\/span><span style=\"font-size: 10pt; line-height: 150%; font-family: Verdana;\">\u00a0<\/span><\/p>\n<p class=\"MsoBodyText\" style=\"margin: 0cm 0cm 0pt;\"><span style=\"font-size: 10pt; line-height: 150%; font-family: Verdana;\">Baraka K\u00fclt\u00fcr Merkezi adyna<\/span><\/p>\n<p><span style=\"font-size: 10pt; line-height: 150%; font-family: Verdana;\">\u00a0\u00a0\u00a0 <\/span><span style=\"font-size: 10pt; line-height: 150%; font-family: Verdana;\">Nazen ?ansal R.<\/span><\/p>\n","protected":false},"excerpt":{"rendered":"<p>\u00a0\u00a0 \u00a0 Son g\u00fcnlerde toplumumuzun g\u00fcndemine damgasyny vuran, kadyna y\u00f6nelik ?iddetin en vah?i bi\u00e7imini; 14 ya?yndaki bir kyz \u00e7ocu?una tecav\u00fcz edilmesini kynyyor ve hepimizin y\u00fcre?ini<\/p>\n","protected":false},"author":1,"featured_media":0,"comment_status":"open","ping_status":"open","sticky":false,"template":"","format":"standard","meta":{"jetpack_post_was_ever_published":false,"_jetpack_newsletter_access":"","_jetpack_newsletter_tier_id":0,"jetpack_publicize_message":"","jetpack_is_tweetstorm":false,"jetpack_publicize_feature_enabled":true,"jetpack_social_post_already_shared":false,"jetpack_social_options":{"image_generator_settings":{"template":"highway","enabled":false}}},"categories":[41],"tags":[],"jetpack_publicize_connections":[],"jetpack_featured_media_url":"","jetpack_shortlink":"https:\/\/wp.me\/p4eHWX-xl","jetpack_sharing_enabled":true,"_links":{"self":[{"href":"https:\/\/baraka.cc\/index.php?rest_route=\/wp\/v2\/posts\/2067"}],"collection":[{"href":"https:\/\/baraka.cc\/index.php?rest_route=\/wp\/v2\/posts"}],"about":[{"href":"https:\/\/baraka.cc\/index.php?rest_route=\/wp\/v2\/types\/post"}],"author":[{"embeddable":true,"href":"https:\/\/baraka.cc\/index.php?rest_route=\/wp\/v2\/users\/1"}],"replies":[{"embeddable":true,"href":"https:\/\/baraka.cc\/index.php?rest_route=%2Fwp%2Fv2%2Fcomments&post=2067"}],"version-history":[{"count":2,"href":"https:\/\/baraka.cc\/index.php?rest_route=\/wp\/v2\/posts\/2067\/revisions"}],"predecessor-version":[{"id":2070,"href":"https:\/\/baraka.cc\/index.php?rest_route=\/wp\/v2\/posts\/2067\/revisions\/2070"}],"wp:attachment":[{"href":"https:\/\/baraka.cc\/index.php?rest_route=%2Fwp%2Fv2%2Fmedia&parent=2067"}],"wp:term":[{"taxonomy":"category","embeddable":true,"href":"https:\/\/baraka.cc\/index.php?rest_route=%2Fwp%2Fv2%2Fcategories&post=2067"},{"taxonomy":"post_tag","embeddable":true,"href":"https:\/\/baraka.cc\/index.php?rest_route=%2Fwp%2Fv2%2Ftags&post=2067"}],"curies":[{"name":"wp","href":"https:\/\/api.w.org\/{rel}","templated":true}]}}