{"id":2075,"date":"2010-08-04T22:35:51","date_gmt":"2010-08-04T20:35:51","guid":{"rendered":"https:\/\/baraka.cc\/?p=2075"},"modified":"2014-01-08T22:37:25","modified_gmt":"2014-01-08T20:37:25","slug":"hade-gene-belee-denyze-gyrmeye-2","status":"publish","type":"post","link":"https:\/\/baraka.cc\/?p=2075","title":{"rendered":"HADE GENE BELE?E DENYZE GYRMEYE!"},"content":{"rendered":"<table border=\"0\" cellpadding=\"0\">\n<tbody>\n<tr>\n<td valign=\"top\">&nbsp;<\/p>\n<p><b>\u00a0\u00a0\u00a0\u00a0\u00a0\u00a0\u00a0\u00a0\u00a0\u00a0\u00a0\u00a0\u00a0 \u00a0\u00a0 <\/b><\/p>\n<p>Baraka K\u00fclt\u00fcr Merkezi olarak, halkyn bedava denize girme hakkyna vurgu yapmak, plajlara giri?te alynan fahi? paralaryn yasal olmady?yna dikkat \u00e7ekmek ve Anayasal ve yasal haklarymyzy savunmak amacyyla ge\u00e7ti?imiz yyl Temmuz ve A?ustoz aylarynda \u201cBele?e Denize Girme\u201d eylemleri d\u00fczenlemi?tik. Duyarly ki?i ve \u00f6rg\u00fctlerin de deste?iyle ba?aryly olan eylemlerimiz, halkymyz nazarynda t\u00fcm\u00fcyle hakly ve me?ru g\u00f6r\u00fclm\u00fc?t\u00fc. Hatta bazy plaj i?letmeleri, eylemlerimiz sonrasynda giri? \u00fccretlerini d\u00fc?\u00fcrme gere?i duydular.<\/p>\n<p>Yaz sycaklarynyn yeniden yakyp kavurmaya ba?lady?y bug\u00fcnlerde, ailece denize girmek hala bir servete mal olmakta ve h\u00fck\u00fcmet ne asgari \u00fccretlileri, ne kamu emek\u00e7ilerin, ne de emeklileri d\u00fc?\u00fcnmekte ve saldyrylaryny artyrmaktadyr. \u00d6te yandan, tamamen parsellenmi? olan Girne sahillerin yany syra ?imdilerde \u00fclkemizin farkly b\u00f6lgelerinde sahiller halkyn elinden alynmaktadyr.<\/p>\n<p>Hal b\u00f6yleyken Anayasal ve yasal haklarymyzy bir kez daha hatyrlatmak ve sorun k\u00f6kten \u00e7\u00f6z\u00fclene de?in m\u00fccadele etmek ka\u00e7ynylmazdyr.<\/p>\n<p>Anayasa\u2019nyn 38\u2019inci maddesi \u201cyurtta?laryn y\u00fcz metrelik kyyy ?eridi i\u00e7erisine girmesi kimse tarafyndan engellenemez ve giri? \u00fccrete ba?ly tutulamaz\u201d demektedir. Plajlaryn Kullanym ve Denetimi Yasasy\u2019nda da; yurtta?laryn plajlara girmesinin kimse tarafyndan engellenemeyece?i ve plajlara giri?te yurtta?lardan herhangi bir ad ve ko?ul altynda \u00fccret talep edilemeyece?i a\u00e7yk\u00e7a belirtilmektedir. Ady ge\u00e7en Yasayy uygulamak ve uymayanlary cezalandyrmakla y\u00fck\u00fcml\u00fc olan ise Y\u00e7i?leri Bakanly?y ile Belediyelerdir.<\/p>\n<p>Yetkilileri g\u00f6reve \u00e7a?yrmak ve halkyn bele? denize grime hakkyny kullanamamasyny\u00a0 protesto etmek amacyyla birkez daha bele?e denize girme eylemlerini ba?latyyoruz.<\/p>\n<p>\u00c7ocuklu?umuzda ailelerimizle yapty?ymyz gibi yeniden; ?emsiyemizi, karpuzumuzu, hellimimizi ve \u00e7\u00f6p naylonlarymyzy alyp denize gidiyoruz.<\/p>\n<p>En do?al ve Anayasal hakkymyz olan bele?e denize girme hakkymyzy kullanmak \u00fczere <span style=\"text-decoration: underline;\">8 A?ustos Pazar g\u00fcn\u00fc saat 15.00\u2019de\u00a0(3.00\u2019de) Acapulco<\/span> plajynyn giri?inde bulu?uyoruz. \u201cBele?e denize girmek benim de hakkym\u201d diyen t\u00fcm halkymyz ve duyarly \u00f6rg\u00fctler davetlidir.<\/p>\n<p><b>\u00a0\u00a0\u00a0\u00a0\u00a0\u00a0\u00a0\u00a0\u00a0\u00a0\u00a0\u00a0\u00a0\u00a0\u00a0\u00a0\u00a0\u00a0\u00a0\u00a0\u00a0\u00a0 <\/b><\/p>\n<p><b>BARAKA K\u00dcLT\u00dcR MERKEZY<\/b><\/td>\n<\/tr>\n<\/tbody>\n<\/table>\n<p>&nbsp;<\/p>\n","protected":false},"excerpt":{"rendered":"<p>&nbsp; \u00a0\u00a0\u00a0\u00a0\u00a0\u00a0\u00a0\u00a0\u00a0\u00a0\u00a0\u00a0\u00a0 \u00a0\u00a0 Baraka K\u00fclt\u00fcr Merkezi olarak, halkyn bedava denize girme hakkyna vurgu yapmak, plajlara giri?te alynan fahi? paralaryn yasal olmady?yna dikkat \u00e7ekmek ve Anayasal<\/p>\n","protected":false},"author":1,"featured_media":0,"comment_status":"open","ping_status":"open","sticky":false,"template":"","format":"standard","meta":{"jetpack_post_was_ever_published":false,"_jetpack_newsletter_access":"","_jetpack_newsletter_tier_id":0,"jetpack_publicize_message":"","jetpack_is_tweetstorm":false,"jetpack_publicize_feature_enabled":true,"jetpack_social_post_already_shared":false,"jetpack_social_options":{"image_generator_settings":{"template":"highway","enabled":false}}},"categories":[41],"tags":[],"jetpack_publicize_connections":[],"jetpack_featured_media_url":"","jetpack_shortlink":"https:\/\/wp.me\/p4eHWX-xt","jetpack_sharing_enabled":true,"_links":{"self":[{"href":"https:\/\/baraka.cc\/index.php?rest_route=\/wp\/v2\/posts\/2075"}],"collection":[{"href":"https:\/\/baraka.cc\/index.php?rest_route=\/wp\/v2\/posts"}],"about":[{"href":"https:\/\/baraka.cc\/index.php?rest_route=\/wp\/v2\/types\/post"}],"author":[{"embeddable":true,"href":"https:\/\/baraka.cc\/index.php?rest_route=\/wp\/v2\/users\/1"}],"replies":[{"embeddable":true,"href":"https:\/\/baraka.cc\/index.php?rest_route=%2Fwp%2Fv2%2Fcomments&post=2075"}],"version-history":[{"count":1,"href":"https:\/\/baraka.cc\/index.php?rest_route=\/wp\/v2\/posts\/2075\/revisions"}],"predecessor-version":[{"id":2077,"href":"https:\/\/baraka.cc\/index.php?rest_route=\/wp\/v2\/posts\/2075\/revisions\/2077"}],"wp:attachment":[{"href":"https:\/\/baraka.cc\/index.php?rest_route=%2Fwp%2Fv2%2Fmedia&parent=2075"}],"wp:term":[{"taxonomy":"category","embeddable":true,"href":"https:\/\/baraka.cc\/index.php?rest_route=%2Fwp%2Fv2%2Fcategories&post=2075"},{"taxonomy":"post_tag","embeddable":true,"href":"https:\/\/baraka.cc\/index.php?rest_route=%2Fwp%2Fv2%2Ftags&post=2075"}],"curies":[{"name":"wp","href":"https:\/\/api.w.org\/{rel}","templated":true}]}}