{"id":2078,"date":"2012-08-29T22:38:13","date_gmt":"2012-08-29T20:38:13","guid":{"rendered":"https:\/\/baraka.cc\/?p=2078"},"modified":"2014-01-08T22:39:34","modified_gmt":"2014-01-08T20:39:34","slug":"baris-bizlerin-ellerindedir","status":"publish","type":"post","link":"https:\/\/baraka.cc\/?p=2078","title":{"rendered":"BARI\u015e B\u0130ZLER\u0130N ELLER\u0130NDED\u0130R"},"content":{"rendered":"<p><strong><\/strong><\/p>\n<p>&nbsp;<\/p>\n<p>D\u00fcnya kapitalist sistemini s\u00fcr\u00fckleyen eli kanl\u0131 emperyalist devletlerin, ve onlar\u0131n s\u00fcr\u00fckledi\u011fi yay\u0131lmac\u0131 politikalar\u0131 kendi b\u00f6lgelerinde uygulayan ta\u015feron i\u015fgalcilerin ac\u0131mas\u0131zca kendi sava\u015f taleplerini dayatt\u0131klar\u0131 bir \u00e7a\u011fda, halklar\u0131n bar\u0131\u015f talebini \u00f6ne \u00e7\u0131karmas\u0131 halklar i\u00e7in hayati bir meseledir.. Hele, kap\u0131 kom\u015fusu oldu\u011fumuz Ortado\u011fu\u2019da, egemenlerin kendi \u00e7\u0131karlar\u0131n\u0131 halklar\u0131n sefaleti, \u00e7ilesi, yoksullu\u011fu ve kan\u0131 pahas\u0131na kurmaya ve korumaya \u00e7al\u0131\u015ft\u0131\u011f\u0131 bir d\u00f6nemden ge\u00e7iyorken, bar\u0131\u015f talebi her \u015feyden fazla \u00f6nem kazanmaktad\u0131r. K\u0131br\u0131s\u2019\u0131n kuzeyinin aktif ta\u015feronu olan T\u00fcrkiye\u2019nin, Suriye\u2019ye kar\u015f\u0131 sava\u015f tamtamlar\u0131n\u0131 \u00e7ald\u0131\u011f\u0131 bir d\u00f6nemde, bar\u0131\u015f talebini y\u00fckseltmek, biz K\u0131br\u0131sl\u0131 T\u00fcrkler i\u00e7in daha da zorunlu hale gelmektedir. T\u00fcm bunlar\u0131n \u00f6tesinde, ya\u015fad\u0131\u011f\u0131m\u0131z adan\u0131n yak\u0131n tarihi, K\u0131br\u0131sl\u0131 T\u00fcrk ve K\u0131br\u0131sl\u0131 Elen halklar\u0131n\u0131n karde\u015fli\u011finin ve bar\u0131\u015f\u0131n\u0131n yok edilmeye ve b\u00f6l\u00fcnm\u00fc\u015fl\u00fc\u011f\u00fcn yerle\u015ftirilmeye \u00e7al\u0131\u015f\u0131lmas\u0131n\u0131n tarihidir. Bu adan\u0131n b\u00f6l\u00fcm\u00fc\u015fl\u00fck halini hi\u00e7 de sakince kabullenme niyeti olmayan adan\u0131n sakinleri olarak, bar\u0131\u015f talebi, bizler i\u00e7in merkezi konumdad\u0131r. Bar\u0131\u015f\u0131n K\u0131br\u0131s\u2019ta ya\u015fayan halklar i\u00e7in \u00f6nemini vurgulad\u0131ktan sonra, bar\u0131\u015fa nas\u0131l ula\u015f\u0131labilece\u011fine dair d\u00fc\u015f\u00fcnmemek de olmaz. Baraka K\u00fclt\u00fcr Merkezi olarak, her 1 Eyl\u00fcl\u2019e, \u2018\u2019Bar\u0131\u015f Bizlerin Ellerindedir\u2019\u2019 pankart\u0131 ile kat\u0131l\u0131yoruz. Kula\u011fa \u00e7ok sade gelen bu mesaj, K\u0131br\u0131s\u2019ta ya\u015fayan halklar\u0131n bir t\u00fcrl\u00fc hayata ge\u00e7iremedi\u011fi bir mesaj asl\u0131nda. K\u0131br\u0131s\u2019ta ya\u015fayan halklar, bar\u0131\u015f\u0131, kendilerinden ba\u015fka her \u015feyden beklemi\u015flerdir : T\u00fcrkiye h\u00fck\u00fcmetlerinden, AB\u2019den, BM\u2019den, ABD\u2019den\u2026 Halbuki bar\u0131\u015f bizlerin ellerindedir ve K\u0131br\u0131s\u2019ta ya\u015fayan halklar\u0131n s\u00fcr\u00fckleyici \u00f6znesi olmad\u0131\u011f\u0131 herhangi bir bar\u0131\u015f, bizim bar\u0131\u015f\u0131m\u0131z de\u011fil, egemenlerin bar\u0131\u015f\u0131 olacakt\u0131r; \u00e7\u00fcnk\u00fc K\u0131br\u0131s sorununu halklar \u00e7\u00f6zerse emperyalizmin sorunu, emperyalizm \u00e7\u00f6zerse halklar\u0131n sorunu b\u00fcy\u00fcyecektir.<\/p>\n<p>Bu vesile ile, 1 Eyl\u00fcl Cumartesi tarihinde, Baraka K\u00fclt\u00fcr Merkezi olarak, saat 18:00\u2019da Lefko\u015fa Terminali\u2019nde toplan\u0131yoruz. \u00d6n\u00fcm\u00fcze konulan s\u00f6zde bar\u0131\u015f planlar\u0131n\u0131 oylamak de\u011fil, kurulacak bar\u0131\u015fta halklar olarak bizzat rol oynamak i\u00e7in, y\u0131l boyu s\u00fcrd\u00fcrd\u00fc\u011f\u00fcm\u00fcz bar\u0131\u015f m\u00fccadelesini, 1 Eyl\u00fcl D\u00fcnya Bar\u0131\u015f G\u00fcn\u00fc\u2019nde de s\u00fcrd\u00fcr\u00fcyoruz. Bar\u0131\u015fa ve karde\u015fli\u011fe inanan ve \u00f6zlem duyan t\u00fcm halk\u0131m\u0131z davetlidir.<\/p>\n","protected":false},"excerpt":{"rendered":"<p>&nbsp; D\u00fcnya kapitalist sistemini s\u00fcr\u00fckleyen eli kanl\u0131 emperyalist devletlerin, ve onlar\u0131n s\u00fcr\u00fckledi\u011fi yay\u0131lmac\u0131 politikalar\u0131 kendi b\u00f6lgelerinde uygulayan ta\u015feron i\u015fgalcilerin ac\u0131mas\u0131zca kendi sava\u015f taleplerini dayatt\u0131klar\u0131 bir<\/p>\n","protected":false},"author":1,"featured_media":0,"comment_status":"open","ping_status":"open","sticky":false,"template":"","format":"standard","meta":{"jetpack_post_was_ever_published":false,"_jetpack_newsletter_access":"","_jetpack_newsletter_tier_id":0,"jetpack_publicize_message":"","jetpack_is_tweetstorm":false,"jetpack_publicize_feature_enabled":true,"jetpack_social_post_already_shared":false,"jetpack_social_options":{"image_generator_settings":{"template":"highway","enabled":false}}},"categories":[41],"tags":[],"jetpack_publicize_connections":[],"jetpack_featured_media_url":"","jetpack_shortlink":"https:\/\/wp.me\/p4eHWX-xw","jetpack_sharing_enabled":true,"_links":{"self":[{"href":"https:\/\/baraka.cc\/index.php?rest_route=\/wp\/v2\/posts\/2078"}],"collection":[{"href":"https:\/\/baraka.cc\/index.php?rest_route=\/wp\/v2\/posts"}],"about":[{"href":"https:\/\/baraka.cc\/index.php?rest_route=\/wp\/v2\/types\/post"}],"author":[{"embeddable":true,"href":"https:\/\/baraka.cc\/index.php?rest_route=\/wp\/v2\/users\/1"}],"replies":[{"embeddable":true,"href":"https:\/\/baraka.cc\/index.php?rest_route=%2Fwp%2Fv2%2Fcomments&post=2078"}],"version-history":[{"count":1,"href":"https:\/\/baraka.cc\/index.php?rest_route=\/wp\/v2\/posts\/2078\/revisions"}],"predecessor-version":[{"id":2080,"href":"https:\/\/baraka.cc\/index.php?rest_route=\/wp\/v2\/posts\/2078\/revisions\/2080"}],"wp:attachment":[{"href":"https:\/\/baraka.cc\/index.php?rest_route=%2Fwp%2Fv2%2Fmedia&parent=2078"}],"wp:term":[{"taxonomy":"category","embeddable":true,"href":"https:\/\/baraka.cc\/index.php?rest_route=%2Fwp%2Fv2%2Fcategories&post=2078"},{"taxonomy":"post_tag","embeddable":true,"href":"https:\/\/baraka.cc\/index.php?rest_route=%2Fwp%2Fv2%2Ftags&post=2078"}],"curies":[{"name":"wp","href":"https:\/\/api.w.org\/{rel}","templated":true}]}}