{"id":2148,"date":"2014-01-31T18:10:57","date_gmt":"2014-01-31T16:10:57","guid":{"rendered":"https:\/\/baraka.cc\/?p=2148"},"modified":"2014-01-31T22:31:45","modified_gmt":"2014-01-31T20:31:45","slug":"belediye-kararini-gozden-gecirsin","status":"publish","type":"post","link":"https:\/\/baraka.cc\/?p=2148","title":{"rendered":"Belediye Karar\u0131n\u0131 G\u00f6zden Ge\u00e7irsin"},"content":{"rendered":"<p><b id=\"yui_3_13_0_ym1_1_1391184194469_2259\"><a href=\"https:\/\/baraka.cc\/wp-content\/uploads\/2014\/01\/3.jpg\"><img decoding=\"async\" loading=\"lazy\" class=\"alignleft size-thumbnail wp-image-2149\" alt=\"3\" src=\"https:\/\/baraka.cc\/wp-content\/uploads\/2014\/01\/3-150x150.jpg\" width=\"150\" height=\"150\" srcset=\"https:\/\/baraka.cc\/wp-content\/uploads\/2014\/01\/3-150x150.jpg 150w, https:\/\/baraka.cc\/wp-content\/uploads\/2014\/01\/3-200x200.jpg 200w\" sizes=\"(max-width: 150px) 100vw, 150px\" \/><\/a> K\u00fclt\u00fcr, sanat ve tiyatro dernekleri, sanat\u00e7\u0131lar ve ayd\u0131nlar Arabahmet K\u00fclt\u00fcrevi \u00f6n\u00fcnde eylem ger\u00e7ekle\u015ftirdi. \u00d6rg\u00fctler ve sanat\u00e7\u0131lar LTB\u2019nin Arabahmet K\u00fclt\u00fcrevi ile ilgili karar\u0131n\u0131 g\u00f6zden ge\u00e7irmesini isteyerek, \u00f6zelle\u015ftirme politikalar\u0131n\u0131 ele\u015ftirdi.<\/b><\/p>\n<div dir=\"ltr\" id=\"yui_3_13_0_ym1_1_1391184194469_2253\">\n<p id=\"yui_3_13_0_ym1_1_1391184194469_2264\"><b>\u00a0<\/b><\/p>\n<p id=\"yui_3_13_0_ym1_1_1391184194469_2267\"><b id=\"yui_3_13_0_ym1_1_1391184194469_2266\">Eyleme T\u00fcrkiye\u2019den tiyatro sanat\u00e7\u0131lar\u0131n\u0131n yan\u0131 s\u0131ra \u0130sve\u00e7\u2019ten de dayan\u0131\u015fma mesaj\u0131 g\u00f6nderildi.<\/b><\/p>\n<p>Baraka K\u00fclt\u00fcr Merkezi\u2019nin \u00e7a\u011fr\u0131s\u0131yla bug\u00fcn Arabahmet\u2019in GA\u00dc\u2019ye devri ve \u00f6zelle\u015ftirilmesi protesto edildi.<\/p>\n<p>&nbsp;<\/p>\n<p id=\"yui_3_13_0_ym1_1_1391184194469_2271\">Arabahmet K\u00fclt\u00fcrevi\u2019nin \u00f6n\u00fcnde ger\u00e7ekle\u015fen eyleme K\u0131br\u0131s\u2019tan oldu\u011fu gibi T\u00fcrkiye\u2019den de pek \u00e7ok sanat kurumu ve sanat\u00e7\u0131 destek belirtti.<\/p>\n<p id=\"yui_3_13_0_ym1_1_1391184194469_2273\">Eylemde Arabahmet\u2019in halka ait oldu\u011fu ve t\u00fcm yetersizliklere ra\u011fmen pek \u00e7ok tiyatro toplulu\u011funu \u00fcretimlerini ve faaliyetlerini sahneledikleri tarihi bir mekan oldu\u011fu vurgusu yap\u0131larak LTB\u2019nin Arabahmeti elinde tutarak geli\u015ftirmesi gerekirken \u00f6zel kurulu\u015flara devrederek \u00f6zelle\u015ftirilmesinin \u00f6n\u00fcn\u00fc a\u00e7t\u0131\u011f\u0131 ifade edildi.<\/p>\n<p id=\"yui_3_13_0_ym1_1_1391184194469_2274\">Okunan ortak a\u00e7\u0131klamada \u015fu ifadelere yer verildi: \u201cLefko\u015fa T\u00fcrk Belediyesi ise halka ait bu \u00f6nemli de\u011fere sahip \u00e7\u0131kmak ve geli\u015ftirmek yerine, ge\u00e7mi\u015f d\u00f6nemlerden bu yana \u00e7e\u015fitli \u015fekillerde Arabahmet K\u00fclt\u00fcrevi\u2019ni elden \u00e7\u0131karman\u0131n, \u00f6zelle\u015ftirmenin y\u00f6ntemlerini aramaktad\u0131r. K\u00fclt\u00fcrevi\u2019nin i\u015fletmesi \u00f6ncelikle, bu ama\u00e7la kurulan bir \u015firkete devredilmi\u015f, daha sonra da ba\u015fka kurumlara kiralanmas\u0131n\u0131n yolu a\u00e7\u0131lm\u0131\u015ft\u0131r.\u00a0 Her \u00f6zelle\u015ftirme s\u00fcrecinde oldu\u011fu gibi verimsiz ve at\u0131l durumda b\u0131rakma, bak\u0131ms\u0131z ve i\u015fe yaramaz hale gelmesine g\u00f6z yumma, sonra da bu \u201ckamburu\u201d \u00f6zele devrederek daha iyi bir hizmet sunulaca\u011f\u0131n\u0131 iddia etme s\u00fcreci Arabahmet K\u00fclt\u00fcrevi\u2019nde de ad\u0131m ad\u0131m ya\u015fanm\u0131\u015ft\u0131r.\u201d<\/p>\n<p>&nbsp;<\/p>\n<p id=\"yui_3_13_0_ym1_1_1391184194469_2276\">Eylemde ayr\u0131ca Baraka Tiyatro Ekibi elemanlar\u0131, \u00f6zelle\u015ftirmeye ve sanata sermaye m\u00fcdahalesine kar\u015f\u0131 yazd\u0131klar\u0131 bir \u015fark\u0131y\u0131 da seslendirdiler.<\/p>\n<p>&nbsp;<\/p>\n<p><b>B\u00fct\u00fcner: \u201cBelediye y\u00f6netimini derhal bu yanl\u0131\u015ftan d\u00f6nmeye \u00e7a\u011f\u0131r\u0131yoruz\u201d<\/b><\/p>\n<p id=\"yui_3_13_0_ym1_1_1391184194469_2277\"><b>\u00a0<\/b><\/p>\n<p id=\"yui_3_13_0_ym1_1_1391184194469_2279\"><b id=\"yui_3_13_0_ym1_1_1391184194469_2259\"><a href=\"https:\/\/baraka.cc\/wp-content\/uploads\/2014\/01\/7.jpg\"><img decoding=\"async\" loading=\"lazy\" class=\"alignleft\" alt=\"7\" src=\"https:\/\/baraka.cc\/wp-content\/uploads\/2014\/01\/7-150x150.jpg\" width=\"150\" height=\"150\" \/><\/a><\/b>Eylemde okunan ve pek \u00e7ok dernek ve sanat\u00e7\u0131n\u0131n imza att\u0131\u011f\u0131 ortak bildiride Arabahmet\u2019in GA\u00dc\u2019ye kiralanmas\u0131n\u0131 ele\u015ftirildi ve bunun \u00f6zelle\u015ftirme anlam\u0131na geldi\u011fi kaydedildi. Ortak bildiriyi okuyan Baraka aktivisti Onur B\u00fct\u00fcner \u015funlar\u0131 kaydetti: \u201cE\u011fitimi bir sekt\u00f6r ve al\u0131n\u0131r-sat\u0131l\u0131r bir meta \u015feklinde alg\u0131layan, \u00f6\u011frencilere y\u00fcr\u00fcyen dolar olarak bakan, \u00e7al\u0131\u015fanlar\u0131na sigorta yat\u0131r\u0131m\u0131 gibi en temel yasal haklar\u0131n\u0131 dahi vermeyen, insan haklar\u0131na ayk\u0131r\u0131 i\u015ften durdurmalar yapan bir \u015firket, k\u00fclt\u00fcrel ve sanatsal de\u011ferlerimizi de\u011fil ya\u015fatmak, kendi anlay\u0131\u015f\u0131na benzeterek yozla\u015ft\u0131racakt\u0131r. Belediye, Arabahmet K\u00fclt\u00fcrevi sahnesini amat\u00f6r sanat\u00e7\u0131lara, \u00e7e\u015fitli derneklere a\u00e7mak i\u00e7in elinden geleni yapsa dahi, sermaye d\u00fczenine, neoliberalizme dokunan bir s\u00f6ylemi olan veya sahibinin sesinden farkl\u0131 bir sesi olan gruplar\u0131n bu sahneden s\u00f6z\u00fcn\u00fc s\u00f6yleyemeyece\u011fini tahmin etmek hi\u00e7 de zor de\u011fildir.\u201d<\/p>\n<p id=\"yui_3_13_0_ym1_1_1391184194469_2282\">B\u00fct\u00fcner bu karar\u0131ndan vazge\u00e7mesi gerekti\u011fini de s\u00f6yleyerek Belediye, Arabahmet K\u00fclt\u00fcrevi sahnesini amat\u00f6r sanat\u00e7\u0131lara, \u00e7e\u015fitli derneklere a\u00e7mak i\u00e7in elinden geleni yapsa dahi, sermaye d\u00fczenine, neoliberalizme dokunan bir s\u00f6ylemi olan veya sahibinin sesinden farkl\u0131 bir sesi olan gruplar\u0131n bu sahneden s\u00f6z\u00fcn\u00fc s\u00f6yleyemeyece\u011fini tahmin etmek hi\u00e7 de zor de\u011fildir\u201d dedi.<\/p>\n<p>Yurt i\u00e7inden ortak bas\u0131n a\u00e7\u0131klamas\u0131na imza koyanlar<\/p>\n<p id=\"yui_3_13_0_ym1_1_1391184194469_2284\">Baraka K\u00fclt\u00fcr Merkezi, Lefko\u015fa Sanat Tiyatrosu, Surlari\u00e7i Asilzadeleri Do\u011fa\u00e7lama Tiyatro Toplulu\u011fu, Lefkeli Yava\u015f Tiyatro, K\u0131br\u0131s Pir Sultan Abdal K\u00fclt\u00fcr Derne\u011fi, \u00a0HASDER.<\/p>\n<p>Mehmet Kansu, Y\u0131ltan Ta\u015f\u00e7\u0131 ve Adamos Katsantonis ve m\u00fczisyen Mustafa G\u00fcrkan<\/p>\n<p>\u0130\u015fte ortak a\u00e7\u0131klama:<\/p>\n<p><b>ARABAHMET K\u00dcLT\u00dcREV\u0130\u2019N\u0130N \u00d6ZELLE\u015eT\u0130R\u0130LMES\u0130NE KAR\u015eI<\/b><\/p>\n<p><b>BASIN A\u00c7IKLAMASI<\/b><\/p>\n<p id=\"yui_3_13_0_ym1_1_1391184194469_2369\">De\u011ferli bas\u0131n emek\u00e7ileri, k\u00fclt\u00fcr ve sanata duyarl\u0131 halk\u0131m\u0131z,<\/p>\n<p id=\"yui_3_13_0_ym1_1_1391184194469_2288\">K\u00fclt\u00fcr ve sanat alan\u0131ndaki \u00fcretim, bir toplumun temel direklerinden biridir. Hele ki bizimki gibi, bilin\u00e7li politikalarla \u00fcretimden kopar\u0131lan, sosyo ekonomik varl\u0131\u011f\u0131 yok edilmeye, kendine has de\u011ferleri asimile edilmeye \u00e7al\u0131\u015f\u0131lan halklar i\u00e7in k\u00fclt\u00fcre ve sanata sahip \u00e7\u0131kmak hayata tutunabilmenin, m\u00fccadele edebilmenin yegane ara\u00e7lar\u0131ndand\u0131r.<\/p>\n<p id=\"yui_3_13_0_ym1_1_1391184194469_2290\">Devlete veya yerel y\u00f6netimlere ba\u011fl\u0131 profesyonel sanat\u00e7\u0131lar\u0131n omuzlar\u0131nda da b\u00fcy\u00fck bir toplumsal sorumluluk olmakla birlikte amat\u00f6r sanat\u00e7\u0131lar ve devlet veya yerel y\u00f6netimlere ba\u011fl\u0131 olmayan sanat\u00e7\u0131lar, sisteme entegre olmamalar\u0131, deneysel ve alternatif olan\u0131 deneyimleyebilmeleri, halk\u0131n kat\u0131l\u0131m\u0131na a\u00e7\u0131k olmalar\u0131 bak\u0131m\u0131ndan k\u00fclt\u00fcr-sanat alan\u0131na farkl\u0131 bir ses ve soluk getirebilmektedirler.<\/p>\n<p>Y\u0131llard\u0131r yeni bir Belediye Tiyatrosu sahnesi in\u015fa edilemeyen, yanan Devlet Tiyatrosu tamir edilmeyen Lefko\u015fa\u2019n\u0131n, amat\u00f6r tiyatrolara ve devlet veya yerel y\u00f6netimlere ba\u011fl\u0131 profesyonel tiyatrolar d\u0131\u015f\u0131ndaki tiyatrolara a\u00e7\u0131k tek sahnesi Arabahmet K\u00fclt\u00fcrevi\u2019dir. T\u00fcm imkans\u0131zl\u0131klara, yetersizliklere ra\u011fmen aktif olarak kullan\u0131lan bu tarihi mekan, pek \u00e7ok tiyatro toplulu\u011funun ve derne\u011fin faaliyetlerine ev sahipli\u011fi yapmaktad\u0131r. Belediye\u2019ye kira da \u00f6deyerek Arabahmet\u2019i bir k\u00fclt\u00fcr sanat merkezi haline getiren b\u00fct\u00fcn dernekler ve tiyatro topluluklar\u0131, Arabahmet binas\u0131n\u0131n korunmas\u0131n\u0131 ve geli\u015ftirilmesini arzulamaktad\u0131r.<\/p>\n<p id=\"yui_3_13_0_ym1_1_1391184194469_2367\">Lefko\u015fa T\u00fcrk Belediyesi ise halka ait bu \u00f6nemli de\u011fere sahip \u00e7\u0131kmak ve geli\u015ftirmek yerine, ge\u00e7mi\u015f d\u00f6nemlerden bu yana \u00e7e\u015fitli \u015fekillerde Arabahmet K\u00fclt\u00fcrevi\u2019ni elden \u00e7\u0131karman\u0131n, \u00f6zelle\u015ftirmenin y\u00f6ntemlerini aramaktad\u0131r. K\u00fclt\u00fcrevi\u2019nin i\u015fletmesi \u00f6ncelikle, bu ama\u00e7la kurulan bir \u015firkete devredilmi\u015f, daha sonra da ba\u015fka kurumlara kiralanmas\u0131n\u0131n yolu a\u00e7\u0131lm\u0131\u015ft\u0131r.\u00a0 Her \u00f6zelle\u015ftirme s\u00fcrecinde oldu\u011fu gibi verimsiz ve at\u0131l durumda b\u0131rakma, bak\u0131ms\u0131z ve i\u015fe yaramaz hale gelmesine g\u00f6z yumma, sonra da bu \u201ckamburu\u201d \u00f6zele devrederek daha iyi bir hizmet sunulaca\u011f\u0131n\u0131 iddia etme s\u00fcreci Arabahmet K\u00fclt\u00fcrevi\u2019nde de ad\u0131m ad\u0131m ya\u015fanm\u0131\u015ft\u0131r. Bu s\u00fcrecin her a\u015famas\u0131nda, de\u011ferlerimizin \u00f6zelle\u015ftirilmesine kar\u015f\u0131 \u00e7\u0131kanlar, halka ait kalmas\u0131n\u0131 savunanlar, gerek Belediye yetkilileriyle g\u00f6r\u00fc\u015fme, gerek eylemle kamuoyu yaratma, gerekse elini ta\u015f\u0131n alt\u0131na koyarak k\u00fclt\u00fcrevine katk\u0131 yapma \u015feklinde fikirlerini ve emeklerini ortaya koymu\u015flard\u0131r.<\/p>\n<p id=\"yui_3_13_0_ym1_1_1391184194469_2365\">Ancak ge\u00e7ti\u011fimiz hafta al\u0131nan bir kararla Arabahmet K\u00fclt\u00fcrevi\u2019nin, Girne Amerikan \u00dcniversitesi\u2019ne kiralanaca\u011f\u0131 a\u00e7\u0131klanm\u0131\u015ft\u0131r. Belediye y\u00f6netiminin, kendince iyi niyetle, b\u00f6lgenin ve binan\u0131n canland\u0131r\u0131lmas\u0131, k\u00fclt\u00fcr sanat etkinliklerine ev sahipli\u011fi yapmas\u0131 gibi ama\u00e7larla ald\u0131\u011f\u0131 bu karar, \u00f6zelle\u015ftirmenin en k\u00f6t\u00fc \u00f6rneklerinden biri olmaya adayd\u0131r. \u00c7\u00fcnk\u00fc e\u011fitimi bir sekt\u00f6r ve al\u0131n\u0131r-sat\u0131l\u0131r bir meta \u015feklinde alg\u0131layan, \u00f6\u011frencilere y\u00fcr\u00fcyen dolar olarak bakan, \u00e7al\u0131\u015fanlar\u0131na sigorta yat\u0131r\u0131m\u0131 gibi en temel yasal haklar\u0131n\u0131 dahi vermeyen, insan haklar\u0131na ayk\u0131r\u0131 i\u015ften durdurmalar yapan bir \u015firket, k\u00fclt\u00fcrel ve sanatsal de\u011ferlerimizi de\u011fil ya\u015fatmak, kendi anlay\u0131\u015f\u0131na benzeterek yozla\u015ft\u0131racakt\u0131r. Belediye, Arabahmet K\u00fclt\u00fcrevi sahnesini amat\u00f6r sanat\u00e7\u0131lara, \u00e7e\u015fitli derneklere a\u00e7mak i\u00e7in elinden geleni yapsa dahi, sermaye d\u00fczenine, neoliberalizme dokunan bir s\u00f6ylemi olan veya sahibinin sesinden farkl\u0131 bir sesi olan gruplar\u0131n bu sahneden s\u00f6z\u00fcn\u00fc s\u00f6yleyemeyece\u011fini tahmin etmek hi\u00e7 de zor de\u011fildir.<\/p>\n<p>B\u00fct\u00fcn bu gerek\u00e7elerle, Arabahmet K\u00fclt\u00fcrevi\u2019nin \u00f6zelle\u015ftirilmesini ve Girne Amerikan \u00dcniversitesi\u2019ne verilmesi karar\u0131n\u0131 k\u0131n\u0131yor ve Lefko\u015fal\u0131lara hizmet amac\u0131nda oldu\u011funa inanmak istedi\u011fimiz Belediye y\u00f6netimini derhal bu yanl\u0131\u015ftan d\u00f6nmeye \u00e7a\u011f\u0131r\u0131yoruz.<\/p>\n<p><i>\u00a0<\/i><\/p>\n<p>Baraka K\u00fclt\u00fcr Merkezi, Lefko\u015fa Sanat Tiyatrosu, Surlari\u00e7i Asilzadeleri Do\u011fa\u00e7lama Tiyatro Toplulu\u011fu, Lefkeli Yava\u015f Tiyatro, K\u0131br\u0131s Pir Sultan Abdal K\u00fclt\u00fcr Derne\u011fi, HASDER<\/p>\n<p>&nbsp;<\/p>\n<p><a href=\"https:\/\/www.facebook.com\/photo.php?v=736221739730185\" target=\"_blank\">Video<\/a><\/p>\n<p>&nbsp;<\/p>\n<p>Bu eylemimizi yurt i\u00e7inden ve d\u0131\u015f\u0131ndan pek \u00e7ok sanat\u00e7\u0131 dostumuz da desteklemektedir. Bunlardan baz\u0131lar\u0131 \u015fair ve yazar Mehmet Kansu, Y\u0131ltan Ta\u015f\u00e7\u0131 ve Adamos Katsantonis ve m\u00fczisyen Mustafa G\u00fcrkan.<\/p>\n<p>Yurt d\u0131\u015f\u0131ndan gelen dayan\u0131\u015fma mesajlar\u0131m\u0131z\u0131 da bas\u0131n emek\u00e7ileri ve sanatseverlerle payla\u015fmak isteriz&#8230;<\/p>\n<p><b>31 Ocak Cuma, Arabahmet K\u00fcltr\u00fcevi<\/b><\/p>\n<p>&nbsp;<\/p>\n<p><b>Lefke\u2019den Lefko\u015fa\u2019ya destek&#8230;<\/b><\/p>\n<p><b>\u00a0<\/b><\/p>\n<p>Lefke\u2019de yeni kurulan Lefkeli Yava\u015f Tiyatro isimli tiyatro ekibi de eylemde haz\u0131r bulunarak, dayan\u0131\u015fma mesajlar\u0131n\u0131 okudular.<\/p>\n<p id=\"yui_3_13_0_ym1_1_1391184194469_2292\">Sanat\u00e7\u0131 \u0130smail I\u015f\u0131lsoy taraf\u0131ndan okunana dayan\u0131\u015fma mesaj\u0131nda \u015funlar ifade edildi: \u201c\u00c7i\u00e7e\u011fi burnunda \u2018Lefkeli Yava\u015f Tiyatro\u2019 ekibi olarak, Samuel Beckett\u2019in \u2018Godot\u2019y\u0131 Beklerken\u2019 isimli oyununu sahnelemeye \u00e7al\u0131\u015f\u0131rken; oyunumuzu sahneleyece\u011fimiz mekanlar\u0131 belirlerken, heyecanla ve ille da Lefko\u015fa\u2019da Arabahmet diyorduk ki&#8230; \u00f6zel kuruma pe\u015fke\u015f \u2013bardon- kiraland\u0131\u011f\u0131 haberini ald\u0131k!<\/p>\n<p>Mesaj\u0131m\u0131z\u0131 duyun hey&#8230; Karar\u0131n\u0131z\u0131 derhal geri al\u0131n! Godot\u2019yu beklemek bir oyun, bizimsa beklemeye hi\u00e7 niyetimiz yok&#8230; \u0130lle da Arabahmet\u2019te oynayaca\u011f\u0131z. \u00c7\u00fcnk\u00fc, umut da inat da bizdedir; Godot biziz!\u201d<\/p>\n<p><b>Yurtd\u0131\u015f\u0131dan destekler:<\/b><\/p>\n<p id=\"yui_3_13_0_ym1_1_1391184194469_2309\">\u00a0Yurt d\u0131\u015f\u0131ndan ise \u00f6zellikle T\u00fcrkiye\u2019den pek \u00e7ok sanat\u00e7\u0131 ve kurum dayan\u0131\u015fma mesajlar\u0131 yay\u0131nlad\u0131.<\/p>\n<p id=\"yui_3_13_0_ym1_1_1391184194469_2297\"><b id=\"yui_3_13_0_ym1_1_1391184194469_2296\">Tiyatro ve sinema sanat\u00e7\u0131s\u0131 Mert F\u0131rat ve Volkan Yosunlu\u2019nun dayan\u0131\u015fma mesaj\u0131:<\/b><\/p>\n<p id=\"yui_3_13_0_ym1_1_1391184194469_2294\">\u201cHa istanbul, ha Lefko\u015fa. Ha T\u00fcrkiye ha K\u0131br\u0131s. \u0130nsan olman\u0131n \u00f6z\u00fcne sald\u0131ran neoliberal politika, sanata sald\u0131rd\u0131k\u00e7a kar\u015f\u0131s\u0131nda eme\u011fi ve insan\u0131 g\u00f6recek. Arabahmet k\u00fclt\u00fcrevini ya\u015fatmaya \u00e7al\u0131\u015fan t\u00fcm dostlara selam olsun. Birlikre oynayaca\u011f\u0131m\u0131z \u00e7ok oyun var.<\/p>\n<p id=\"yui_3_13_0_ym1_1_1391184194469_2300\">Direni\u015fle;\u00a0<a id=\"yui_3_13_0_ym1_1_1391184194469_2299\" href=\"https:\/\/www.facebook.com\/volkan.yosunlu.7\" target=\"_blank\" rel=\"nofollow\">Volkan Yosunlu<\/a>,\u00a0<a href=\"https:\/\/www.facebook.com\/mertsfirat\" target=\"_blank\" rel=\"nofollow\">Mert F\u0131rat<\/a>.\u201d<\/p>\n<p id=\"yui_3_13_0_ym1_1_1391184194469_2363\"><b id=\"yui_3_13_0_ym1_1_1391184194469_2362\">\u0130stanbul\u2019dan Klark Kent Sahnesi\u2019nin dayan\u0131\u015fma mesaj\u0131:<\/b><\/p>\n<p id=\"yui_3_13_0_ym1_1_1391184194469_2306\">\u201cKlark Kent de Baraka&#8217;yla ayn\u0131 fikirde! Baraka&#8217;n\u0131n kar\u015f\u0131 kar\u015f\u0131ya oldu\u011fu tehlikeyi \u00e7ok iyi anl\u0131yoruz. Klark Kent Tiyatrosu&#8217;nun \u0130stanbul, Beyo\u011flu&#8217;nda \u00e7al\u0131\u015fmalar\u0131n\u0131 y\u00fcr\u00fctt\u00fc\u011f\u00fc tarihi bina da otel yap\u0131lmak \u00fczere bo\u015falt\u0131l\u0131yor. Oysa \u00f6yle zannediyoruz ki T\u00fcrkiye&#8217;de oldu\u011fu gibi K\u0131br\u0131s&#8217;ta da sadece zenginlerin yararlanabilece\u011fi otellerden ve \u00f6zel \u00fcniversite tesislerinden \u00e7ok, herkesin yararlanabilece\u011fi sanat ve bilim merkezlerine ihtiya\u00e7 var. Hem T\u00fcrkiye&#8217;de hem de K\u0131br\u0131s&#8217;ta yerel y\u00f6netimler \u015funu unutmamal\u0131: Ba\u015fl\u0131ca g\u00f6revleri, t\u00fcm halk\u0131n ihtiya\u00e7lar\u0131n\u0131 kar\u015f\u0131lamakt\u0131r, k\u00fclt\u00fcr kurumlar\u0131n\u0131 kap\u0131 d\u0131\u015far\u0131 edip zenginlere ticaret mekan\u0131 sunmak de\u011fil!\u201d<\/p>\n<p>&nbsp;<\/p>\n<p><b>Sanat\u00e7\u0131lar Giri\u015fimi:<\/b><\/p>\n<p id=\"yui_3_13_0_ym1_1_1391184194469_2360\">T\u00fcrkiye\u2019den y\u00fczlerce \u00fcyesi olan Sanat\u00e7\u0131lar Giri\u015fimi\u2019nin Ataol Behramo\u011flu ve Orhan Ayd\u0131n taraf\u0131ndan kaleme al\u0131nan\u00a0 bildirisi ise \u015f\u00f6yle:<\/p>\n<p>Bildiriye y\u00fczlerce sanat\u00e7\u0131 imza koydu:<\/p>\n<p>\u201cArabahmet K\u00fclt\u00fcrevi t\u00fcm insanl\u0131\u011f\u0131 ortak miras\u0131d\u0131r ve \u00f6yle kalmal\u0131d\u0131r.<\/p>\n<p id=\"yui_3_13_0_ym1_1_1391184194469_2358\">Anadolu topraklar\u0131nda sanat ve sanat\u00e7\u0131 d\u00fc\u015fmanl\u0131\u011f\u0131 tarihsel g\u00fcnler ya\u015farken; Devlet Tiyatrolar\u0131, Opera, Bale, Senfoni, Korolar ve Dans Topluluklar kapat\u0131lman\u0131n e\u015fi\u011findeyken, K\u00fclt\u00fcr Bakanl\u0131\u011f\u0131 Tiyatrolara Destek Fonu&#8217;nu y\u00f6neten kara ak\u0131l bir\u00e7ok usta yarat\u0131c\u0131 tiyatroyu &#8216;d\u00fc\u015fman&#8217; ilan ederken, AKM ba\u015fta olmak \u00fczere salonlar y\u0131k\u0131lmak istenip ranta a\u00e7\u0131l\u0131rken, heykeller y\u0131k\u0131l\u0131rken, resim, m\u00fczik, edebiyat \u00fcr\u00fcnleri sans\u00fcrlenirken, gazeteciler ve ayd\u0131nlar cezaevlerine at\u0131l\u0131rken Lefko\u015fa&#8217;dan gelen haber bizleri \u015fa\u015f\u0131rtt\u0131\u011f\u0131 kadar \u00fczm\u00fc\u015ft\u00fcr.<\/p>\n<p>\u0130nsanl\u011f\u0131n ortak de\u011feri oldu\u011funa inand\u0131\u011f\u0131m\u0131z ve i\u00e7imizden onlarca yarat\u0131c\u0131ya da ev sahipli\u011fi yapan, K\u0131br\u0131s genelinde ve Lefko\u015fa \u00f6zelinde y\u00fczlerce sanatsal etkinli\u011fi kucaklayan Arabahmet K\u00fclt\u00fcrevi&#8217;nin birilerine pe\u015fke\u015f \u00e7ekilerek \u00f6zelle\u015ftirilmek istenmesini \u015fiddetle reddediyoruz.<\/p>\n<p>K\u00fclt\u00fcrel dokular yerel y\u00f6netimlerin koruyup gelece\u011fe ta\u015f\u0131mas\u0131 gereken mekanlard\u0131r, rant alanlar\u0131 de\u011fillerdir ve ken halk\u0131na, kent bilimcilerine, tarih\u00e7ilerine ve sanat\u00e7\u0131lar\u0131na sorulmadan \u00fczerlerinde herhangi bir tasarrufta bulunmak fa\u015fizan bir yapt\u0131r\u0131md\u0131r.<\/p>\n<p id=\"yui_3_13_0_ym1_1_1391184194469_2356\">Arabahmet K\u00fclt\u00fcrevi&#8217;nin biran \u00f6nce onar\u0131larak ger\u00e7ek sahipleri olan kent halk\u0131na sanat\u00e7\u0131lar\u0131na ve sivil toplum \u00f6rg\u00fctlerine teslim edilmelidir.<\/p>\n<p>Buradan t\u00fcm K\u0131br\u0131s ve Lefko\u015fa&#8217;da Arabahmet K\u00fclt\u00fcrevi&#8217;nin \u00f6zelle\u015ftirilmesine kar\u015f\u0131 \u00e7\u0131kan insanl\u0131\u011f\u0131 selaml\u0131yoruz.<\/p>\n<p>Dostlar yaln\u0131z de\u011filsiniz<\/p>\n<p>Ya\u015fas\u0131n birlik ve dayan\u0131\u015fma.<\/p>\n<p>\u00d6zg\u00fcrl\u00fck olmadan sanat, sanat olmadan \u00f6zg\u00fcrl\u00fck olmaz.<\/p>\n<p><b>Sanat\u00e7\u0131lar Giri\u015fimi s\u00f6zc\u00fcleri (a)<\/b><\/p>\n<p id=\"yui_3_13_0_ym1_1_1391184194469_2354\"><b id=\"yui_3_13_0_ym1_1_1391184194469_2353\">Ataol Behramo\u011flu \u2013 Orhan Ayd\u0131n<\/b><\/p>\n<p><b>Kat\u0131l\u0131mc\u0131 sanat\u00e7\u0131lar:<\/b><\/p>\n<p><b>Tar\u0131k Akan, Edip Akbayram, Onur Ak\u0131n, Sunay Ak\u0131n, \u00dcst\u00fcn Akmen, Rutkay Aziz, Bedri Baykam, Nihat Behram, Cahit Berkay, Tuncer C\u00fcceno\u011flu, Meral \u00c7etinkaya, Levent K\u0131rca, M\u00fcjdat Gezen, Levent \u0130nan\u0131r, Burhan \u015ee\u015fen, Ferhan \u015eensoy, ve daha y\u00fczlercesi&#8230;\u201d<\/b><\/p>\n<p>&nbsp;<\/p>\n<p>&nbsp;<\/p>\n<p>&nbsp;<\/p>\n<p id=\"yui_3_13_0_ym1_1_1391184194469_2350\"><b id=\"yui_3_13_0_ym1_1_1391184194469_2349\">\u0130sve\u00e7\u2019ten dayan\u0131\u015fma mesaj\u0131<\/b><\/p>\n<p><b>S\u00fcrg\u00fcndeki K\u00fclt\u00fcr \u0130\u015f\u00e7ileri: Belediye Karar\u0131n\u0131 G\u00f6zden Ge\u00e7irsin<\/b><\/p>\n<p>\u0130sve\u00e7\u2019ten S\u00fcrg\u00fcndeki K\u00fclt\u00fcr \u0130\u015f\u00e7ileri isimli dernek ad\u0131na Serpil \u0130nan\u00e7\u2019\u0131n kaleme ald\u0131\u011f\u0131 bildiri ise \u015f\u00f6yle:<\/p>\n<p id=\"yui_3_13_0_ym1_1_1391184194469_2345\">Arabahmet K\u00fclt\u00fcrevi&#8217;nin ger\u00e7ek sahipleri, dostlar&#8230;<\/p>\n<p id=\"yui_3_13_0_ym1_1_1391184194469_2343\">Son y\u0131llarda T\u00fcrkiye&#8217;de pek \u00e7ok \u00f6rne\u011fine tan\u0131k oldu\u011fumuz k\u00fclt\u00fcrel bir katliam ya\u015fan\u0131yor. \u00c7\u0131lg\u0131nca bir kar h\u0131rs\u0131yla insan\u0131n en \u00f6nemli besin kayna\u011f\u0131 k\u00fclt\u00fcr ve sanat, \u00f6zel sermayeye kurban ediliyor. \u0130nsan onuruna yak\u0131\u015fan de\u011ferleri savunan k\u00fclt\u00fcr i\u015f\u00e7ilerinin, derneklerin i\u015flikleri; tiyatro, sinema ve sergi salonlar\u0131 y\u0131k\u0131l\u0131yor; \u00f6zel te\u015febb\u00fcse pe\u015fke\u015f \u00e7ekilerek ger\u00e7ek i\u015flevleri ellerinden al\u0131n\u0131yor. Lefko\u015fa&#8217;da da ge\u00e7en hafta, Arabahmet K\u00fclt\u00fcrevi ve tarihi binas\u0131 konusunda sonu\u00e7 olarak ayn\u0131 kap\u0131ya \u00e7\u0131kacak bir karar\u0131n al\u0131nd\u0131\u011f\u0131n\u0131 \u015fa\u015fk\u0131nl\u0131kla \u00f6\u011frendik! Evet, bu karar yanl\u0131\u015ft\u0131r, Arabahmet K\u00fclt\u00fcrevi&#8217;ni elbirli\u011fi ile bir k\u00fclt\u00fcr merkezi haline getiren ve ya\u015fatan t\u00fcm k\u00fclt\u00fcr i\u015f\u00e7ileri ve derneklerinin dayan\u0131\u015fmas\u0131d\u0131r; karar\u0131 da onlar\u0131n vermesi gerekir. Belediye&#8217;ye d\u00fc\u015fen ise, onlar\u0131n \u00e7abalar\u0131n\u0131 desteklemek olmal\u0131d\u0131r.<\/p>\n<p id=\"yui_3_13_0_ym1_1_1391184194469_2341\">Biz, ya\u015fan\u0131l\u0131r bir d\u00fcnya ve bar\u0131\u015f i\u00e7in sava\u015fan, s\u00fcrg\u00fcnde k\u00fclt\u00fcr i\u015f\u00e7ileri; yan\u0131n\u0131zda oldu\u011fumuzu, hakl\u0131 direni\u015finizi sonuna dek destekleyece\u011fimizi bildirir; Lefko\u015fa Belediye \u00f6ynetiminin, bu \u00f6nemli k\u00fclt\u00fcr merkezini katletmemek i\u00e7in, karar\u0131n\u0131 yeniden g\u00f6zden ge\u00e7irmesini dileriz.<\/p>\n<p id=\"yui_3_13_0_ym1_1_1391184194469_2339\"><b id=\"yui_3_13_0_ym1_1_1391184194469_2338\">S\u00fcrg\u00fcndeki K\u00fclt\u00fcr \u0130\u015f\u00e7ileri (ya da \u201cBar\u0131\u015f i\u00e7in Sava\u015f\u201d ad\u0131na,<\/b><\/p>\n<p id=\"yui_3_13_0_ym1_1_1391184194469_2336\"><b>Serpil \u0130nan\u00e7<\/b><\/p>\n<\/div>\n","protected":false},"excerpt":{"rendered":"<p>K\u00fclt\u00fcr, sanat ve tiyatro dernekleri, sanat\u00e7\u0131lar ve ayd\u0131nlar Arabahmet K\u00fclt\u00fcrevi \u00f6n\u00fcnde eylem ger\u00e7ekle\u015ftirdi. \u00d6rg\u00fctler ve sanat\u00e7\u0131lar LTB\u2019nin Arabahmet K\u00fclt\u00fcrevi ile ilgili karar\u0131n\u0131 g\u00f6zden ge\u00e7irmesini isteyerek,<\/p>\n","protected":false},"author":1,"featured_media":2149,"comment_status":"open","ping_status":"open","sticky":false,"template":"","format":"standard","meta":{"jetpack_post_was_ever_published":false,"_jetpack_newsletter_access":"","_jetpack_newsletter_tier_id":0,"jetpack_publicize_message":"","jetpack_is_tweetstorm":false,"jetpack_publicize_feature_enabled":true,"jetpack_social_post_already_shared":true,"jetpack_social_options":{"image_generator_settings":{"template":"highway","enabled":false}}},"categories":[66],"tags":[],"jetpack_publicize_connections":[],"jetpack_featured_media_url":"https:\/\/baraka.cc\/wp-content\/uploads\/2014\/01\/3.jpg","jetpack_shortlink":"https:\/\/wp.me\/p4eHWX-yE","jetpack_sharing_enabled":true,"_links":{"self":[{"href":"https:\/\/baraka.cc\/index.php?rest_route=\/wp\/v2\/posts\/2148"}],"collection":[{"href":"https:\/\/baraka.cc\/index.php?rest_route=\/wp\/v2\/posts"}],"about":[{"href":"https:\/\/baraka.cc\/index.php?rest_route=\/wp\/v2\/types\/post"}],"author":[{"embeddable":true,"href":"https:\/\/baraka.cc\/index.php?rest_route=\/wp\/v2\/users\/1"}],"replies":[{"embeddable":true,"href":"https:\/\/baraka.cc\/index.php?rest_route=%2Fwp%2Fv2%2Fcomments&post=2148"}],"version-history":[{"count":3,"href":"https:\/\/baraka.cc\/index.php?rest_route=\/wp\/v2\/posts\/2148\/revisions"}],"predecessor-version":[{"id":2153,"href":"https:\/\/baraka.cc\/index.php?rest_route=\/wp\/v2\/posts\/2148\/revisions\/2153"}],"wp:featuredmedia":[{"embeddable":true,"href":"https:\/\/baraka.cc\/index.php?rest_route=\/wp\/v2\/media\/2149"}],"wp:attachment":[{"href":"https:\/\/baraka.cc\/index.php?rest_route=%2Fwp%2Fv2%2Fmedia&parent=2148"}],"wp:term":[{"taxonomy":"category","embeddable":true,"href":"https:\/\/baraka.cc\/index.php?rest_route=%2Fwp%2Fv2%2Fcategories&post=2148"},{"taxonomy":"post_tag","embeddable":true,"href":"https:\/\/baraka.cc\/index.php?rest_route=%2Fwp%2Fv2%2Ftags&post=2148"}],"curies":[{"name":"wp","href":"https:\/\/api.w.org\/{rel}","templated":true}]}}