{"id":2154,"date":"2014-02-02T21:42:53","date_gmt":"2014-02-02T19:42:53","guid":{"rendered":"https:\/\/baraka.cc\/?p=2154"},"modified":"2014-02-02T21:49:21","modified_gmt":"2014-02-02T19:49:21","slug":"sanayi-holding-belgeseli-gosterimleri-basliyor","status":"publish","type":"post","link":"https:\/\/baraka.cc\/?p=2154","title":{"rendered":"Sanayi Holding Belgeseli G\u00f6sterimleri Ba\u015fl\u0131yor"},"content":{"rendered":"<div id=\"yui_3_13_0_ym1_1_1391368622613_4866\"><a href=\"https:\/\/baraka.cc\/wp-content\/uploads\/2014\/02\/afis.jpg\"><img decoding=\"async\" class=\"alignleft\" alt=\"afis\" src=\"https:\/\/baraka.cc\/wp-content\/uploads\/2014\/02\/afis1.jpg\" width=\"200\" \/><\/a>Baraka Film At\u00f6lyesi\u2019nin be\u015finci \u00fcretimi olan \u201cSanayi Holding\u201d belgeselinin g\u00f6sterimleri,\u00a017 \u015eubat\u00a0ve\u00a022 \u015eubat 2014\u00a0\u00a0tarihlerinde\u00a0saat 19:00\u2019da\u00a0Lefko\u015fa Atat\u00fcrk K\u00fclt\u00fcr Merkezi\u2019nde ger\u00e7ekle\u015ftirilecek.<\/div>\n<p>&nbsp;<br \/>\n&nbsp;<\/p>\n<div><\/div>\n<p>&nbsp;<\/p>\n<div id=\"yui_3_13_0_ym1_1_1391368622613_4864\">K\u0131br\u0131sl\u0131 T\u00fcrklerin gerek \u00fcretim gerekse sendikal m\u00fccadele tarihinde \u00e7ok \u00f6nemli bir yere sahip olan Sanayi Holding\u2019in \u00f6yk\u00fcs\u00fc, ilk kez Baraka Film At\u00f6lyesi\u2019nin kolektif \u00e7al\u0131\u015fmas\u0131yla belgesel sinemaya uyarland\u0131. D\u00f6rt ayl\u0131k ar\u015fiv \u00e7al\u0131\u015fmas\u0131, iki ayl\u0131k \u00e7ekim ve iki ayl\u0131k kurgu s\u00fcrecinin ard\u0131ndan, tamamlanan belgesel filmde, Sanayi Holding\u2019de farkl\u0131 fabrikalarda \u00e7al\u0131\u015fm\u0131\u015f 13 emek\u00e7inin bireysel tan\u0131kl\u0131klar\u0131 yer al\u0131yor. Ar\u015fiv \u00e7al\u0131\u015fmas\u0131nda, Halk\u0131n Sesi, YeniD\u00fczen, Devi\u015f\u2019in Sesi, S\u00f6z ve Ba\u011f\u0131ms\u0131zl\u0131k Yolu gibi gazete ar\u015fivlerinden yararlan\u0131l\u0131rken, Haspolat, Omorfo, Ma\u011fusa ve Lefko\u015fa\u2019da faaliyet g\u00f6steren fabrikalar\u0131n \u00e7ekimleri de yap\u0131ld\u0131. Belgeselde kullan\u0131lan\u00a0\u00a0\u201cYolda\u201d isimli \u00f6zg\u00fcn m\u00fczik ise Baraka M\u00fczik Toplulu\u011fu Sol Anahtar\u0131\u2019na ait.<\/div>\n<p>&nbsp;<br \/>\n&nbsp;<\/p>\n<div><\/div>\n<p>&nbsp;<\/p>\n<div><\/div>\n<div><b>\u00dcretimin yaratt\u0131\u011f\u0131 dayan\u0131\u015fma, \u00f6rg\u00fctlenme ve m\u00fccadele azmi\u2026<\/b><\/div>\n<div id=\"yui_3_13_0_ym1_1_1391368622613_4874\">Belgesel filmde,\u00a020 Temmuz\u00a01974\u2019te adan\u0131n b\u00f6l\u00fcnmesini ard\u0131ndan, T\u00fcrkiye\u2019deki Ecevit h\u00fck\u00fcmetinin etkisiyle, K\u0131br\u0131s Cumhuriyeti sanayi ve end\u00fcstrisinin kuzeyde kalan b\u00fcy\u00fck bir k\u0131sm\u0131n\u0131n bir araya getirilerek bir kamu kurulu\u015fu yarat\u0131l\u0131p faaliyete ge\u00e7irilmesi ve K\u0131br\u0131s T\u00fcrk Sanayi \u0130\u015fletmeleri Holding \u015eirketi Ltd (Sanayi Holding) olarak \u00fcretime ba\u015flayan \u015firketin \u00f6yk\u00fcs\u00fcn\u00fc bireysel tan\u0131kl\u0131klarla anlat\u0131l\u0131yor.\u00a0\u00a0Sanayi Holding, haz\u0131r hammadde stoklar\u0131, altm\u0131\u015fa yak\u0131n fabrika ve \u00fcretim birimi, tekstil, g\u0131da-kimya, plastik, metal \u00fcretim alanlar\u0131nda yurti\u00e7inde ihtiya\u00e7 duyulan ne varsa \u00fcretti, yurtd\u0131\u015f\u0131na da ihracat yaparak 1975\u2019ten 1998\u2019e kadar varl\u0131\u011f\u0131n\u0131 s\u00fcrd\u00fcrd\u00fc. Belgeselde, \u00fcretimin K\u0131br\u0131sl\u0131 T\u00fcrklerde yaratt\u0131\u011f\u0131 dayan\u0131\u015fma, \u00f6rg\u00fctlenme, m\u00fccadele azmi ve i\u015f\u00e7i s\u0131n\u0131f\u0131 k\u00fclt\u00fcr\u00fcn\u00fcn at\u0131lan ilk tohumlar\u0131 anlat\u0131l\u0131rken, 1986\u2019da T.C.\u2019den g\u00f6nderilen \u201c\u00d6zal Paketi\u201d ile birlikte hem Sanayi Holding ile cisimle\u015fen kamusal \u00fcretimin bitirilmesi, hem de K\u0131br\u0131sl\u0131 T\u00fcrklerin planl\u0131 bir \u015fekilde \u00fcretimden kopar\u0131larak\u00a0ba\u011f\u0131ml\u0131 bir ekonomi yarat\u0131lmas\u0131 birinci a\u011f\u0131zlardan, buruk bir h\u00fcz\u00fcnle dillendiriliyor.<\/div>\n<div id=\"yui_3_13_0_ym1_1_1391368622613_4875\"><b>\u00a0<\/b><\/div>\n<p>&nbsp;<\/p>\n<div id=\"yui_3_13_0_ym1_1_1391368622613_4878\"><b id=\"yui_3_13_0_ym1_1_1391368622613_4877\">Sat\u0131ld\u0131, ya\u011fmaland\u0131, \u00e7al\u0131nd\u0131, \u00f6zelle\u015ftirildi\u2026<\/b><\/div>\n<div id=\"yui_3_13_0_ym1_1_1391368622613_4879\">Belgesel filmde asl\u0131nda, T.C. Ba\u015fbakan\u0131 Recep Tayyip Erdo\u011fan\u2019\u0131n \u015eubat 2011 tarihinde K\u0131br\u0131sl\u0131 T\u00fcrkleri \u201cbesleme\u201d diyerek a\u015fa\u011f\u0131lamas\u0131n\u0131n temellerinin at\u0131lmas\u0131 s\u00fcreci de g\u00f6zler \u00f6n\u00fcne seriliyor. K\u0131br\u0131sl\u0131 T\u00fcrklerin m\u00fccadele tarihinde de \u00e7e\u015fitli direni\u015flerle \u00e7ok \u00f6nemli bir yer tutan Sanayi Holding\u2019in, s\u00f6k\u00fclmesi, ya\u011fmalanmas\u0131, sat\u0131lmas\u0131, \u00e7al\u0131nmas\u0131, da\u011f\u0131t\u0131lmas\u0131, \u00f6zelle\u015ftirilmesi ve sonunda ortadan kald\u0131r\u0131lmas\u0131 belgeselde g\u00f6zler \u00f6n\u00fcne serilirken, t\u00fcm bunlara ra\u011fmen K\u0131br\u0131sl\u0131 T\u00fcrklerin yak\u0131n bir ge\u00e7mi\u015fte \u00fcretim yapt\u0131klar\u0131n\u0131n ve gelecekte de yapabileceklerinin bir kan\u0131t\u0131 ve umudu olarak K\u0131br\u0131sl\u0131 T\u00fcrklere ve \u00f6zellikle gen\u00e7 ku\u015faklara ilham veriyor.<\/div>\n<div><\/div>\n<p>&nbsp;<\/p>\n<div><\/div>\n<div><\/div>\n<p>&nbsp;<br \/>\n&nbsp;<\/p>\n","protected":false},"excerpt":{"rendered":"<p>Baraka Film At\u00f6lyesi\u2019nin be\u015finci \u00fcretimi olan \u201cSanayi Holding\u201d belgeselinin g\u00f6sterimleri,\u00a017 \u015eubat\u00a0ve\u00a022 \u015eubat 2014\u00a0\u00a0tarihlerinde\u00a0saat 19:00\u2019da\u00a0Lefko\u015fa Atat\u00fcrk K\u00fclt\u00fcr Merkezi\u2019nde ger\u00e7ekle\u015ftirilecek. &nbsp; &nbsp; &nbsp; K\u0131br\u0131sl\u0131 T\u00fcrklerin gerek \u00fcretim<\/p>\n","protected":false},"author":1,"featured_media":2156,"comment_status":"open","ping_status":"open","sticky":false,"template":"","format":"standard","meta":{"jetpack_post_was_ever_published":false,"_jetpack_newsletter_access":"","_jetpack_newsletter_tier_id":0,"jetpack_publicize_message":"","jetpack_is_tweetstorm":false,"jetpack_publicize_feature_enabled":true,"jetpack_social_post_already_shared":true,"jetpack_social_options":{"image_generator_settings":{"template":"highway","enabled":false}}},"categories":[27],"tags":[],"jetpack_publicize_connections":[],"jetpack_featured_media_url":"https:\/\/baraka.cc\/wp-content\/uploads\/2014\/02\/afis1.jpg","jetpack_shortlink":"https:\/\/wp.me\/p4eHWX-yK","jetpack_sharing_enabled":true,"_links":{"self":[{"href":"https:\/\/baraka.cc\/index.php?rest_route=\/wp\/v2\/posts\/2154"}],"collection":[{"href":"https:\/\/baraka.cc\/index.php?rest_route=\/wp\/v2\/posts"}],"about":[{"href":"https:\/\/baraka.cc\/index.php?rest_route=\/wp\/v2\/types\/post"}],"author":[{"embeddable":true,"href":"https:\/\/baraka.cc\/index.php?rest_route=\/wp\/v2\/users\/1"}],"replies":[{"embeddable":true,"href":"https:\/\/baraka.cc\/index.php?rest_route=%2Fwp%2Fv2%2Fcomments&post=2154"}],"version-history":[{"count":8,"href":"https:\/\/baraka.cc\/index.php?rest_route=\/wp\/v2\/posts\/2154\/revisions"}],"predecessor-version":[{"id":2162,"href":"https:\/\/baraka.cc\/index.php?rest_route=\/wp\/v2\/posts\/2154\/revisions\/2162"}],"wp:featuredmedia":[{"embeddable":true,"href":"https:\/\/baraka.cc\/index.php?rest_route=\/wp\/v2\/media\/2156"}],"wp:attachment":[{"href":"https:\/\/baraka.cc\/index.php?rest_route=%2Fwp%2Fv2%2Fmedia&parent=2154"}],"wp:term":[{"taxonomy":"category","embeddable":true,"href":"https:\/\/baraka.cc\/index.php?rest_route=%2Fwp%2Fv2%2Fcategories&post=2154"},{"taxonomy":"post_tag","embeddable":true,"href":"https:\/\/baraka.cc\/index.php?rest_route=%2Fwp%2Fv2%2Ftags&post=2154"}],"curies":[{"name":"wp","href":"https:\/\/api.w.org\/{rel}","templated":true}]}}