{"id":2169,"date":"2014-02-05T11:08:02","date_gmt":"2014-02-05T09:08:02","guid":{"rendered":"https:\/\/baraka.cc\/?p=2169"},"modified":"2014-02-11T09:22:35","modified_gmt":"2014-02-11T07:22:35","slug":"arabahmet-icin-kitle-toplantisi-cagrisi","status":"publish","type":"post","link":"https:\/\/baraka.cc\/?p=2169","title":{"rendered":"Arabahmet i\u00e7in Kitle Toplant\u0131s\u0131 \u00c7a\u011fr\u0131s\u0131.."},"content":{"rendered":"<div id=\"yui_3_13_0_ym1_1_1391579905671_17018\">\n<div dir=\"ltr\" id=\"yui_3_13_0_ym1_1_1391579905671_17017\">\n<p id=\"yui_3_13_0_ym1_1_1391579905671_17326\"><b id=\"yui_3_13_0_ym1_1_1391579905671_17341\">Arabahmet i\u00e7in Kitle Toplant\u0131s\u0131 \u00c7a\u011fr\u0131s\u0131<\/b><\/p>\n<p id=\"yui_3_13_0_ym1_1_1391579905671_17323\">Baraka K\u00fclt\u00fcr Merkezi Arabahmet K\u00fclt\u00fcrevi ile ilgili bir kitle toplant\u0131s\u0131 \u00e7a\u011fr\u0131s\u0131 yaparak, konuya duyarl\u0131 kesimleri 6 \u015eubat Per\u015fembe ak\u015fam\u0131 Arabahmet K\u00fclt\u00fcrevi\u2019nde yap\u0131lacak kitle toplant\u0131s\u0131na \u00e7a\u011f\u0131rd\u0131.<\/p>\n<p id=\"yui_3_13_0_ym1_1_1391579905671_17325\">Baraka\u2019dan yap\u0131lan a\u00e7\u0131klamada ayr\u0131ca d\u00fcn LTB Ba\u015fkan\u0131 ve yetkilileriyle ger\u00e7ekle\u015ftirilen toplant\u0131dan da bahsedildi. Kar\u015f\u0131l\u0131kl\u0131 g\u00f6r\u00fc\u015flerin aktar\u0131ld\u0131\u011f\u0131 toplant\u0131da Belediye Ba\u015fkan\u0131 Kadri Fellaho\u011flu\u2019nun ihaleden geri d\u00f6n\u00fclemeyece\u011fini ancak tiyatrolar\u0131n sahneyi kullanabilmeleri i\u00e7in gerekeni yapacaklar\u0131n\u0131 ifade etti\u011fi aktar\u0131ld\u0131.<\/p>\n<p id=\"yui_3_13_0_ym1_1_1391579905671_17339\"><a href=\"https:\/\/baraka.cc\/wp-content\/uploads\/2014\/02\/image-1.jpeg\"><img decoding=\"async\" loading=\"lazy\" class=\"size-thumbnail wp-image-2170 alignleft\" style=\"border: 1px solid black;\" alt=\"image (1)\" src=\"https:\/\/baraka.cc\/wp-content\/uploads\/2014\/02\/image-1-150x150.jpeg\" width=\"150\" height=\"150\" srcset=\"https:\/\/baraka.cc\/wp-content\/uploads\/2014\/02\/image-1-150x150.jpeg 150w, https:\/\/baraka.cc\/wp-content\/uploads\/2014\/02\/image-1-200x200.jpeg 200w\" sizes=\"(max-width: 150px) 100vw, 150px\" \/><\/a><\/p>\n<p id=\"yui_3_13_0_ym1_1_1391579905671_17338\">Baraka Arabahmet K\u00fclt\u00fcrevinin \u00f6zelle\u015ftirme s\u00fcrecinin devam etti\u011fine de dikkat \u00e7ekti.<\/p>\n<p>&nbsp;<\/p>\n<p>&nbsp;<\/p>\n<p>&nbsp;<\/p>\n<p id=\"yui_3_13_0_ym1_1_1391579905671_17336\"><b>\u00d6zelle\u015ftirme s\u00fcreci devam ediyor<\/b><\/p>\n<p id=\"yui_3_13_0_ym1_1_1391579905671_17335\">&#8220;Y\u0131llardan beridir amat\u00f6r tiyatrolara, kamu yarar\u0131na sanat faaliyetlerine ve etkinliklere ev sahipli\u011fi yapan, Lefko\u015fa\u2019n\u0131n en \u00f6nemli kamusal k\u00fclt\u00fcr sanat mekan\u0131 ve tek halka a\u00e7\u0131k tiyatro sahnesi olan Arabahmet K\u00fclt\u00fcrEvi\u2019nin \u00f6zelle\u015ftirilmesi s\u00fcreci devam ediyor\u201d \u015feklinde ifadeler kullan\u0131l\u0131rken,\u00a0 Arabahmet K\u00fclt\u00fcrevi\u2019nin GA\u00dc\u2019ye verilmesine kar\u015f\u0131 tepkilere ra\u011fmen s\u00fcrecin GA\u00dc ile s\u00f6zle\u015fme imzalanmas\u0131na do\u011fru ilerlemekte oldu\u011fu ifade edildi: \u201cY\u0131llardan beridir amat\u00f6r tiyatrolara, kamu yarar\u0131na sanat faaliyetlerine ve etkinliklere ev sahipli\u011fi yapan, Lefko\u015fa\u2019n\u0131n en \u00f6nemli kamusal k\u00fclt\u00fcr sanat mekan\u0131 ve tek halka a\u00e7\u0131k tiyatro sahnesi olan Arabahmet K\u00fclt\u00fcr Evi\u2019nin \u00f6zelle\u015ftirilmesi s\u00fcreci devam ediyor.\u201d<\/p>\n<p><b>LTB ile g\u00f6r\u00fc\u015fme<\/b><\/p>\n<p id=\"yui_3_13_0_ym1_1_1391579905671_17016\">Arabahmet K\u00fclt\u00fcrevi\u2019nin \u00f6zelle\u015ftirilmesine kar\u015f\u0131 olan \u00f6rg\u00fct temsilcileri ayr\u0131ca d\u00fcn LTB Ba\u015fkan\u0131 ve yetkilileriyle g\u00f6r\u00fc\u015fme ger\u00e7ekle\u015ftirdi. G\u00f6r\u00fc\u015fme ile ilgili dernekten \u015fu bilgiler verildi: \u201c4 \u015eubat Sal\u0131 g\u00fcn\u00fc Arabahmet K\u00fclt\u00fcr Evi\u2019nin \u00f6zelle\u015ftirilmesine kar\u015f\u0131 \u00e7\u0131kan \u00f6rg\u00fctler, LTB Ba\u015fkan\u0131 Kadri Fellaho\u011flu ile g\u00f6r\u00fc\u015ferek \u00f6zelle\u015ftirmeden vazge\u00e7ilmesi talebini yineledi. G\u00f6r\u00fc\u015fmede Baraka K\u00fclt\u00fcr Merkezi temsilcileri Merter Refiko\u011flu ve Nazen \u015eansal ile Has-Der temsilcisi Ali Nebih, Belediye Ba\u015fkan\u0131\u2019na ve Belediye Meclisi \u00dcyesi Onur Olguner&#8217;e, Arabahmet K\u00fclt\u00fcr Evi&#8217;nin Belediye\u2019nin ve halk\u0131n kullan\u0131m\u0131nda kalmas\u0131 y\u00f6n\u00fcndeki g\u00f6r\u00fc\u015flerini aktard\u0131lar. Belediye Ba\u015fkan\u0131, \u00e7\u0131k\u0131lan ihaleden geri d\u00f6n\u00fclmeyece\u011fini ancak \u00f6rg\u00fctlerin ve tiyatro topluluklar\u0131n\u0131n sahneyi kullanabilmesi y\u00f6n\u00fcnde gerekeni yapacaklar\u0131n\u0131 dile getirdi.\u201d<\/p>\n<p id=\"yui_3_13_0_ym1_1_1391579905671_17318\"><b>Kitle toplant\u0131s\u0131 i\u00e7in \u00e7a\u011fr\u0131<\/b><\/p>\n<p id=\"yui_3_13_0_ym1_1_1391579905671_17321\">\u00d6te yandna \u00f6n\u00fcm\u00fczdeki s\u00fcreci de\u011ferlendirmek ve al\u0131nacak olan kararlar\u0131 \u015fekillendirmek amac\u0131yla Baraka 6 \u015eubat Per\u015fembe ak\u015fam\u0131na\u00a0 kitle toplant\u0131s\u0131 \u00e7a\u011fr\u0131s\u0131 yapt\u0131. Kitle toplant\u0131s\u0131 Arabahm\u00f6et K\u00fclt\u00fcrevinde yap\u0131alcak: \u201cBu noktada\u00a0Arabahmet K\u00fclt\u00fcr Evi\u2019nin \u00f6zelle\u015ftirilmesine kar\u015f\u0131 \u00e7\u0131kan \u00f6rg\u00fctlerin \u015fekillendiricili\u011finde bir kitle toplant\u0131s\u0131 ile \u00f6n\u00fcm\u00fczdeki s\u00fcre\u00e7te takip edece\u011fimiz yolu belirlemek \u015fart olmu\u015ftur. Kitle Toplant\u0131s\u0131 6 \u015eubat Per\u015fembe saat 18:00\u2019da Arabahmet K\u00fclt\u00fcr Evi\u2019nde ger\u00e7ekle\u015ftirilecektir. Toplant\u0131da, Arabahmet K\u00fclt\u00fcr Evi\u2019nin yasal durumu, ihale s\u00fcreci ve Belediye Ba\u015fkan\u0131 ile yap\u0131lan g\u00f6r\u00fc\u015fmenin detaylar\u0131 da kat\u0131l\u0131mc\u0131lara aktar\u0131lacakt\u0131r. K\u00fclt\u00fcre ve sanata sahip \u00e7\u0131kan her bireyin ve kurumun fikirlerini bu toplant\u0131da aktarmas\u0131 ve genel stratejimizin belirlenmesine katk\u0131 koymas\u0131 bizi sevindirecektir.<\/p>\n<p>Arabahmet K\u00fclt\u00fcr Evi\u2019nin halka ait bir mekan olarak ya\u015famas\u0131 i\u00e7in katk\u0131 koymak isteyen herkese a\u00e7\u0131k \u00e7a\u011fr\u0131m\u0131zd\u0131r: 6 \u015eubat Per\u015fembe saat 18:00\u2019da Arabahmet- K\u00fclt\u00fcr Evi\u2019nde bulu\u015fal\u0131m&#8230;\u201d<\/p>\n<p><b>\u0130\u015fte duyurunun tam metni:<\/b><\/p>\n<p>Y\u0131llardan beridir amat\u00f6r tiyatrolara, kamu yarar\u0131na sanat faaliyetlerine ve etkinliklere ev sahipli\u011fi yapan, Lefko\u015fa\u2019n\u0131n en \u00f6nemli kamusal k\u00fclt\u00fcr sanat mekan\u0131 ve tek halka a\u00e7\u0131k tiyatro sahnesi olan Arabahmet K\u00fclt\u00fcr Evi\u2019nin \u00f6zelle\u015ftirilmesi s\u00fcreci devam ediyor.<\/p>\n<p>\u0130ki hafta \u00f6nce Arabahmet \u015firketinin ald\u0131\u011f\u0131 bir kararla Girne Amerikan \u00dcniversitesi\u2019ne kiralanmas\u0131 g\u00fcndeme gelen Arabahmet K\u00fclt\u00fcr Evi\u2019ne, ge\u00e7ti\u011fimiz hafta sahip \u00e7\u0131km\u0131\u015f ve kitlesel bir bas\u0131n a\u00e7\u0131klamas\u0131 ile al\u0131nan karar\u0131n yeniden g\u00f6zden ge\u00e7irilmesini talep etmi\u015ftik. Ancak gelinen noktada ilgili karar\u0131 alan yetkililerin tavr\u0131nda herhangi bir de\u011fi\u015fiklik g\u00f6r\u00fclmemekte, s\u00fcre\u00e7 GA\u00dc ile s\u00f6zle\u015fme imzalanmas\u0131na do\u011fru ilerlemektedir.<\/p>\n<p>4 \u015eubat Sal\u0131 g\u00fcn\u00fc Arabahmet K\u00fclt\u00fcr Evi\u2019nin \u00f6zelle\u015ftirilmesine kar\u015f\u0131 \u00e7\u0131kan \u00f6rg\u00fctler, LTB Ba\u015fkan\u0131 Kadri Fellaho\u011flu ile g\u00f6r\u00fc\u015ferek \u00f6zelle\u015ftirmeden vazge\u00e7ilmesi talebini yineledi. G\u00f6r\u00fc\u015fmede Baraka K\u00fclt\u00fcr Merkezi temsilcileri Merter Refiko\u011flu ve Nazen \u015eansal ile Has-Der temsilcisi Ali Nebih, Belediye Ba\u015fkan\u0131\u2019na ve Belediye Meclisi \u00dcyesi Onur Olguner&#8217;e, Arabahmet K\u00fclt\u00fcr Evi&#8217;nin Belediye\u2019nin ve halk\u0131n kullan\u0131m\u0131nda kalmas\u0131 y\u00f6n\u00fcndeki g\u00f6r\u00fc\u015flerini aktard\u0131lar. Belediye Ba\u015fkan\u0131, \u00e7\u0131k\u0131lan ihaleden geri d\u00f6n\u00fclmeyece\u011fini ancak \u00f6rg\u00fctlerin ve tiyatro topluluklar\u0131n\u0131n sahneyi kullanabilmesi y\u00f6n\u00fcnde gerekeni yapacaklar\u0131n\u0131 dile getirdi.<\/p>\n<p id=\"yui_3_13_0_ym1_1_1391579905671_17310\">Bu noktada\u00a0Arabahmet K\u00fclt\u00fcr Evi\u2019nin \u00f6zelle\u015ftirilmesine kar\u015f\u0131 \u00e7\u0131kan \u00f6rg\u00fctlerin \u015fekillendiricili\u011finde bir kitle toplant\u0131s\u0131 ile \u00f6n\u00fcm\u00fczdeki s\u00fcre\u00e7te takip edece\u011fimiz yolu belirlemek \u015fart olmu\u015ftur. Kitle Toplant\u0131s\u0131 6 \u015eubat Per\u015fembe saat 18:00\u2019da Arabahmet K\u00fclt\u00fcr Evi\u2019nde ger\u00e7ekle\u015ftirilecektir. Toplant\u0131da, Arabahmet K\u00fclt\u00fcr Evi\u2019nin yasal durumu, ihale s\u00fcreci ve Belediye Ba\u015fkan\u0131 ile yap\u0131lan g\u00f6r\u00fc\u015fmenin detaylar\u0131 da kat\u0131l\u0131mc\u0131lara aktar\u0131lacakt\u0131r. K\u00fclt\u00fcre ve sanata sahip \u00e7\u0131kan her bireyin ve kurumun fikirlerini bu toplant\u0131da aktarmas\u0131 ve genel stratejimizin belirlenmesine katk\u0131 koymas\u0131 bizi sevindirecektir.Arabahmet K\u00fclt\u00fcr Evi\u2019nin halka ait bir mekan olarak ya\u015famas\u0131 i\u00e7in katk\u0131 koymak isteyen herkese a\u00e7\u0131k \u00e7a\u011fr\u0131m\u0131zd\u0131r: 6 \u015eubat Per\u015fembe saat 18:00\u2019da Arabahmet- K\u00fclt\u00fcr Evi\u2019nde bulu\u015fal\u0131m&#8230;<\/p>\n<\/div>\n<\/div>\n<p>&nbsp;<\/p>\n<div>\n<div dir=\"ltr\">\n<p>&nbsp;<\/p>\n<\/div>\n<\/div>\n<p>&nbsp;<\/p>\n","protected":false},"excerpt":{"rendered":"<p>Arabahmet i\u00e7in Kitle Toplant\u0131s\u0131 \u00c7a\u011fr\u0131s\u0131 Baraka K\u00fclt\u00fcr Merkezi Arabahmet K\u00fclt\u00fcrevi ile ilgili bir kitle toplant\u0131s\u0131 \u00e7a\u011fr\u0131s\u0131 yaparak, konuya duyarl\u0131 kesimleri 6 \u015eubat Per\u015fembe ak\u015fam\u0131 Arabahmet<\/p>\n","protected":false},"author":1,"featured_media":2172,"comment_status":"open","ping_status":"open","sticky":false,"template":"","format":"standard","meta":{"jetpack_post_was_ever_published":false,"_jetpack_newsletter_access":"","_jetpack_newsletter_tier_id":0,"jetpack_publicize_message":"","jetpack_is_tweetstorm":false,"jetpack_publicize_feature_enabled":true,"jetpack_social_post_already_shared":true,"jetpack_social_options":{"image_generator_settings":{"template":"highway","enabled":false}}},"categories":[41],"tags":[],"jetpack_publicize_connections":[],"jetpack_featured_media_url":"https:\/\/baraka.cc\/wp-content\/uploads\/2014\/02\/arabahmet_eylem-497x330.jpg","jetpack_shortlink":"https:\/\/wp.me\/p4eHWX-yZ","jetpack_sharing_enabled":true,"_links":{"self":[{"href":"https:\/\/baraka.cc\/index.php?rest_route=\/wp\/v2\/posts\/2169"}],"collection":[{"href":"https:\/\/baraka.cc\/index.php?rest_route=\/wp\/v2\/posts"}],"about":[{"href":"https:\/\/baraka.cc\/index.php?rest_route=\/wp\/v2\/types\/post"}],"author":[{"embeddable":true,"href":"https:\/\/baraka.cc\/index.php?rest_route=\/wp\/v2\/users\/1"}],"replies":[{"embeddable":true,"href":"https:\/\/baraka.cc\/index.php?rest_route=%2Fwp%2Fv2%2Fcomments&post=2169"}],"version-history":[{"count":3,"href":"https:\/\/baraka.cc\/index.php?rest_route=\/wp\/v2\/posts\/2169\/revisions"}],"predecessor-version":[{"id":2174,"href":"https:\/\/baraka.cc\/index.php?rest_route=\/wp\/v2\/posts\/2169\/revisions\/2174"}],"wp:featuredmedia":[{"embeddable":true,"href":"https:\/\/baraka.cc\/index.php?rest_route=\/wp\/v2\/media\/2172"}],"wp:attachment":[{"href":"https:\/\/baraka.cc\/index.php?rest_route=%2Fwp%2Fv2%2Fmedia&parent=2169"}],"wp:term":[{"taxonomy":"category","embeddable":true,"href":"https:\/\/baraka.cc\/index.php?rest_route=%2Fwp%2Fv2%2Fcategories&post=2169"},{"taxonomy":"post_tag","embeddable":true,"href":"https:\/\/baraka.cc\/index.php?rest_route=%2Fwp%2Fv2%2Ftags&post=2169"}],"curies":[{"name":"wp","href":"https:\/\/api.w.org\/{rel}","templated":true}]}}