{"id":2176,"date":"2014-02-09T16:24:43","date_gmt":"2014-02-09T14:24:43","guid":{"rendered":"https:\/\/baraka.cc\/?p=2176"},"modified":"2014-02-09T16:24:43","modified_gmt":"2014-02-09T14:24:43","slug":"arabahmet-kulturevi-icin-kitle-toplantisi-yapildi-toplumsal-seferberlik-ilan-edilsin","status":"publish","type":"post","link":"https:\/\/baraka.cc\/?p=2176","title":{"rendered":"Arabahmet K\u00fclt\u00fcrevi \u0130\u00e7in Kitle Toplant\u0131s\u0131 Yap\u0131ld\u0131  \u201cToplumsal Seferberlik \u0130lan Edilsin\u201d"},"content":{"rendered":"<p><span style=\"color: #000000; font-family: Cambria; font-size: medium;\"><a href=\"https:\/\/baraka.cc\/wp-content\/uploads\/2014\/02\/photo.jpg\"><img decoding=\"async\" class=\"alignleft  wp-image-2177\" alt=\"photo\" src=\"https:\/\/baraka.cc\/wp-content\/uploads\/2014\/02\/photo.jpg\" width=\"200\" srcset=\"https:\/\/baraka.cc\/wp-content\/uploads\/2014\/02\/photo.jpg 960w, https:\/\/baraka.cc\/wp-content\/uploads\/2014\/02\/photo-300x225.jpg 300w\" sizes=\"(max-width: 960px) 100vw, 960px\" \/><\/a>Arabahmet K\u00fclt\u00fcrevi\u2019nin GA\u00dc\u2019ye devredilmesi ve \u00f6zelle\u015ftirme s\u00fcreciyle ba\u015flayan tepki ve eylem s\u00fcreci ge\u00e7ti\u011fimiz g\u00fcn ger\u00e7ekle\u015ftirilen kitle toplant\u0131s\u0131 ile devam etmekte.<\/span><\/p>\n<p><span style=\"color: #000000; font-family: Cambria; font-size: medium;\">\u00a0<\/span><\/p>\n<p><span style=\"color: #000000; font-family: Cambria; font-size: medium;\">Baraka taraf\u0131ndan yap\u0131lan \u00e7a\u011fr\u0131 ile ger\u00e7ekle\u015ftirilen kitle toplant\u0131s\u0131na \u00e7e\u015fitli kesimlerden duyarl\u0131 vatanda\u015flar\u0131n yan\u0131 s\u0131ra Tiyatro sanat\u00e7\u0131s\u0131 Ya\u015far Ersoy, LTB Meclis \u00dcyesi Onur Olguner ve LTB Ba\u015fkan\u0131 Kadri Fellaho\u011flu da kat\u0131ld\u0131. <\/span><\/p>\n<p><span style=\"color: #000000; font-family: Cambria; font-size: medium;\">\u00a0<\/span><\/p>\n<p><span style=\"color: #000000; font-family: Cambria; font-size: medium;\">Toplant\u0131 Arabahmet K\u00fclt\u00fcevi\u2019nin \u015fu anki durumuna nas\u0131l geldi\u011fiyle ilgili bir sunum yap\u0131lmas\u0131yla ba\u015fland\u0131. Baraka aktivisti M\u00fcn\u00fcr Rahvanc\u0131o\u011flu taraf\u0131ndan yap\u0131lan sunumda tarihsel arka plan\u0131yla Arabahmet K\u00fclt\u00fcrevi\u2019nin nas\u0131l itibars\u0131zla\u015ft\u0131r\u0131ld\u0131\u011f\u0131 ve \u00f6zelle\u015ftirme s\u00fcrecinden bahsedildi.<\/span><\/p>\n<p><span style=\"color: #000000; font-family: Cambria; font-size: medium;\">\u00a0<\/span><\/p>\n<p><span style=\"color: #000000; font-family: Cambria; font-size: medium;\">Baraka Tiyatro Ekibinden Merter Refiko\u011flu ise LTB ile yap\u0131lan g\u00f6r\u00fc\u015fmeleri ve Baraka\u2019n\u0131n Arabahmet K\u00fclt\u00fcrevi\u2019nin \u00f6zelle\u015ftirilmesine kar\u015f\u0131 yapt\u0131klar\u0131 faaliyetlerinden bahsetti.<\/span><\/p>\n<p><span style=\"color: #000000; font-size: medium;\">\u00a0<\/span><\/p>\n<p><span style=\"color: #000000; font-size: medium;\">\u00a0<\/span><\/p>\n<p><b><span style=\"color: #000000; font-family: Cambria; font-size: medium;\">Toplumsal Seferberlik \u00c7a\u011fr\u0131s\u0131 Yap\u0131ls\u0131n<\/span><\/b><\/p>\n<p><span style=\"color: #000000; font-family: Cambria; font-size: medium;\">\u00a0<\/span><\/p>\n<p><span style=\"color: #000000; font-family: Cambria; font-size: medium;\">\u00a0<\/span><\/p>\n<p><span style=\"color: #000000; font-family: Cambria; font-size: medium;\">Sunumlar\u0131n ard\u0131ndan toplant\u0131 \u2018bundan sonra ne yapabiliriz\u2019 soru etraf\u0131nda \u015fekillenerek \u00f6neriler ve fikirler tart\u0131\u015f\u0131ld\u0131.<\/span><\/p>\n<p><span style=\"color: #000000; font-family: Cambria; font-size: medium;\">\u00a0<\/span><\/p>\n<p><b><span style=\"color: #000000; font-family: Cambria; font-size: medium;\">Toplant\u0131da ortaya \u00e7\u0131kan ana e\u011filim ise LTB Arabahmeti GA\u00dc\u2019ye devretmekten vazge\u00e7erek, K\u00fclt\u00fcrevi\u2019nin tadilat\u0131 i\u00e7in sivil toplum \u00f6rg\u00fctleriyle birlikte toplumsal seferberlik \u00e7a\u011fr\u0131s\u0131 yap\u0131lmas\u0131 oldu.<\/span><\/b><\/p>\n<p><b><span style=\"color: #000000; font-family: Cambria; font-size: medium;\">\u00a0<\/span><\/b><\/p>\n<p><b><span style=\"color: #000000; font-family: Cambria; font-size: medium;\">Toplant\u0131dan \u00e7\u0131kan \u00f6neri \u015f\u00f6yle: Arabahmet K\u00fclt\u00fcrevi\u2019nin \u00f6zelle\u015ftirilmesinin bir aya\u011f\u0131 olan s\u00f6z konusu mekan\u0131n GA\u00dc\u2019ye verilmesinden vazge\u00e7ilmesi.<\/span><\/b><\/p>\n<p><b><span style=\"color: #000000; font-family: Cambria; font-size: medium;\">\u00a0<\/span><\/b><\/p>\n<p><b><span style=\"color: #000000; font-family: Cambria; font-size: medium;\">Arabahmet K\u00fclt\u00fcrevi\u2019nin LTB\u2019nin sorumlulu\u011funda ve y\u00f6netiminde kalmas\u0131.<\/span><\/b><\/p>\n<p><b><span style=\"color: #000000; font-family: Cambria; font-size: medium;\">\u00a0<\/span><\/b><\/p>\n<p><b><span style=\"color: #000000; font-family: Cambria; font-size: medium;\">LTB\u2019nin toplumsal seferberlik \u00e7a\u011fr\u0131s\u0131 yaparak ba\u011f\u0131ms\u0131z ki\u015fi ve demokratik kitle \u00f6rg\u00fctlerinin de s\u00fcrece dahil olmas\u0131yla Arabahmet\u2019in ihtiyac\u0131 olan tadilat ve elektik bor\u00e7lar\u0131n\u0131 toplumsal duyarl\u0131l\u0131k ve seferberlik ile yap\u0131lmas\u0131 ve \u00f6denmesi.<\/span><\/b><\/p>\n<p><b><span style=\"color: #000000; font-family: Cambria; font-size: medium;\">\u00a0<\/span><\/b><\/p>\n<p><b><span style=\"color: #000000; font-family: Cambria; font-size: medium;\">G\u00fcn\u00fcn sonunda Arabahmet K\u00fclt\u00fcrevi iyile\u015ftirildi\u011fi ve LTB\u2019nin \u2018s\u0131rt\u0131na y\u00fck olmad\u0131\u011f\u0131\u2019 a\u015famadan itibaren LTB\u2019nin K\u00fclt\u00fcr Sanat Birimi taraf\u0131ndan y\u00f6netilmesi.<\/span><\/b><\/p>\n<p><b><span style=\"color: #000000; font-family: Cambria; font-size: medium;\">\u00a0<\/span><\/b><\/p>\n<p><b><span style=\"font-family: Cambria; font-size: medium;\">LTB\u2019nin elden \u00e7\u0131kartma ve \u00f6zelle\u015ftirme \u00e7abalar\u0131na kar\u015f\u0131n Arabahmet&#8217;in kamusal bir kurum olarak kalmas\u0131n\u0131n kitle toplant\u0131s\u0131nda vurguland\u0131.<\/span><\/b><\/p>\n<p><b><span style=\"font-family: Cambria; font-size: medium;\">\u00a0<\/span><\/b><\/p>\n<p><b><span style=\"font-family: Cambria; font-size: medium;\">Kat\u0131l\u0131mc\u0131 birey ve \u00f6rg\u00fctlerin Arabahmetin tadilat ve ya\u015fat\u0131lmas\u0131 i\u00e7in katk\u0131 koymaya haz\u0131r oldu\u011fu; belediyeden istenen \u015feyin sadece bu s\u00fcreci koordine etmesi oldu\u011funun alt\u0131 \u00e7izildi.<\/span><\/b><\/p>\n<p><b><span style=\"color: #000000; font-family: Cambria; font-size: medium;\">\u00a0<\/span><\/b><\/p>\n<p><span style=\"color: #000000; font-family: Cambria; font-size: medium;\">\u00a0<\/span><\/p>\n<p><b><span style=\"color: #000000; font-family: Cambria; font-size: medium;\">Fellaho\u011flu: \u201cArt\u0131k geri d\u00f6n\u00fc\u015f yok\u201d<\/span><\/b><\/p>\n<p><span style=\"color: #000000; font-family: Cambria; font-size: medium;\">\u00a0<\/span><\/p>\n<p><span style=\"color: #000000; font-family: Cambria; font-size: medium;\">Toplant\u0131ya kat\u0131lan LTB Ba\u015fkan\u0131 Kadri Fellaho\u011flu Arabahmet K\u00fclt\u00fcrevi\u2019nin LTB\u2019nin s\u0131rt\u0131nda y\u00fck oldu\u011funu ve mekana harcanacak tek kuru\u015f paralar\u0131 olmad\u0131\u011f\u0131n\u0131 kaydetti. LTB\u2019nin i\u00e7inde bulundu\u011fu durumdan dolay\u0131 bu noktaya gelindi\u011fini ifade eden Fellaho\u011flu, ne olursa olsun art\u0131k geri d\u00f6n\u00fc\u015f\u00fcn olmad\u0131\u011f\u0131n\u0131 s\u00f6yledi.<\/span><\/p>\n<p><span style=\"color: #000000; font-family: Cambria; font-size: medium;\">Toplant\u0131 kat\u0131l\u0131mc\u0131lar\u0131n\u0131n birinin \u2018Hen\u00fcz daha GA\u00dc ile s\u00f6zle\u015fmeyi imzalamad\u0131n\u0131z. Sizin i\u00e7in ciddi ve ayaklar\u0131 yere basan bir \u00f6neri ile gelinmesi dahilinde de mi geri d\u00f6n\u00fc\u015f\u00fcn\u00fcz yok\u2019 sorusuna ise \u2018Hay\u0131r GA\u00dc ile s\u00f6zle\u015fme imzalanacak, geri d\u00f6n\u00fc\u015f\u00fc yok art\u0131k\u2019 cevab\u0131n\u0131 verdi.<\/span><\/p>\n<p><span style=\"color: #000000; font-family: Cambria; font-size: medium;\">\u00a0<\/span><\/p>\n<p><span style=\"color: #000000; font-family: Cambria; font-size: medium;\">\u0130hale karar\u0131n\u0131 kim ald\u0131<\/span><\/p>\n<p><span style=\"color: #000000; font-family: Cambria; font-size: medium;\">\u00d6te yandan toplant\u0131 ba\u015flarken yap\u0131lan sunumda LTB\u2019nin Arabahmet K\u00fclt\u00fcrevi ihalesine usuls\u00fcz bir \u015fekilde \u00e7\u0131kt\u0131\u011f\u0131 belirtildi. Buna g\u00f6re ihaleye \u00e7\u0131kmak i\u00e7in ilkin LTB K\u00fclt\u00fcr Sanat Komitesi\u2019nin onay\u0131na ard\u0131ndan da LTB Meclisi onay\u0131na ihtiya\u00e7 var. Fakat toplant\u0131da yap\u0131lan sunumda Arabahmet K\u00fclt\u00fcrevi\u2019nin devredildi\u011fi \u015firket taraf\u0131ndan ihaleye \u00e7\u0131k\u0131ld\u0131\u011f\u0131 ifade edildi. \u0130\u015fte s\u00f6z konusu b\u00f6l\u00fcm:<\/span><\/p>\n<p><span style=\"color: #000000; font-family: Cambria; font-size: medium;\">\u00a0<\/span><\/p>\n<ul>\n<li>Haziran 2011 tarihli belediyeden yap\u0131lan a\u00e7\u0131klamada, arabahmet k\u00fclt\u00fcrevinin tahsis edilmeyece\u011fi s\u00f6ylenirken aynen \u015f\u00f6yle denmi\u015fti: b\u00f6yle bir tahsisin ger\u00e7ekle\u015fmesi i\u00e7in \u00f6nce Lefko\u015fa Belediye Meclisi K\u00fclt\u00fcr Sanat Komitesi\u2019nin onay\u0131, sonras\u0131nda Lefko\u015fa Belediye Meclisi\u2019nin karar\u0131 gerekir.\u201d <b>Bug\u00fcn bu bina verilirken ne K\u00fclt\u00fcr Sanat Komitesinin onay\u0131 ne de Belediye Meclisinin karar\u0131 vard\u0131r! Arabahmet b\u00f6lgesindeki binalar \u015firkete devredilmi\u015f, halk\u0131n se\u00e7ti\u011fi Belediye Meclisi by pass edilerek bu mallar i\u00e7in ihaleye \u00e7\u0131kma, kiralama yetkileri \u015firkete b\u0131rak\u0131lm\u0131\u015ft\u0131r. <\/b>\n<p>&nbsp;<\/p>\n<p>&#8230;<\/p>\n<p>&nbsp;<\/li>\n<li>Sonu\u00e7ta Ocak ay\u0131nda Belediye de\u011fil \u015eirket, Arabahmet K\u00fclt\u00fcrevi\u2019ni kiralamak i\u00e7in ihaleye \u00e7\u0131kt\u0131. \u0130hale sonu\u00e7lar\u0131n\u0131 Belediye Meclisi de\u011fil \u015eirket de\u011ferlendirdi. \u0130haleye sadece GA\u00dc ve Mimarlar Odas\u0131 telkif verdi ve \u015eirket, binan\u0131n GA\u00dc\u2019ye kiralanmas\u0131na karar verildi.\n<p>&nbsp;<\/p>\n<p>&nbsp;<\/p>\n<p>&nbsp;<\/p>\n<p>&nbsp;<\/p>\n<p>&nbsp;<\/p>\n<p>&nbsp;<\/p>\n<p>Toplant\u0131 Arabahmet\u2019in \u00f6zelle\u015ftirilmesine kar\u015f\u0131 m\u00fccadeleye devam karar\u0131 ile sona erdi.<\/p>\n<p>&nbsp;<\/p>\n<p>&nbsp;<\/p>\n<p>&nbsp;<\/p>\n<p>&nbsp;<\/p>\n<p><b>Arabahmet K\u00fclt\u00fcrevi\u2019nin \u00f6zelle\u015ftirilmesi s\u00fcrecini anlatan ve toplant\u0131da okunan sunumun tam metni:<\/b><\/p>\n<p>&nbsp;<\/li>\n<li>\u201c2004 y\u0131l\u0131nda (bir yerde de 2003 yaz\u0131yor) \u201cArabahmet B\u00f6lgesi Geli\u015ftirme \u015eirketi\u201d ad\u0131nda bir \u015firket kuruldu. (Limited \u015firket) B\u00f6lgedeki binalar\u0131n restorasyonu ve b\u00f6lgenin geli\u015ftirilmesi\u00a0 amac\u0131yla ve \u00e7e\u015fitli uluslararas\u0131 fonlardan yararlanmak i\u00e7in kurulan bu \u015firketin %80 hissesi Belediye\u2019ye ait. \u015eirketin di\u011fer hissedarlar\u0131 ise b\u00f6lgedeki baz\u0131 mal sahiplerine ait. (\u00d6rne\u011fin: Mimar Y\u00fccem Er\u00f6nen, Avukat \u015eefika Duduran, Behiye M\u00fcft\u00fczade, Erten Kas\u0131mo\u011flu&#8230;)\u00a0 \u015eirketin direkt\u00f6rleri: Belediye Ba\u015fkan\u0131, Asba\u015fkan\u0131, Belediye Meclisi \u00fcyesi (\u015fu an Onur Olguner) ile b\u00f6lgedeki \u00f6zel m\u00fclk sahibi hissedarlardan olu\u015fuyor.\n<p>&nbsp;<\/li>\n<li>\u015eirket k\u0131sa bir s\u00fcre restorasyon, geli\u015ftirme gibi ama\u00e7larla kullan\u0131lsa da daha sonra gereksiz ve kontrols\u00fcz y\u00fczlerce istihdam\u0131n yap\u0131ld\u0131\u011f\u0131, b\u00fct\u00e7enin binaya veya k\u00fclt\u00fcr-sanata de\u011fil istihdamlara harcand\u0131\u011f\u0131, Arabahmet binas\u0131na ve b\u00f6lgesine hi\u00e7bir katk\u0131s\u0131 olmayan, k\u00fclt\u00fcrel sanatsal faaliyetlerle alakas\u0131 olmayan, dolay\u0131s\u0131yla Belediye\u2019ye ve Arabahmet\u2019e zarar veren bir kurum haline geldi.\n<p>&nbsp;<\/li>\n<li>Bu s\u00fcre\u00e7te Arabahmet K\u00fclt\u00fcrevi sahnesi \u00f6nceleri \u00fccretsiz olarak daha sonra ise (2010 y\u0131l\u0131ndan itibaren) Belediye\u2019ye kira \u00f6denerek \u00e7e\u015fitli tiyatro gruplar\u0131 ve derneklerce kullan\u0131ld\u0131. Ayr\u0131ca binadaki baz\u0131 odalar \u00e7e\u015fitli derneklere lokal olarak da kiralanm\u0131\u015ft\u0131.\n<p>&nbsp;<\/li>\n<li>Binan\u0131n kontrol\u00fc Belediye\u2019de idi ve tiyatro salonunu kullanmak isteyen ki\u015fi veya \u00f6rg\u00fctler, Belediye\u2019ye ba\u015fvurarak ve Belediye veznesine kira \u00f6deyerek salonu kullanmaktayd\u0131lar. Bu ba\u015fvurularda oyunlar\u0131n veya etkinliklerin i\u00e7eri\u011fi s\u00f6z konusu edilmiyor sadece salonun bo\u015f olmas\u0131 ko\u015fuluyla Arabahmet K\u00fclt\u00fcrevi kullan\u0131labiliyordu.\n<p>&nbsp;<\/li>\n<li>Arabahmet K\u00fclt\u00fcrevi, her ge\u00e7en y\u0131l daha da bak\u0131ms\u0131z ve at\u0131l hale getirildi. Tiyatro salonunun koltuklar\u0131ndan sahnesine, \u0131\u015f\u0131klar\u0131ndan \u0131s\u0131tma so\u011futma sistemine kadar her t\u00fcrl\u00fc aksam\u0131n\u0131n bozuldu\u011fu defalarca taraf\u0131m\u0131zdan Belediye\u2019ye bildirilmesine ra\u011fmen Belediye taraf\u0131ndan hi\u00e7bir bak\u0131m ve onar\u0131m yap\u0131lmad\u0131. Bizler ve bildi\u011fimiz ba\u015fka tiyatro topluluklar\u0131 \u00f6rne\u011fin Lefko\u015fa Sanat Tiyatrosu, kendi imkanlar\u0131m\u0131zla sahneyi ve salonu tamir etmeye, \u0131\u015f\u0131k sat\u0131n al\u0131p takarak, ses sistemini tamir ettirerek, k\u0131r\u0131lan kap\u0131lar\u0131 ve koltuklar\u0131 onararak binay\u0131 ayakta tutmaya \u00e7abalad\u0131k.\n<p>&nbsp;<\/li>\n<li>2011 y\u0131l\u0131ndaki oyunumuzun bro\u015f\u00fcr\u00fcnde de Belediyenin bu tutumunu protesto ederken \u015fu s\u00f6zleri kullanm\u0131\u015ft\u0131k: \u201c<i>maddi g\u00fc\u00e7l\u00fckler i\u00e7indeki amat\u00f6r ekiplerin imkan yaratarak kira \u00f6dedi\u011fi Arabahmet K\u00fclt\u00fcrevi\u2019ne seyirci ve oyuncu konforu bak\u0131m\u0131ndan hi\u00e7 bir yat\u0131r\u0131m yapmayan Lefko\u015fa T\u00fcrk Belediyesi\u2019ne <b>TE\u015eEKK\u00dcRLER&#8230;\u201d<\/b><\/i>\n<p>&nbsp;<\/li>\n<li>2011 y\u0131l\u0131nda Cemal Buluto\u011flu\u2019nun Belediye Ba\u015fkanl\u0131\u011f\u0131 d\u00f6neminde Arabahmet K\u00fclt\u00fcrevi\u2019nin Halk\u0131n Adalet Konseyi ad\u0131 verilen baz\u0131 derneklerden olu\u015fan bir gruba devredilece\u011fi haberini al\u0131nca, Belediye Ba\u015fkan\u0131 ile g\u00f6r\u00fc\u015fmek istedik ancak \u0131srarl\u0131 randevu taleplerimize hi\u00e7bir yan\u0131t alamad\u0131k. K\u00fclt\u00fcr sanata duyarl\u0131 baz\u0131 Belediye Meclisi \u00fcyeleri ve Belediye i\u00e7erisinde etkisi olan sanat\u00e7\u0131lar arac\u0131l\u0131\u011f\u0131yla Belediye\u2019yi bu yanl\u0131\u015f karardan vaz ge\u00e7irebildik. Ayr\u0131ca Belediye \u00f6n\u00fcnde bir bas\u0131n a\u00e7\u0131klamas\u0131 ve sokak tiyatrosu yaparak Arabahmet\u2019e sahip \u00e7\u0131kt\u0131\u011f\u0131m\u0131z\u0131 vurgulad\u0131k. O zaman da \u015f\u00f6yle demi\u015ftik: Arabahmet\u2019i bir k\u00fclt\u00fcr sanat merkezi haline getiren b\u00fct\u00fcn dernekler, Arabahmet binas\u0131n\u0131n korunmas\u0131n\u0131 ve geli\u015ftirilmesini arzulamaktad\u0131r. K\u00fclt\u00fcr sanata destek oldu\u011funu iddia eden Buluto\u011flular\u0131\u2019ndan, Arabahmet K\u00fclt\u00fcr Evi\u2019ne gereken bak\u0131m ve onar\u0131m\u0131 yapmas\u0131n\u0131 talep ediyoruz. Ne yaz\u0131k ki ba\u015fkentimizin nadir tiyatro salonlar\u0131ndan birinde, izleyici koltuklar\u0131 k\u0131r\u0131k, ses ve \u0131\u015f\u0131k sistemi yetersiz,\u00a0 tuvaletler bozuk, bina harap haldedir. Arbahmet K\u00fclt\u00fcr Evi\u2019nin Lefko\u015fa\u2019ya ve Lefko\u015fal\u0131lara yara\u015f\u0131r bir hale getirlmesi hi\u00e7 de zor de\u011fildir. Bu konuda giri\u015fimde bulunulmas\u0131 halinde, bizler Baraka Tiyatro Ekibi olarak her t\u00fcrl\u00fc emek g\u00fcc\u00fcn\u00fc ortaya koymaya haz\u0131r\u0131z. <b>\u00d6zelle\u015ftirmeler, \u00f6nce verimsiz k\u0131lma ve at\u0131l durumda b\u0131rakma ile ba\u015flar ve sonra kurum i\u015fe yaramaz hale gelince de kamudan \u00e7\u0131kar\u0131l\u0131p \u00f6zle devredilir. Arabahmet K\u00fclt\u00fcr Evi\u2019nin belli bir gruba de\u011fil t\u00fcm \u00f6rg\u00fctlere ve halka ait bir de\u011fer olarak kalmas\u0131 i\u00e7in konunun takip\u00e7isi olaca\u011f\u0131z.<\/b>\n<p>&nbsp;<\/li>\n<li>Haziran 2011 tarihli belediyeden yap\u0131lan a\u00e7\u0131klamada, arabahmet k\u00fclt\u00fcrevinin tahsis edilmeyece\u011fi s\u00f6ylenirken aynen \u015f\u00f6yle denmi\u015fti: b\u00f6yle bir tahsisin ger\u00e7ekle\u015fmesi i\u00e7in \u00f6nce Lefko\u015fa Belediye Meclisi K\u00fclt\u00fcr Sanat Komitesi\u2019nin onay\u0131, sonras\u0131nda Lefko\u015fa Belediye Meclisi\u2019nin karar\u0131 gerekir.\u201d <b>Bug\u00fcn bu bina verilirken ne K\u00fclt\u00fcr Sanat Komitesinin onay\u0131 ne de Belediye Meclisinin karar\u0131 vard\u0131r! Arabahmet b\u00f6lgesindeki binalar \u015firkete devredilmi\u015f, halk\u0131n se\u00e7ti\u011fi Belediye Meclisi by pass edilerek bu mallar i\u00e7in ihaleye \u00e7\u0131kma, kiralama yetkileri \u015firkete b\u0131rak\u0131lm\u0131\u015ft\u0131r. <\/b>\n<p>&nbsp;<\/li>\n<li>Eyl\u00fcl 2013\u2019te Arabahmet konusu ve \u015firketin canland\u0131r\u0131lmas\u0131 g\u00fcndeme geldi. Ve Belediye \u015firketin genel kururlunun yap\u0131larak tekrar devreye sokulmas\u0131 ve b\u00f6lgedeki gelir getirici m\u00fclkleri \u015firketin kullanmas\u0131 s\u00fcrecine girdi.\u00a0 Bunun \u00fczerine &#8220;Belediye Kimin Mal\u0131n\u0131 Kime Veriyor! Arabahmet K\u00fclt\u00fcr Evi Halk\u0131nd\u0131r!&#8221;\u00a0 ba\u015fl\u0131kl\u0131 bas\u0131n a\u00e7\u0131klamas\u0131 yapm\u0131\u015f ve Belediye\u2019yi uyarm\u0131\u015ft\u0131k. Bu a\u00e7\u0131klamada \u015funlar\u0131 dile getirmi\u015ftik: Belediyenin de orta\u011f\u0131 oldu\u011fu bir i\u015fletme de olsa, belde halk\u0131na ait olan mallar ve t\u00fcm insanl\u0131\u011fa mal olmu\u015f tarihi\/k\u00fclt\u00fcrel de\u011ferler \u00fczerinde ancak halk\u0131n se\u00e7ti\u011fi Belediye Meclisi karar verebilir. Beldemize ait yerler, \u015fehrimizdeki tarihi ve k\u00fclt\u00fcrel de\u011ferler hakk\u0131nda bir \u015firket istedi\u011fini yapabilecekse Belediye Meclisi ne yapmaktad\u0131r ve niye se\u00e7ilmi\u015flerdir? Ayr\u0131ca belediyenin i\u00e7inde bulundu\u011fu ekonomik s\u0131k\u0131nt\u0131lar ve personel fazlal\u0131\u011f\u0131 ortada dururken, belediyeye ait gelir getirici m\u00fclkleri ve kaynaklar\u0131 bir \u015firkete devretmek ak\u0131l d\u0131\u015f\u0131d\u0131r. Belediye, \u201c\u00f6zelle\u015ftirelim kurtulal\u0131m\u201d demek yerine do\u011fru bir bak\u0131\u015f a\u00e7\u0131s\u0131yla bu m\u00fclk ve de\u011ferleri, hem kamu yarar\u0131n\u0131 hem de belediyenin \u00e7\u0131kar\u0131n\u0131 g\u00f6zeterek y\u00f6netebilir.\n<p>&nbsp;<\/li>\n<li>Ekim 2013\u2019te bu g\u00f6r\u00fc\u015flerimizi bir dilek\u00e7e haline getirerek Belediye Ba\u015fkan\u0131\u2019na b\u00fct\u00fcn Belediye Meclisi \u00fcyelerine bir mektup yazd\u0131k ve ilettik.\n<p>&nbsp;<\/li>\n<li>Bas\u0131n ve kamuoyuyla payla\u015ft\u0131\u011f\u0131m\u0131z, dilek\u00e7e olarak Belediye Ba\u015fkan\u0131 ve Meclis \u00dcyelerine verdi\u011fimiz bu g\u00f6r\u00fc\u015f ve taleplerimizi anlatmak ve s\u00fcre\u00e7 hakk\u0131nda Belediye\u2019nin tavr\u0131n\u0131 en yetkili a\u011f\u0131zdan \u00f6\u011frenmek i\u00e7in Belediye Ba\u015fkan\u0131 Kadri Fellaho\u011flu ile Ekim 2013\u2019te g\u00f6r\u00fc\u015ft\u00fck. Bu g\u00f6r\u00fc\u015fmede binan\u0131n \u00f6zelle\u015ftirilmemesi konusunda tam bir uzla\u015f\u0131 sa\u011flayamasak da tiyatro salonunun Belediyenin ve halk\u0131n kullan\u0131m\u0131nda kalaca\u011f\u0131, derneklerin ve tiyatrolar\u0131n sahneyi rahatl\u0131kla kullanabilece\u011fi ve Belediye\u2019yi muhatap almaya devam edece\u011fi s\u00f6z\u00fcn\u00fc alm\u0131\u015ft\u0131k.\n<p>&nbsp;<\/li>\n<li>Sonu\u00e7ta Ocak ay\u0131nda Belediye de\u011fil \u015eirket, Arabahmet K\u00fclt\u00fcrevi\u2019ni kiralamak i\u00e7in ihaleye \u00e7\u0131kt\u0131. \u0130hale sonu\u00e7lar\u0131n\u0131 Belediye Meclisi de\u011fil \u015eirket de\u011ferlendirdi. \u0130haleye sadece GA\u00dc ve Mimarlar Odas\u0131 telkif verdi ve \u015eirket, binan\u0131n GA\u00dc\u2019ye kiralanmas\u0131na karar verildi.\n<p>&nbsp;<\/li>\n<li><b>GA\u00dc, teklifinde \u00e7ocuk oyuncaklar\u0131 m\u00fczesinden cafe-restoranta kadar \u00e7ok \u015feyler yapaca\u011f\u0131n\u0131 s\u00f6ylemektedir. Binan\u0131n bu ama\u00e7larla kullan\u0131lmas\u0131 halinde derneklerin etkinliklerini ve tiyatro topluluklar\u0131n\u0131n oyunlar\u0131n\u0131 bu binada yapabilmesi zaten olanaks\u0131z olacakt\u0131r. Ancak daha da \u00f6nemlisi ortalama bir dikkatle bile bak\u0131ld\u0131\u011f\u0131nda g\u00f6r\u00fcnen tablo \u015fu; GA\u00dc Sahne Sanatlar\u0131 b\u00f6l\u00fcm\u00fc i\u00e7in kendine bir kamp\u00fcs kiralamak istedi ve haz\u0131rda sahnesi olan bir bina bulup olduk\u00e7a ucuz bir fiyata kiralad\u0131. Aynen \u015f\u00f6yle diyorlar tekliflerinde:<\/b><\/li>\n<\/ul>\n<p><span style=\"color: #000000;\">\u00a0<\/span><\/p>\n<p><span style=\"color: #000000; font-size: medium;\">Girne Amerikan \u00dcniversitesi, ilgili salonu, yine amac\u0131na uygun olarak, gereken tadilatlar\u0131 yapt\u0131ktan sonra (salon genel bak\u0131m, klima, ses ve \u0131\u015f\u0131k sistemleri, sahne perdesi, sahne zemin bak\u0131m ve onar\u0131m) <b>Sahne Sanatlar\u0131 G\u00f6sterim Merkezi olarak kullanacakt\u0131r.<\/b> GAU Sahne Sanatlar\u0131 Y\u00fcksek okulunun, y\u0131l i\u00e7erisinde ger\u00e7ekle\u015ftirece\u011fi, onlarca dans ve tiyatro g\u00f6sterilerine, hatta GAU Tiyatro Kul\u00fcb\u00fc ve GAU Etkinlik birimi \u00f6nderli\u011finde her y\u0131l \u00fcniversiteler aras\u0131 ger\u00e7ekle\u015fen \u00dcniversiteler Aras\u0131 Geleneksel Tiyatro G\u00f6sterileri organizasyonunun Arabahmet K\u00fclt\u00fcr Evi\u2019nde ger\u00e7ekle\u015ftirilmesi sa\u011flanacakt\u0131r. <\/span><\/p>\n<p><span style=\"color: #000000; font-size: medium;\">\u00a0<\/span><\/p>\n<p><span style=\"color: #000000; font-size: medium;\">\u00a0<\/span><\/p>\n<ul>\n<li>Hen\u00fcz GA\u00dc\u2019yle s\u00f6zle\u015fme yap\u0131lmad\u0131 ama \u015fu \u015fartlar\u0131n s\u00f6zle\u015fmede olaca\u011f\u0131 Belediye taraf\u0131ndan a\u00e7\u0131kland\u0131:<\/li>\n<\/ul>\n<p><span style=\"color: #000000; font-size: medium;\">Binan\u0131n \u0131s\u0131tma\/so\u011futma sistemi elden ge\u00e7irilecek, \u00e7\u00fcr\u00fcyen ah\u015fap parkeler yenilenecek, binan\u0131n su ve ayd\u0131nlatma altyap\u0131s\u0131 elden ge\u00e7irilecek, ba\u015fta binay\u0131 kullanacak ST\u00d6\u2019ler, dernek, vak\u0131f ve kurumlar olmak \u00fczere t\u00fcm vatanda\u015flar\u0131n da faydalanabilece\u011fi bir kafeterya a\u00e7\u0131lacak, daha kaliteli ve modern hizmet verilebilmesi amac\u0131yla teknik ekipman ve elektrik sistemi de iyile\u015ftirilecek, bina i\u00e7erisinde bir m\u00fcze a\u00e7\u0131lacak.<\/span><\/p>\n<p><span style=\"color: #000000; font-size: medium;\">Arabahmet B\u00f6lgesi Geli\u015ftirme \u015eirketi binay\u0131 30 g\u00fcn \u00f6nceden bildirmek kayd\u0131yla, y\u0131lda 45 g\u00fcn\u00fc ge\u00e7memek \u015fart\u0131yla kullanabilecek veya uygun g\u00f6rd\u00fc\u011f\u00fc kurulu\u015flara kulland\u0131rabilecek ve \u00e7e\u015fitli etkinlikler d\u00fczenleyebilecek.<\/span><\/p>\n<p><span style=\"color: #000000; font-size: medium;\">Bu etkinlikler i\u00e7in kullan\u0131c\u0131lar 250TL \u00f6deyecek. Amat\u00f6r tiyatro gruplar\u0131n\u0131n 100TL kira \u00f6deyecek. \u0130nsanc\u0131l bir ama\u00e7 do\u011frultusunda herhangi bir vakfa veya derne\u011fe ba\u011f\u0131\u015flanmak \u00fczere yap\u0131lacak sosyal sorumluluk projelerinde veya LTB\u2019nin kendi etkinlinliklerinde herhangi bir \u00fccret talep edilmeyecek.<\/span><\/p>\n<ul>\n<li>Sal\u0131 g\u00fcnk\u00fc Belediye Ba\u015fkan\u0131 ve Meclis \u00dcyesi Onur Olguner ve projeler sorumlusu Ali G\u00fcralp ile g\u00f6r\u00fc\u015fme.\u00a0 (Merter)<\/li>\n<\/ul>\n<p><span style=\"color: #000000; font-size: medium;\">\u00a0<\/span><\/p>\n<ul>\n<li><b>Belediyeler Yasas\u0131 madde 20 Belediye\u2019ye k\u00fclt\u00fcr ile ilgili \u015fu g\u00f6revleri veriyor:<\/b><\/li>\n<\/ul>\n<table border=\"0\" cellspacing=\"0\" cellpadding=\"0\">\n<tbody>\n<tr>\n<td valign=\"top\" width=\"92\"><span style=\"color: #000000; font-family: Cambria; font-size: medium;\">\u00a0<\/span><\/td>\n<td valign=\"top\" width=\"391\"><span style=\"font-family: Cambria;\"><span style=\"font-size: medium;\"><span style=\"color: #000000;\">Milli ve tarihi k\u00fclt\u00fcr ve sanat\u0131n korunmas\u0131na, geli\u015ftirilmesine hizmet etmek, bu konudaki \u00e7al\u0131\u015fmalara katk\u0131da bulunmak, destek vermek;\u00a0\u00a0\u00a0 <\/span><\/span><\/span><\/p>\n<p><span style=\"color: #000000; font-family: Cambria; font-size: medium;\">Olanaklar \u00f6l\u00e7\u00fcs\u00fcnde belediye tiyatrosu, sinemas\u0131, m\u00fczesi, sosyal ama\u00e7l\u0131 salonlar, k\u00fct\u00fcphane, okuma salonlar\u0131, \u00e7ocuk kitapl\u0131klar\u0131, konservatuvar ve di\u011fer k\u00fclt\u00fcr tesisleri, belde halk\u0131na beceri kazand\u0131ran kurslar a\u00e7mak, hizmete haz\u0131r halde bulundurmak;<\/span><\/td>\n<\/tr>\n<\/tbody>\n<\/table>\n<p><b><span style=\"color: #000000; font-size: medium;\">Dolay\u0131s\u0131yla belediye, bir \u00f6zel \u00fcniversiteye kamp\u00fcs veya restorant a\u00e7mas\u0131 i\u00e7in imkan sa\u011flamakla de\u011fil elindeki k\u00fclt\u00fcr-sanat binalar\u0131n\u0131 yasadaki ama\u00e7larla, belde halk\u0131na a\u00e7\u0131k bir \u015fekilde kullanmak sorumlulu\u011fundad\u0131r.\u201d<\/span><\/b><\/p>\n","protected":false},"excerpt":{"rendered":"<p>Arabahmet K\u00fclt\u00fcrevi\u2019nin GA\u00dc\u2019ye devredilmesi ve \u00f6zelle\u015ftirme s\u00fcreciyle ba\u015flayan tepki ve eylem s\u00fcreci ge\u00e7ti\u011fimiz g\u00fcn ger\u00e7ekle\u015ftirilen kitle toplant\u0131s\u0131 ile devam etmekte. \u00a0 Baraka taraf\u0131ndan yap\u0131lan \u00e7a\u011fr\u0131<\/p>\n","protected":false},"author":1,"featured_media":2177,"comment_status":"open","ping_status":"open","sticky":false,"template":"","format":"standard","meta":{"jetpack_post_was_ever_published":false,"_jetpack_newsletter_access":"","_jetpack_newsletter_tier_id":0,"jetpack_publicize_message":"","jetpack_is_tweetstorm":false,"jetpack_publicize_feature_enabled":true,"jetpack_social_post_already_shared":true,"jetpack_social_options":{"image_generator_settings":{"template":"highway","enabled":false}}},"categories":[1],"tags":[],"jetpack_publicize_connections":[],"jetpack_featured_media_url":"https:\/\/baraka.cc\/wp-content\/uploads\/2014\/02\/photo.jpg","jetpack_shortlink":"https:\/\/wp.me\/p4eHWX-z6","jetpack_sharing_enabled":true,"_links":{"self":[{"href":"https:\/\/baraka.cc\/index.php?rest_route=\/wp\/v2\/posts\/2176"}],"collection":[{"href":"https:\/\/baraka.cc\/index.php?rest_route=\/wp\/v2\/posts"}],"about":[{"href":"https:\/\/baraka.cc\/index.php?rest_route=\/wp\/v2\/types\/post"}],"author":[{"embeddable":true,"href":"https:\/\/baraka.cc\/index.php?rest_route=\/wp\/v2\/users\/1"}],"replies":[{"embeddable":true,"href":"https:\/\/baraka.cc\/index.php?rest_route=%2Fwp%2Fv2%2Fcomments&post=2176"}],"version-history":[{"count":2,"href":"https:\/\/baraka.cc\/index.php?rest_route=\/wp\/v2\/posts\/2176\/revisions"}],"predecessor-version":[{"id":2179,"href":"https:\/\/baraka.cc\/index.php?rest_route=\/wp\/v2\/posts\/2176\/revisions\/2179"}],"wp:featuredmedia":[{"embeddable":true,"href":"https:\/\/baraka.cc\/index.php?rest_route=\/wp\/v2\/media\/2177"}],"wp:attachment":[{"href":"https:\/\/baraka.cc\/index.php?rest_route=%2Fwp%2Fv2%2Fmedia&parent=2176"}],"wp:term":[{"taxonomy":"category","embeddable":true,"href":"https:\/\/baraka.cc\/index.php?rest_route=%2Fwp%2Fv2%2Fcategories&post=2176"},{"taxonomy":"post_tag","embeddable":true,"href":"https:\/\/baraka.cc\/index.php?rest_route=%2Fwp%2Fv2%2Ftags&post=2176"}],"curies":[{"name":"wp","href":"https:\/\/api.w.org\/{rel}","templated":true}]}}