{"id":2181,"date":"2014-02-11T09:21:51","date_gmt":"2014-02-11T07:21:51","guid":{"rendered":"https:\/\/baraka.cc\/?p=2181"},"modified":"2014-02-11T09:21:51","modified_gmt":"2014-02-11T07:21:51","slug":"basin-aciklamasi","status":"publish","type":"post","link":"https:\/\/baraka.cc\/?p=2181","title":{"rendered":"Bas\u0131n A\u00e7\u0131klamas\u0131"},"content":{"rendered":"<div id=\"yui_3_13_0_ym1_1_1392103091422_2636\"><span id=\"yui_3_13_0_ym1_1_1392103091422_2638\"><a href=\"https:\/\/baraka.cc\/wp-content\/uploads\/2014\/02\/image-1.jpeg\"><img decoding=\"async\" loading=\"lazy\" class=\"alignleft size-thumbnail wp-image-2170\" alt=\"image (1)\" src=\"https:\/\/baraka.cc\/wp-content\/uploads\/2014\/02\/image-1-150x150.jpeg\" width=\"150\" height=\"150\" srcset=\"https:\/\/baraka.cc\/wp-content\/uploads\/2014\/02\/image-1-150x150.jpeg 150w, https:\/\/baraka.cc\/wp-content\/uploads\/2014\/02\/image-1-200x200.jpeg 200w\" sizes=\"(max-width: 150px) 100vw, 150px\" \/><\/a>Baraka K\u00fclt\u00fcr Merkezi\u00a0yar\u0131n saat 13:00&#8217;da\u00a0Lefko\u015fa T\u00fcrk Belediyesi \u00f6n\u00fcnde Arabahmet K\u00fcltl\u00fcrevi&#8217;nin GA\u00dc&#8217;ye devri ve \u00f6zelle\u015ftirilme s\u00fcreci ile ilgili bas\u0131n a\u00e7\u0131klamas\u0131 ger\u00e7ekle\u015ftirecek.\u00a0<\/span><\/div>\n<div id=\"yui_3_13_0_ym1_1_1392103091422_2642\"><span id=\"yui_3_13_0_ym1_1_1392103091422_2641\">Ge\u00e7ti\u011fimiz hafta yap\u0131lan kitle toplant\u0131s\u0131n\u0131n genel e\u011filimini ve s\u00fcre\u00e7le ilgili tavr\u0131n\u0131 a\u00e7\u0131klayacak olan Baraka, m\u00fccadeleye devam karar\u0131 alm\u0131\u015ft\u0131.<\/span><\/div>\n<div id=\"yui_3_13_0_ym1_1_1392103091422_2643\"><\/div>\n<div id=\"yui_3_13_0_ym1_1_1392103091422_2646\"><span id=\"yui_3_13_0_ym1_1_1392103091422_2645\">T\u00fcm bas\u0131n emek\u00e7ilerinin\u00a0saat 13:00&#8217;da\u00a0LTB \u00f6n\u00fcndeki bas\u0131n a\u00e7\u0131klamam\u0131za ilgi g\u00f6stermesi \u00f6zlenir.\u00a0<\/span><\/div>\n<div id=\"yui_3_13_0_ym1_1_1392103091422_2647\"><\/div>\n","protected":false},"excerpt":{"rendered":"<p>Baraka K\u00fclt\u00fcr Merkezi\u00a0yar\u0131n saat 13:00&#8217;da\u00a0Lefko\u015fa T\u00fcrk Belediyesi \u00f6n\u00fcnde Arabahmet K\u00fcltl\u00fcrevi&#8217;nin GA\u00dc&#8217;ye devri ve \u00f6zelle\u015ftirilme s\u00fcreci ile ilgili bas\u0131n a\u00e7\u0131klamas\u0131 ger\u00e7ekle\u015ftirecek.\u00a0 Ge\u00e7ti\u011fimiz hafta yap\u0131lan kitle toplant\u0131s\u0131n\u0131n<\/p>\n","protected":false},"author":1,"featured_media":2170,"comment_status":"open","ping_status":"open","sticky":false,"template":"","format":"standard","meta":{"jetpack_post_was_ever_published":false,"_jetpack_newsletter_access":"","_jetpack_newsletter_tier_id":0,"jetpack_publicize_message":"","jetpack_is_tweetstorm":false,"jetpack_publicize_feature_enabled":true,"jetpack_social_post_already_shared":true,"jetpack_social_options":{"image_generator_settings":{"template":"highway","enabled":false}}},"categories":[1],"tags":[],"jetpack_publicize_connections":[],"jetpack_featured_media_url":"https:\/\/baraka.cc\/wp-content\/uploads\/2014\/02\/image-1.jpeg","jetpack_shortlink":"https:\/\/wp.me\/p4eHWX-zb","jetpack_sharing_enabled":true,"_links":{"self":[{"href":"https:\/\/baraka.cc\/index.php?rest_route=\/wp\/v2\/posts\/2181"}],"collection":[{"href":"https:\/\/baraka.cc\/index.php?rest_route=\/wp\/v2\/posts"}],"about":[{"href":"https:\/\/baraka.cc\/index.php?rest_route=\/wp\/v2\/types\/post"}],"author":[{"embeddable":true,"href":"https:\/\/baraka.cc\/index.php?rest_route=\/wp\/v2\/users\/1"}],"replies":[{"embeddable":true,"href":"https:\/\/baraka.cc\/index.php?rest_route=%2Fwp%2Fv2%2Fcomments&post=2181"}],"version-history":[{"count":1,"href":"https:\/\/baraka.cc\/index.php?rest_route=\/wp\/v2\/posts\/2181\/revisions"}],"predecessor-version":[{"id":2182,"href":"https:\/\/baraka.cc\/index.php?rest_route=\/wp\/v2\/posts\/2181\/revisions\/2182"}],"wp:featuredmedia":[{"embeddable":true,"href":"https:\/\/baraka.cc\/index.php?rest_route=\/wp\/v2\/media\/2170"}],"wp:attachment":[{"href":"https:\/\/baraka.cc\/index.php?rest_route=%2Fwp%2Fv2%2Fmedia&parent=2181"}],"wp:term":[{"taxonomy":"category","embeddable":true,"href":"https:\/\/baraka.cc\/index.php?rest_route=%2Fwp%2Fv2%2Fcategories&post=2181"},{"taxonomy":"post_tag","embeddable":true,"href":"https:\/\/baraka.cc\/index.php?rest_route=%2Fwp%2Fv2%2Ftags&post=2181"}],"curies":[{"name":"wp","href":"https:\/\/api.w.org\/{rel}","templated":true}]}}