{"id":2183,"date":"2014-02-12T15:04:45","date_gmt":"2014-02-12T13:04:45","guid":{"rendered":"https:\/\/baraka.cc\/?p=2183"},"modified":"2014-02-12T15:04:45","modified_gmt":"2014-02-12T13:04:45","slug":"barakadan-ltbye-acik-cek","status":"publish","type":"post","link":"https:\/\/baraka.cc\/?p=2183","title":{"rendered":"Baraka\u2019dan LTB\u2019ye A\u00e7\u0131k \u00c7ek"},"content":{"rendered":"<p><b style=\"line-height: 1.5em;\"><a href=\"https:\/\/baraka.cc\/wp-content\/uploads\/2014\/02\/3-1.jpg\"><img decoding=\"async\" class=\"alignleft  wp-image-2184\" alt=\"3 (1)\" src=\"https:\/\/baraka.cc\/wp-content\/uploads\/2014\/02\/3-1-1024x680.jpg\" width=\"200\" srcset=\"https:\/\/baraka.cc\/wp-content\/uploads\/2014\/02\/3-1-1024x680.jpg 1024w, https:\/\/baraka.cc\/wp-content\/uploads\/2014\/02\/3-1-300x199.jpg 300w\" sizes=\"(max-width: 1024px) 100vw, 1024px\" \/><\/a> B<\/b><b>araka K\u00fclt\u00fcr Merkezi LTB \u00f6n\u00fcnde bas\u0131n a\u00e7\u0131klamas\u0131 yaparak Arabahmet K\u00fclt\u00fcrevi\u2019nin GA\u00dc\u2019ye verilerek \u00f6zelle\u015ftirme s\u00fcrecinin h\u0131zland\u0131r\u0131lmas\u0131n\u0131 protesto etti.<\/b><\/p>\n<p><b>\u00a0<\/b><\/p>\n<p><b>Toplumsal bir seferberlik \u00e7a\u011fr\u0131s\u0131 yap\u0131larak Arabahmet K\u00fclt\u00fcrevi\u2019nin iyile\u015ftirilebilece\u011fini ve LTB\u2019nin elinde kalarak i\u015fletilebilece\u011fini \u00f6neren Baraka aktivitleri ayr\u0131ca LTB\u2019ye \u2018a\u00e7\u0131k \u00e7ek\u2019 verdiler.<\/b><\/p>\n<p>&nbsp;<\/p>\n<p>Baraka K\u00fclt\u00fcr Merkezi, Arabahmet K\u00fclt\u00fcr Evi\u2019nin Girne Amerikan \u00dcniversitesi\u2019ne (GA\u00dc) devredilmesine kar\u015f\u0131 oldu\u011funu belirterek, Lefko\u015fa T\u00fcrk Belediyesi\u2019ni (LTB) bu karar\u0131ndan vazge\u00e7meye \u00e7a\u011f\u0131rd\u0131.<\/p>\n<p>&nbsp;<\/p>\n<p>LTB y\u00f6netiminin bu karar\u0131nda \u0131srar etmesi durumunda direni\u015f ve m\u00fccadeleye devam edece\u011fini belirtildi ve bu s\u00fcre\u00e7ten sonra daha farkl\u0131 eylem y\u00f6ntemlerine gidebileceklerini belirtti.<\/p>\n<p>&nbsp;<\/p>\n<p>Baraka K\u00fclt\u00fcr Merkezi bug\u00fcn, LTB \u00f6n\u00fcnde bas\u0131n a\u00e7\u0131klamas\u0131 yaparak, Arabahmet K\u00fclt\u00fcr Evi\u2019nin GA\u00dc\u2019ye devredilmesine ve \u00f6zelle\u015ftirme s\u00fcrecinin h\u0131zland\u0131r\u0131lmas\u0131na kar\u015f\u0131 oldu\u011funu vurgulad\u0131.<\/p>\n<p>&nbsp;<\/p>\n<p>Baraka, LTB\u2019ye sembolik a\u00e7\u0131k \u00e7ek de sunarak, LTB\u2019den\u00a0 \u201csermayenin \u00e7eki yerine k\u00fclt\u00fcre ve sanata duyarl\u0131 \u00f6rg\u00fctlerin ve sanat\u00e7\u0131lar\u0131n \u00e7ekini almas\u0131n\u0131\u201d talep etti.<\/p>\n<p>Bas\u0131n a\u00e7\u0131klamas\u0131n\u0131 okuyan \u0130smail \u00d6zu\u00e7ar LTB y\u00f6netimine ele\u015ftirilerde bulunarak \u201cGerek LTB ile yapt\u0131\u011f\u0131m\u0131z g\u00f6r\u00fc\u015fmelerde gerek eylemlerde, gerekse de kitle toplant\u0131s\u0131nda net bir \u015fekilde ifade etti\u011fimiz gibi Arabahmet K\u00fclt\u00fcrevi halka ait kamusal bir aland\u0131r ve halk i\u00e7in belediyecilik\u00a0yapt\u0131\u011f\u0131n\u0131 iddia edenler kamusal bir kurumu, \u00fczerine y\u00fck oldu\u011fu\u00a0gerek\u00e7esiyle ticari bir kuruma devredemez. Hele ki k\u00fclt\u00fcr sanat alan\u0131nda, kar amac\u0131 g\u00fcd\u00fclmeden halka hizmet sunulmas\u0131 \u00e7a\u011fda\u015f belediyecili\u011fin gere\u011fidir. Oysa ya\u015fanan s\u00fcre\u00e7\u00a0bize g\u00f6stermektedir ki \u00fclkemizdeki pek \u00e7ok temel haklar ve ihtiya\u00e7lar \u00f6zelle\u015ftirildi\u011fi gibi sanatsal \u00fcretim mekanlar\u0131 da sermaye ve kar g\u00fcd\u00fcs\u00fcyle hareket eden odaklar\u0131n eline verilmektedir\u201d kaydetti.<\/p>\n<p>LTB\u2019nin Arabahmet K\u00fclt\u00fcrevi\u2019ni GA\u00dc\u2019ye vermekten vazge\u00e7meye \u00e7a\u011f\u0131ran \u00d6zu\u00e7ar, LTB\u2019nin merkezi rol alaca\u011f\u0131 bir toplumsal seferberlik giri\u015fimi ile Arabahmet K\u00fclt\u00fcrevi\u2019nin iyile\u015ftirilebilece\u011fini ifade etti.<\/p>\n<p>&nbsp;<\/p>\n<p>\u00d6zu\u00e7ar bug\u00fcne dek iyi niyetli bir \u015fekilde s\u00fcrece yakla\u015ft\u0131klar\u0131n\u0131 belirtti ve bugunk\u00fc \u2018a\u00e7\u0131k \u00e7ek eyleminin de bunun bir g\u00f6stergesi oldu\u011funun ifade etti. \u00d6zu\u00e7ar bundan sonraki s\u00fcre\u00e7te farkl\u0131 eylem ve s\u00fcpriz \u00e7\u0131k\u0131\u015flar da yapabileceklerini s\u00f6yledi: \u201cS\u00fcre\u00e7 boyunca s\u00fcrekli olarak iyi niyetle yakla\u015ft\u0131k ve diyalog kurmakta \u0131srar ettik.\u00a0 Bug\u00fcn de bu iyi niyetimizin g\u00f6stergesi olarak toplumsal seferberlik talebine sahip \u00e7\u0131k\u0131yoruz ve LTB\u2019ye bunu i\u00e7in a\u00e7\u0131k \u00e7ek veriyoruz. Biz bu a\u00e7\u0131k \u00e7ek ile elimizden geleni ard\u0131m\u0131za koymayaca\u011f\u0131z. Ve inan\u0131yoruz ki bu \u00fclkenin daha pek \u00e7ok\u00a0 demokratik kitle \u00f6rg\u00fct\u00fc ve sanat\u00e7\u0131s\u0131, duyarl\u0131 bireyi de Arabahmet K\u00fclt\u00fcrevi\u2019nin kamusal bir kurum olarak varl\u0131\u011f\u0131na daha da iyi bir \u015fekilde devam etmesi i\u00e7in a\u00e7\u0131k \u00e7ek b\u0131rakacakt\u0131r.<\/p>\n<p>&nbsp;<\/p>\n<p>Bug\u00fcnk\u00fc eylemimiz s\u00fcre\u00e7 boyunca s\u00fcrd\u00fcrd\u00fc\u011f\u00fcm\u00fcz diyalog \u00e7abalar\u0131n\u0131n bir devam\u0131d\u0131r. Ancak e\u011fer ki LTB y\u00f6netim, bu yanl\u0131\u015ftan geri d\u00f6nmemekte kararl\u0131l\u0131\u011f\u0131n\u0131 s\u00fcrd\u00fcrecekse biz de direni\u015fte ve m\u00fccadelede kararl\u0131l\u0131\u011f\u0131m\u0131z\u0131 s\u00fcrd\u00fcrece\u011fiz. Bu s\u00fcre\u00e7ten sonra daha farkl\u0131 eylem y\u00f6ntemlerine gidebilece\u011fimizi kamuoyuyla payla\u015fmak istiyoruz. Bu bir d\u00f6n\u00fcm noktas\u0131d\u0131r. \u00c7\u00f6z\u00fcm ve Arabahmet K\u00fclt\u00fcrevi i\u00e7in uzatt\u0131\u011f\u0131m\u0131z elimiz havada kalmas\u0131n&#8230;\u201d<\/p>\n<p>&nbsp;<\/p>\n<p>Kamusal mekanlar\u0131n \u00f6nemine dikkat \u00e7eken \u00d6zu\u00e7ar \u015fu ifadeleri kulland\u0131: \u201c\u00d6zetle, kamusal mekanlara, k\u00fclt\u00fcr ve sanata sahip \u00e7\u0131kan halktan Belediye&#8217;ye a\u00e7\u0131k bir \u00e7ek verilmi\u015f durumda&#8230; Belediyenin, sermayenin \u00e7eki yerine k\u00fclt\u00fcre ve sanata duyarl\u0131 \u00f6rg\u00fctlerin ve sanat\u00e7\u0131lar\u0131n \u00e7ekini almas\u0131n\u0131 talep ediyoruz.\u201d<\/p>\n<p>&nbsp;<\/p>\n<p>&nbsp;<\/p>\n<p>Bas\u0131n a\u00e7\u0131klamas\u0131n\u0131n tam metni:<\/p>\n<p>&nbsp;<\/p>\n<p>&nbsp;<\/p>\n<p>&nbsp;<\/p>\n<p>&nbsp;<\/p>\n<p>&nbsp;<\/p>\n<p><a href=\"https:\/\/baraka.cc\/wp-content\/uploads\/2014\/02\/2-1.jpg\"><img decoding=\"async\" class=\"alignleft  wp-image-2185\" alt=\"2 (1)\" src=\"https:\/\/baraka.cc\/wp-content\/uploads\/2014\/02\/2-1-680x1024.jpg\" width=\"200\" srcset=\"https:\/\/baraka.cc\/wp-content\/uploads\/2014\/02\/2-1-680x1024.jpg 680w, https:\/\/baraka.cc\/wp-content\/uploads\/2014\/02\/2-1-199x300.jpg 199w, https:\/\/baraka.cc\/wp-content\/uploads\/2014\/02\/2-1.jpg 1424w\" sizes=\"(max-width: 680px) 100vw, 680px\" \/><\/a>Baraka K\u00fclt\u00fcr Merkezi olarak Arabahmet K\u00fclt\u00fcrevinin GA\u00dc\u2019ye devredilmesi ve \u00f6zelle\u015ftirme s\u00fcrecinin h\u0131zland\u0131r\u0131lmas\u0131na kar\u015f\u0131 yakla\u015f\u0131k bir ayd\u0131r \u00e7e\u015fitli eylemler, a\u00e7\u0131klamalar ve toplant\u0131lar yapmaktay\u0131z.<\/p>\n<p>&nbsp;<\/p>\n<p>Gerek LTB ile yapt\u0131\u011f\u0131m\u0131z g\u00f6r\u00fc\u015fmelerde gerek eylemlerde, gerekse de kitle toplant\u0131s\u0131nda net bir \u015fekilde ifade etti\u011fimiz gibi Arabahmet K\u00fclt\u00fcrevi halka ait kamusal bir aland\u0131r ve halk i\u00e7in belediyecilik\u00a0yapt\u0131\u011f\u0131n\u0131 iddia edenler kamusal bir kurumu, \u00fczerine y\u00fck oldu\u011fu\u00a0gerek\u00e7esiyle ticari bir kuruma devredemez. Hele ki k\u00fclt\u00fcr sanat alan\u0131nda, kar amac\u0131 g\u00fcd\u00fclmeden halka hizmet sunulmas\u0131 \u00e7a\u011fda\u015f belediyecili\u011fin gere\u011fidir. Oysa ya\u015fanan s\u00fcre\u00e7\u00a0bize g\u00f6stermektedir ki \u00fclkemizdeki pek \u00e7ok temel haklar ve ihtiya\u00e7lar \u00f6zelle\u015ftirildi\u011fi gibi sanatsal \u00fcretim mekanlar\u0131 da sermaye ve kar g\u00fcd\u00fcs\u00fcyle hareket eden odaklar\u0131n eline verilmektedir.<\/p>\n<p>&nbsp;<\/p>\n<p>Bir\u00e7ok kez dile getirdi\u011fimiz ve ge\u00e7ti\u011fimiz hafta yap\u0131lan kitle toplant\u0131s\u0131nda olgunlu\u011fa ula\u015ft\u0131\u011f\u0131 gibi Arabahmet K\u00fclt\u00fcrevi kamusal bir mekand\u0131r ve\u00a0kamunun i\u015fletmesinde olmal\u0131d\u0131r. Ancak bu \u015fekilde t\u00fcm derneklerin, \u00f6rg\u00fctlerin etkinliklerine ve \u00e7e\u015fitli tiyatrolar\u0131n oyunlar\u0131na ev sahipli\u011fi yapmaya devam edebilecektir.<\/p>\n<p>&nbsp;<\/p>\n<p>Hen\u00fcz ge\u00e7 de\u011fildir diyoruz ve LTB\u2019ni karar\u0131ndan vazge\u00e7meye davet ediyoruz. Toplumsal bir seferberlik ilan edilerek gerek demokratik kitle \u00f6rg\u00fctleri gerekse de\u00a0duyarl\u0131 sanat\u00e7\u0131 ve bireylerin LTB\u2019nin merkezi \u015fekilde rol alaca\u011f\u0131 bir s\u00fcre\u00e7le Arabahmet K\u00fclt\u00fcrevi hem y\u00fck olmaktan \u00e7\u0131kar hem de halk\u0131n kendi kurumu, \u00a0halk taraf\u0131ndan yeniden halka kazand\u0131r\u0131lm\u0131\u015f olur.<\/p>\n<p>&nbsp;<\/p>\n<p>S\u00fcre\u00e7 boyunca s\u00fcrekli olarak iyi niyetle yakla\u015ft\u0131k ve diyalog kurmakta \u0131srar ettik.\u00a0 Bug\u00fcn de bu iyi niyetimizin g\u00f6stergesi olarak toplumsal seferberlik talebine sahip \u00e7\u0131k\u0131yoruz ve LTB\u2019ye bunu i\u00e7in a\u00e7\u0131k \u00e7ek veriyoruz. Biz bu a\u00e7\u0131k \u00e7ek ile elimizden geleni ard\u0131m\u0131za koymayaca\u011f\u0131z. Ve inan\u0131yoruz ki bu \u00fclkenin daha pek \u00e7ok\u00a0 demokratik kitle \u00f6rg\u00fct\u00fc ve sanat\u00e7\u0131s\u0131, duyarl\u0131 bireyi de Arabahmet K\u00fclt\u00fcrevi\u2019nin kamusal bir kurum olarak varl\u0131\u011f\u0131na daha da iyi bir \u015fekilde devam etmesi i\u00e7in a\u00e7\u0131k \u00e7ek b\u0131rakacakt\u0131r.<\/p>\n<p>&nbsp;<\/p>\n<p>Bug\u00fcnk\u00fc eylemimiz s\u00fcre\u00e7 boyunca s\u00fcrd\u00fcrd\u00fc\u011f\u00fcm\u00fcz diyalog \u00e7abalar\u0131n\u0131n bir devam\u0131d\u0131r. Ancak e\u011fer ki LTB y\u00f6netim, bu yanl\u0131\u015ftan geri d\u00f6nmemekte kararl\u0131l\u0131\u011f\u0131n\u0131 s\u00fcrd\u00fcrecekse biz de direni\u015fte ve m\u00fccadelede kararl\u0131l\u0131\u011f\u0131m\u0131z\u0131 s\u00fcrd\u00fcrece\u011fiz. Bu s\u00fcre\u00e7ten sonra daha farkl\u0131 eylem y\u00f6ntemlerine gidebilece\u011fimizi kamuoyuyla payla\u015fmak istiyoruz. Bu bir d\u00f6n\u00fcm noktas\u0131d\u0131r. \u00c7\u00f6z\u00fcm ve Arabahmet K\u00fclt\u00fcrevi i\u00e7in uzatt\u0131\u011f\u0131m\u0131z elimiz havada kalmas\u0131n&#8230;<\/p>\n<p>&nbsp;<\/p>\n<p>&nbsp;<\/p>\n<p>Kitle toplant\u0131s\u0131nda al\u0131nan kararlar\u0131 burada sizlerle payla\u015f\u0131yoruz:<\/p>\n<p>&nbsp;<\/p>\n<p>LTB&#8217;nin Arabahmeti GA\u00dc\u2019ye devretmekten vazge\u00e7esin; K\u00fclt\u00fcrevi\u2019nin tadilat\u0131 i\u00e7in sivil toplum \u00f6rg\u00fctleriyle birlikte toplumsal seferberlik \u00e7a\u011fr\u0131s\u0131 yaps\u0131n.<\/p>\n<p>&nbsp;<\/p>\n<p>&nbsp;<\/p>\n<p>&nbsp;<\/p>\n<p>LTB\u2019nin toplumsal seferberlik \u00e7a\u011fr\u0131s\u0131 yaparak duyarl\u0131 ki\u015filerin, sanat\u00e7\u0131lar\u0131n ve demokratik kitle \u00f6rg\u00fctlerinin de s\u00fcrece dahil olmas\u0131yla Arabahmet\u2019in ihtiyac\u0131 olan tadilat\u0131 yap\u0131labilir ve elektik bor\u00e7lar\u0131 \u00f6denebilir.<\/p>\n<p>&nbsp;<\/p>\n<p>Arabahmet K\u00fclt\u00fcrevi iyile\u015ftirildi\u011fi ve LTB\u2019nin \u2018s\u0131rt\u0131na y\u00fck olmad\u0131\u011f\u0131\u2019 a\u015famadan itibaren LTB\u2019nin K\u00fclt\u00fcr Sanat Birimi taraf\u0131ndan y\u00f6netilsin.<\/p>\n<p>&nbsp;<\/p>\n<p>&nbsp;<\/p>\n<p>Ayr\u0131ca kitle toplant\u0131s\u0131na kat\u0131lan\u00a0birey ve \u00f6rg\u00fctler, Arabahmetin tadilat\u0131 ve ya\u015fat\u0131lmas\u0131 i\u00e7in katk\u0131 koymaya haz\u0131r olduklar\u0131n\u0131 belirtirken; belediyeden istenen \u015feyin sadece bu s\u00fcreci koordine etmesi oldu\u011funun alt\u0131 \u00e7izildi.<\/p>\n<p>&nbsp;<\/p>\n<p>\u00d6zetle, kamusal mekanlara, k\u00fclt\u00fcr ve sanata sahip \u00e7\u0131kan halktan Belediye&#8217;ye a\u00e7\u0131k bir \u00e7ek verilmi\u015f durumda&#8230; Belediyenin, sermayenin \u00e7eki yerine k\u00fclt\u00fcre ve sanata duyarl\u0131 \u00f6rg\u00fctlerin ve sanat\u00e7\u0131lar\u0131n \u00e7ekini almas\u0131n\u0131 talep ediyoruz.<\/p>\n<div>\n<div id=\":1zt\" tabindex=\"0\" role=\"button\" data-tooltip=\"Show trimmed content\"><img decoding=\"async\" alt=\"\" src=\"https:\/\/mail.google.com\/mail\/u\/0\/images\/cleardot.gif\" \/><\/div>\n<\/div>\n","protected":false},"excerpt":{"rendered":"<p>Baraka K\u00fclt\u00fcr Merkezi LTB \u00f6n\u00fcnde bas\u0131n a\u00e7\u0131klamas\u0131 yaparak Arabahmet K\u00fclt\u00fcrevi\u2019nin GA\u00dc\u2019ye verilerek \u00f6zelle\u015ftirme s\u00fcrecinin h\u0131zland\u0131r\u0131lmas\u0131n\u0131 protesto etti. \u00a0 Toplumsal bir seferberlik \u00e7a\u011fr\u0131s\u0131 yap\u0131larak Arabahmet K\u00fclt\u00fcrevi\u2019nin<\/p>\n","protected":false},"author":1,"featured_media":2184,"comment_status":"open","ping_status":"open","sticky":false,"template":"","format":"standard","meta":{"jetpack_post_was_ever_published":false,"_jetpack_newsletter_access":"","_jetpack_newsletter_tier_id":0,"jetpack_publicize_message":"","jetpack_is_tweetstorm":false,"jetpack_publicize_feature_enabled":true,"jetpack_social_post_already_shared":true,"jetpack_social_options":{"image_generator_settings":{"template":"highway","enabled":false}}},"categories":[1],"tags":[],"jetpack_publicize_connections":[],"jetpack_featured_media_url":"https:\/\/baraka.cc\/wp-content\/uploads\/2014\/02\/3-1.jpg","jetpack_shortlink":"https:\/\/wp.me\/p4eHWX-zd","jetpack_sharing_enabled":true,"_links":{"self":[{"href":"https:\/\/baraka.cc\/index.php?rest_route=\/wp\/v2\/posts\/2183"}],"collection":[{"href":"https:\/\/baraka.cc\/index.php?rest_route=\/wp\/v2\/posts"}],"about":[{"href":"https:\/\/baraka.cc\/index.php?rest_route=\/wp\/v2\/types\/post"}],"author":[{"embeddable":true,"href":"https:\/\/baraka.cc\/index.php?rest_route=\/wp\/v2\/users\/1"}],"replies":[{"embeddable":true,"href":"https:\/\/baraka.cc\/index.php?rest_route=%2Fwp%2Fv2%2Fcomments&post=2183"}],"version-history":[{"count":1,"href":"https:\/\/baraka.cc\/index.php?rest_route=\/wp\/v2\/posts\/2183\/revisions"}],"predecessor-version":[{"id":2186,"href":"https:\/\/baraka.cc\/index.php?rest_route=\/wp\/v2\/posts\/2183\/revisions\/2186"}],"wp:featuredmedia":[{"embeddable":true,"href":"https:\/\/baraka.cc\/index.php?rest_route=\/wp\/v2\/media\/2184"}],"wp:attachment":[{"href":"https:\/\/baraka.cc\/index.php?rest_route=%2Fwp%2Fv2%2Fmedia&parent=2183"}],"wp:term":[{"taxonomy":"category","embeddable":true,"href":"https:\/\/baraka.cc\/index.php?rest_route=%2Fwp%2Fv2%2Fcategories&post=2183"},{"taxonomy":"post_tag","embeddable":true,"href":"https:\/\/baraka.cc\/index.php?rest_route=%2Fwp%2Fv2%2Ftags&post=2183"}],"curies":[{"name":"wp","href":"https:\/\/api.w.org\/{rel}","templated":true}]}}