{"id":2187,"date":"2014-02-14T12:56:03","date_gmt":"2014-02-14T10:56:03","guid":{"rendered":"https:\/\/baraka.cc\/?p=2187"},"modified":"2014-02-14T13:02:51","modified_gmt":"2014-02-14T11:02:51","slug":"arabahmet-verilirken-belediye-meclisine-soran-olmadi","status":"publish","type":"post","link":"https:\/\/baraka.cc\/?p=2187","title":{"rendered":"Arabahmet Verilirken Belediye Meclisi\u2019ne Soran Olmad\u0131"},"content":{"rendered":"<p id=\"yui_3_13_0_ym1_1_1392370975610_64180\"><strong id=\"yui_3_13_0_ym1_1_1392370975610_64183\"><a href=\"https:\/\/baraka.cc\/wp-content\/uploads\/2014\/02\/ozmen_birinci.jpg\"><img decoding=\"async\" class=\" wp-image-2188 alignleft\" alt=\"ozmen_birinci\" src=\"https:\/\/baraka.cc\/wp-content\/uploads\/2014\/02\/ozmen_birinci-680x1024.jpg\" width=\"200\" srcset=\"https:\/\/baraka.cc\/wp-content\/uploads\/2014\/02\/ozmen_birinci-680x1024.jpg 680w, https:\/\/baraka.cc\/wp-content\/uploads\/2014\/02\/ozmen_birinci-199x300.jpg 199w, https:\/\/baraka.cc\/wp-content\/uploads\/2014\/02\/ozmen_birinci.jpg 1424w\" sizes=\"(max-width: 680px) 100vw, 680px\" \/><\/a>Arabahamet K\u00fclt\u00fcrevi\u2019nin GA\u00dc\u2019ye devrinin her a\u015famas\u0131nda LTB Meclisi\u2019nin es ge\u00e7ildi\u011fini ifade eden \u00d6zmen Birinci: \u201cBelediye\u2019nin b\u00fcy\u00fck ortak olmu\u015f oldu\u011fu Arabahmet \u015firketinde sat\u0131lacak olan bir i\u011fnenin dahi belediye meclisinin g\u00fcndemine gelmesi zaruridir. \u00c7\u00fcnk\u00fc burada belediyenin gelirleri s\u00f6z konusudur ve e\u011fer Belediye\u2019yi Arabahmet \u015eirketinde temsil etme hakk\u0131 ba\u015fkan\u0131n iki duda\u011f\u0131 aras\u0131ndaysa bunun ad\u0131 demokrasi de\u011fil diktat\u00f6rl\u00fck olur\u201d dedi.<\/strong><\/p>\n<p><strong>\u00a0<\/strong><\/p>\n<p><strong>\u00a0<\/strong><\/p>\n<p><strong>R\u00f6portaj: Hasan Y\u0131k\u0131c\u0131 (adL)<\/strong><\/p>\n<p>&nbsp;<\/p>\n<p>TDP\u2019den Lefko\u015fa Belediyesi Meclis \u00fcyesi \u00d6zmen Birinci ile Arabahmet K\u00fclt\u00fcrevi\u2019nin GA\u00dc\u2019ye devrini konu\u015ftuk. Bug\u00fcne kadar \u00e7e\u015fitli ele\u015ftirilere ve eylemlere neden olan LTB\u2019nin Arabahmet karar\u0131n\u0131n i\u00e7eriden nas\u0131l geli\u015fti\u011fine bakal\u0131m.<\/p>\n<p>&nbsp;<\/p>\n<p><strong>LTB Meclisi\u2019nden g\u00f6r\u00fc\u015f al\u0131nmad\u0131 <\/strong><\/p>\n<p>LTB Meclis \u00fcyesi \u00d6zmen Birinci Arabahmet\u2019in GA\u00dc\u2019ye devrine olumsuz yakla\u015ft\u0131\u011f\u0131n\u0131 ifade etmektti. S\u00fcre\u00e7 boyunca LTB Ba\u015fkan\u0131\u2019n\u0131n ve y\u00f6netimin Belediye Meclisi\u2019ni es ge\u00e7ti\u011fini belirten Birinci, GA\u00dc ile yap\u0131lan \u015fartnamede kendilerinden g\u00f6r\u00fc\u015f al\u0131nmad\u0131\u011f\u0131n\u0131, \u015fartnamenin de kendilerinin yo\u011fun \u0131srarlar\u0131 neticesinde son dakika kendilerine g\u00f6sterildi\u011fini belirtti: \u201cYo\u011fun \u0131srarlar\u0131m\u0131z neticesinde bize son dakika verildi ihale \u015fartnamesi. Son dakika verilmesinden dolay\u0131 incelesek bile \u00fczerinde de\u011fi\u015fim talep edemeyecek durumdayd\u0131. Kald\u0131k ki ihaleye zaten \u00e7\u0131k\u0131lm\u0131\u015ft\u0131. \u00c7\u0131k\u0131lm\u0131\u015f olan ihalenin \u015fartnamesini yollad\u0131lar yani. LTB Meclisi\u2019ni adeta by pass ettiler yani.\u201d<\/p>\n<p>&nbsp;<\/p>\n<p><strong>G\u00fcndeme dahi gelmedi<\/strong><\/p>\n<p id=\"yui_3_13_0_ym1_1_1392370975610_64185\">Birinci Arabahmet\u2019in GA\u00dc\u2019ye devredilmesinin LTB Meclisi\u2019nin g\u00fcndemine dahi gelmedi\u011fini ifade ederek, karar\u0131n Arabahmet B\u00f6lgesini Geli\u015ftirme \u015firketi taraf\u0131ndan verildi\u011fini kaydetti: \u201cBence Belediye\u2019nin b\u00fcy\u00fck ortak olmu\u015f oldu\u011fu Arabahmet \u015firketinde sat\u0131lacak olan bir i\u011fnenin dahi belediye meclisinin g\u00fcndemine gelmesi zaruridir. \u00c7\u00fcnk\u00fc burada belediyenin gelirleri s\u00f6z konusudur ve e\u011fer Belediye\u2019yi Arabahmet \u015eirketinde temsil etme hakk\u0131 ba\u015fkan\u0131n iki duda\u011f\u0131 aras\u0131ndaysa bunun ad\u0131 demokrasi de\u011fil diktat\u00f6rl\u00fck olur.\u201d<\/p>\n<p>&nbsp;<\/p>\n<p><strong>\u0130hale teklifleri de Meclis g\u00fcndemine gelmedi<\/strong><\/p>\n<p>Arabahmet K\u00fclt\u00fcrevi i\u00e7in KTMMO ve GA\u00dc\u2019n\u00fcn yap\u0131\u011f\u0131 tekliflerin de LTB Meclisi\u2019ne gelmedi\u011fini kaydedetn Birinci Ba\u015fkan\u2019\u0131n \u2018ben yapar\u0131m olur\u2019 tavr\u0131n\u0131 tak\u0131nd\u0131\u011f\u0131n\u0131 s\u00f6yledi: \u201cGeriye kalan bir \u00e7ok konuda Meclis \u00fcyelerinin g\u00f6revi olsun olmas\u0131n onlardan yard\u0131m isteyen zihniyet ne yaz\u0131k ki Arabahmet i\u00e7in \u2018ben yapar\u0131m olur\u2019 dedi ve bize bunu dayatt\u0131lar.\u201d<\/p>\n<p>&nbsp;<\/p>\n<p id=\"yui_3_13_0_ym1_1_1392370975610_64187\"><strong id=\"yui_3_13_0_ym1_1_1392370975610_64186\">Her \u015feyi bas\u0131ndan \u00f6\u011frendik<\/strong><\/p>\n<p>\u0130hale sonucunda Arabahmet K\u00fclt\u00fcrevi\u2019nin kime verildi\u011fini nas\u0131l \u00f6\u011frendiniz sorusuna ise Birinci \u015fu cevab\u0131 verdi: \u201cBiz her \u015feyi bas\u0131ndan \u00f6\u011frendik. Onaylamas\u0131yla ilgili de meclise gelmedi. Bunu da bas\u0131ndan \u00f6\u011frendik.\u201d<\/p>\n<p>&nbsp;<\/p>\n<p><strong>Neoliberal politikalar\u0131n sonucu<\/strong><\/p>\n<p>CTP\u2019nin neoliberal politikalar\u0131 sonucunda Arabahmet K\u00fclt\u00fcrevi s\u00fcrecinin ya\u015fand\u0131\u011f\u0131n\u0131 da belirten Birinci \u201cBu neoliberal d\u00fcnyada dayat\u0131lm\u0131\u015f olan toplumun elindeki varl\u0131klar\u0131n azalt\u0131lmas\u0131 gerekti\u011fi kadar azalt\u0131lmas\u0131 gerekti\u011finin bir sonucudur. Ve bir sol bir parti taraf\u0131ndan ne kadar da sahiplenildi\u011fini g\u00f6rmek bizleri \u00fcz\u00fcyor\u201d dedi.<\/p>\n<p>&nbsp;<\/p>\n<p id=\"yui_3_13_0_ym1_1_1392370975610_64189\"><strong id=\"yui_3_13_0_ym1_1_1392370975610_64188\">\u0130\u015fte R\u00f6portaj\u0131n tam metni:<\/strong><\/p>\n<p>&nbsp;<\/p>\n<p>&nbsp;<\/p>\n<p>&nbsp;<\/p>\n<p>&nbsp;<\/p>\n<p><strong>Arabahmet K\u00fclt\u00fcrevi\u2019nin GA\u00dc\u2019ye\u00a0kiralanmas\u0131na nas\u0131l yakla\u015f\u0131yorsunuz?<\/strong><\/p>\n<p>Olumsuz yakla\u015f\u0131yoruz. Biz herhangi bir k\u00fclt\u00fcr aktivitesinin, yazan\u0131 oynayan\u0131 destekleyeni kim oldu\u011fu farketmeksizin en \u00f6zg\u00fcr bir \u015fekilde sergilenebilmesini savunuyoruz. Fikir kafada gezdi\u011fi s\u00fcrece de\u011fil dilden s\u00f6ylenildi\u011fi ve dilden sokakta eyleme d\u00f6k\u00fclebildi\u011fi \u00f6l\u00e7\u00fcde \u00f6zg\u00fcrd\u00fcr. D\u00fc\u015f\u00fcnce \u00f6zg\u00fcrl\u00fc\u011f\u00fcn\u00fcn Ana Yasa ile g\u00fcvene alt\u0131na al\u0131nd\u0131\u011f\u0131 bir \u00fclkede d\u00fc\u015f\u00fcnce \u00f6zg\u00fcrl\u00fcklerimizi sergileyece\u011fimiz mekanlar\u0131 \u00f6zelle\u015ftirerek zapturap alt\u0131na almaya \u00e7al\u0131\u015fan zihniyeti k\u0131n\u0131yoruz.<\/p>\n<p>&nbsp;<\/p>\n<p><strong>\u0130haleye \u00e7\u0131k\u0131lmas\u0131 LTB Meclisinde konu\u015fuldu mu? Tavr\u0131n\u0131z ne oldu?<\/strong><\/p>\n<p>&nbsp;<\/p>\n<p id=\"yui_3_13_0_ym1_1_1392370975610_64190\">Hay\u0131r konu\u015fulmad\u0131. \u0130haleye \u00e7\u0131k\u0131laca\u011f\u0131 LTB Meclis g\u00fcndemine gelmedi. G\u00fcndeme gelen \u015fey Arabahmet b\u00f6lgesinde Belediyenin tasarrufunda bulunan binalar\u0131n Arabahmet B\u00f6lgesi Geli\u015ftirme\u00a0 \u015eirketi\u2019nedevredilmesi ile ilgi bir konuydu. Bizim tavr\u0131m\u0131z da olumsuz oldu. Olumsuz tav\u0131rda bulunmam\u0131z\u0131n esas nedeni \u015fu idi: Ge\u00e7mi\u015f y\u00f6netim d\u00f6neminde Belediye zarara u\u011frat\u0131ld\u0131\u011f\u0131nda \u00a0bunun ayaklar\u0131n\u0131n biri de Arabahmet\u2019ti. Belediye\u2019de i\u015fe al\u0131nmayanlar Arabahmet B\u00f6lgesi Geli\u015ftirme\u00a0 \u015eirketi i\u015fe al\u0131nd\u0131 ve bu \u015fekilde \u015firket zarar ettirildi. \u015eu an dahi \u015firketin olduk\u00e7a y\u00fcksek borcu vard\u0131r. Ve hissedarlar\u0131 bundan \u00f6t\u00fcr\u00fc tedirginlik i\u00e7erisindeler. Bir \u00f6nceki s\u00f6zle\u015fme ile Belediye\u2019nin devretti\u011fi binalar ve \u015firket k\u00f6t\u00fc y\u00f6netimle birlikte hem \u015firketi hem Belediye\u2019yi zarara s\u00fcr\u00fcklemi\u015ftir ve on y\u0131llar boyunca temizlemek zorunda kalaca\u011f\u0131m\u0131z bir i\u015f y\u00fck\u00fcn\u00fc bize b\u0131rakm\u0131\u015ft\u0131r. Ayn\u0131 s\u00f6zle\u015fme ile tekrardan bu \u015firkete devredilmesi olas\u0131 gelecekte yeniden zararlara yol a\u00e7may\u0131 engellemeyecek. Cemal Buluto\u011fullar\u0131 bir \u00f6nceki s\u00f6zle\u015fmeyle bat\u0131rd\u0131. Biz nerden bilelim ba\u015fa Cemal gibi birinin tekrar gelmeyece\u011fini. Bu s\u00f6zle\u015fme bir sonra gelecek olan vas\u0131fs\u0131z belediye ba\u015fkan\u0131na \u015firketi daha da k\u00f6t\u00fc konumlara g\u00f6t\u00fcrme yetkisini a\u00e7\u0131k b\u0131rak\u0131r.<\/p>\n<p>&nbsp;<\/p>\n<p>S\u00f6zle\u015fmenin uzun uzad\u0131ya incelenmesi d\u00fczenlenmesi ve \u015firketin batmayacak hale getirilmesi gerekir. Ancak bu \u015firketin de elindeki mal varl\u0131klar\u0131n\u0131 kimlere, nas\u0131l kiralayaca\u011f\u0131na kendi kendine karar verme yetkisinin de elinden al\u0131nmas\u0131n\u0131 istiyoruz.<\/p>\n<p>&nbsp;<\/p>\n<p>Arabahmet \u015eirketi\u2019nin devam etmesini ancak yapaca\u011f\u0131 kira s\u00f6zle\u015fmelerinin LTB Meclisinin g\u00fcndemine gelmesini savunduk. Hali haz\u0131rda \u015firket kendi kendine kara verip diledi\u011fi binay\u0131 diledi\u011fi ki\u015fiye pe\u015fke\u015f \u00e7ekebiliyor.<\/p>\n<p>&nbsp;<\/p>\n<p><strong>\u0130haleye \u00e7\u0131k\u0131ld\u0131\u011f\u0131nda, \u015fartnameye konacak maddelerle ilgili\u00a0LTB Meclisinden g\u00f6r\u00fc\u015f al\u0131nd\u0131 m\u0131? \u0130hale \u015fartnamesini Belediye Meclisi olarak \u00f6nceden g\u00f6rd\u00fcn\u00fcz m\u00fc?<\/strong><\/p>\n<p>Hukuki olarak belediye meclisinin bu ihale \u015fartnamesiyle ilgili s\u00f6z s\u00f6yleme yetkisi yoktur. Yo\u011fun \u0131srarlar\u0131m\u0131z neticesinde bize son dakika verildi ihale \u015fartnamesi. Son dakika verilmesinden dolay\u0131 incelesek bile \u00fczerinde de\u011fi\u015fim talep edemeyecek durumdayd\u0131. Kald\u0131k ki ihaleye zaten \u00e7\u0131k\u0131lm\u0131\u015ft\u0131. \u00c7\u0131k\u0131lm\u0131\u015f olan ihalenin \u015fartnamesini yollad\u0131lar yani. LTB Meclisi\u2019ni adeta by pass ettiler yani.<\/p>\n<p>&nbsp;<\/p>\n<p><strong>Yasaya g\u00f6re ihaleye LTB Meclisi \u00e7\u0131kar ve LTB Meclis onay\u0131ndan ge\u00e7er. B\u00f6yle bir s\u00fcre\u00e7 ya\u015fanmad\u0131 m\u0131?<\/strong><\/p>\n<p id=\"yui_3_13_0_ym1_1_1392370975610_64191\">Bu yoruma a\u00e7\u0131kt\u0131r asl\u0131nda. Belediye y\u00f6netimi bunu \u2018\u015firket kendi ba\u015f\u0131na ihaleye \u00e7\u0131kar\u2019 diye yorumlad\u0131 ve b\u00f6yle oldu.<\/p>\n<p>Fakat bence Belediye\u2019nin b\u00fcy\u00fck ortak olmu\u015f oldu\u011fu Arabahmet \u015firketinde sat\u0131lacak olan bir i\u011fnenin dahi Belediye meclisinin g\u00fcndemine gelmesi zaruridir. \u00c7\u00fcnk\u00fc burada belediyenin gelirleri s\u00f6z konusudur ve e\u011fer Belediye\u2019yi Arabahmet \u015eirketinde temsil etme hakk\u0131 ba\u015fkan\u0131n iki duda\u011f\u0131 aras\u0131ndaysa bunun ad\u0131 demokrasi de\u011fil diktat\u00f6rl\u00fck olur.<\/p>\n<p>&nbsp;<\/p>\n<p><strong>\u0130haleye sunulan teklifleri Belediye Meclisi inceledi mi? Sunulan tekliflerden hangisinin onaylanaca\u011f\u0131na Belediye Meclisi mi karar verdi?<\/strong><\/p>\n<p>Hay\u0131r. Bu da g\u00fcndeme\u00a0 gelmedi. At\u0131lan teklifleri zaten a\u00e7\u0131klan\u0131rken de gelmediydi. \u015eirket direkt\u00f6rler grubu kendi oturup kendi karalar\u0131n\u0131 ald\u0131. Belediye ad\u0131na bir tek ba\u015fkan orada bulundu. Geriye kalan bir \u00e7ok konuda Meclis \u00fcyelerinin g\u00f6revi olsun olmas\u0131n onlardan yard\u0131m isteyen zihniyet ne yaz\u0131k ki Arabahmet i\u00e7in \u2018ben yapar\u0131m olur\u2019 dedi ve bize bunu dayatt\u0131lar.<\/p>\n<p>&nbsp;<\/p>\n<p><strong>\u0130hale sonucunda Arabahmet K\u00fclt\u00fcrevi&#8217;nin kime verilece\u011fini siz Belediye Meclisi toplant\u0131s\u0131nda m\u0131 \u00f6\u011frendiniz? S\u00fcre\u00e7 hakk\u0131nda Belediye Meclisi&#8217;ne sonradan da olsa resmi bir bilgi verildi mi? Verilmediyse, siz sonucu nereden \u00f6\u011frendiniz?<\/strong><\/p>\n<p><strong>\u00a0<\/strong><\/p>\n<p>Hay\u0131r. Biz her \u015feyi bas\u0131ndan \u00f6\u011frendik. Onaylamas\u0131yla ilgili de meclise gelmedi. Bunu da bas\u0131ndan \u00f6\u011frendik.<\/p>\n<p>&nbsp;<\/p>\n<p><strong>Arabahmet B\u00f6lgesi Geli\u015ftirme\u00a0 \u015eirketi ihaleye \u00e7\u0131kt\u0131\u011f\u0131na ve karar\u0131 verdi\u011fine g\u00f6re burada LTB Meclisi\u2019nin fonksiyonu nedir? Neden LTB Meclisi&#8217;nde karar verilmedi.<\/strong><\/p>\n<p><strong>\u00a0<\/strong><\/p>\n<p>LTB meclisine sadece ve sadece Belediye\u2019nin orada bulunan m\u00fclklerinin Arabahmet B\u00f6lgesi Geli\u015ftirme \u015eirketi\u2019ne devretmesiyle ilgili bilgi geldi. Belediyenin yasal y\u00fck\u00fcml\u00fcl\u00fc\u011f\u00fc sadece ve sadece oradaki belediyenin kullan\u0131m\u0131nda olan mallar\u0131n 4 y\u0131ll\u0131\u011f\u0131na Arabahmet B\u00f6lgesi Geli\u015ftirme \u015eirketine vermektir. Bu mallar\u0131n neden kendimiz kiralayam\u0131yoruz da araya \u015firket giriyor diye sordu\u011fumuzda bize verilen cevap BM ve UNDP gibi kurumlardan KKTC\u2019nin tan\u0131nmamas\u0131ndan dolay\u0131 \u015firket vas\u0131tas\u0131yla daha kolay fon al\u0131nd\u0131\u011f\u0131 oldu. LTB ile \u00f6v\u00fcn\u00fclen husus LTB\u2019nin uluslararas\u0131 tan\u0131n\u0131rl\u0131\u011f\u0131 olmas\u0131d\u0131r halbuki. Hat\u0131rlatmak durumunda kal\u0131r\u0131m ki Ak\u0131nc\u0131 d\u00f6nemin de yap\u0131lan projelerin finansman\u0131 bu kurulu\u015flar taraf\u0131ndan sa\u011flan\u0131rd\u0131. O zaman belediye tan\u0131n\u0131rd\u0131 da \u015fimdi mi tan\u0131nmaz?<\/p>\n<p>&nbsp;<\/p>\n<p><strong>Arabahmet\u2019in \u015firkete devredilmesinin ard\u0131ndan binan\u0131n ve b\u00f6lgenin t\u00fcm kaderini de\u011fi\u015ftirecek bir karar al\u0131n\u0131rken belediye meclisinin by pass edilmesine nas\u0131l bak\u0131yorsunuz? Neticede belediye mallar\u0131n\u0131 y\u00f6netmek i\u00e7in bu belde halk\u0131n\u0131n se\u00e7ti\u011fi insanlar sizsiniz, \u015firket y\u00f6netimi de\u011fil&#8230;<\/strong><\/p>\n<p><strong>\u00a0<\/strong><\/p>\n<p id=\"yui_3_13_0_ym1_1_1392370975610_64192\">Trajikomik bir durumdur. Trajik bir durumdur \u00e7\u00fcnk\u00fc Lefko\u015fa\u2019y\u0131 kurtarmak ad\u0131na se\u00e7ilmi\u015f olan bizler Lefko\u015fa\u2019y\u0131 kurtaracak ara\u00e7lardan yoksun b\u0131rak\u0131l\u0131yoruz. Komik bir durumdur \u00e7\u00fcnk\u00fc hala belediyede \u00e7al\u0131\u015fmamak i\u00e7in i\u015f ba\u015f\u0131 yapan \u00e7al\u0131\u015fanlar var diyen Ba\u015fkan belediyeyi kurtarmamak ad\u0131na her g\u00fcn belediye saray\u0131na geldi\u011finden habersiz.<\/p>\n<p>&nbsp;<\/p>\n<p>Bu neoliberal d\u00fcnyada dayat\u0131lm\u0131\u015f olan toplumun elindeki varl\u0131klar\u0131n azalt\u0131lmas\u0131 gerekti\u011fi kadar azalt\u0131lmas\u0131 gerekti\u011finin bir sonucudur. Ve bir sol bir parti taraf\u0131ndan ne kadar da sahiplenildi\u011fini g\u00f6rmek bizleri \u00fcz\u00fcyor. Hem KKTC\u2019nin tan\u0131nmam\u0131\u015fl\u0131\u011f\u0131ndan dem vurmak hem de halka ait kurumlar\u0131 pe\u015fke\u015f \u00e7ekmek birbiriyle \u00f6rt\u00fc\u015fen d\u00fc\u015f\u00fcnceler de\u011fildir. Arabahmet b\u00f6lgesi i\u00e7inde bulunan tiyatro her ne kadar kar amac\u0131 g\u00fctmeden \u00e7al\u0131\u015ft\u0131r\u0131lmas\u0131 prensibi ortada olsa da kar amac\u0131 g\u00fcdecek olan bir s\u00fcper market bile olsayd\u0131 dahi biz bunun Belediye\u2019nin elinden \u00e7\u0131k\u0131p da \u00f6zel sekt\u00f6r taraf\u0131ndan i\u015fletilmesini kabul etmezdik.<\/p>\n<p>&nbsp;<\/p>\n<p><strong>Sizce Arabahmet K\u00fclt\u00fcrevi toplumsal bir seferberlikle iyile\u015ftirilip Belediyenin s\u0131rt\u0131ndan y\u00fck olmas\u0131 ortadan kald\u0131r\u0131l\u0131p ard\u0131ndan da LTB K\u00fclt\u00fcr sanat komitesi sorumlulu\u011funda olmas\u0131 hem toplumsal olarak hem de kurumlar\u0131n kamusal de\u011feri anlam\u0131nda yerinde bir \u00f6neri de\u011fil midir?<\/strong><\/p>\n<p id=\"yui_3_13_0_ym1_1_1392370975610_64193\"><strong>\u00a0<\/strong><\/p>\n<p id=\"yui_3_13_0_ym1_1_1392370975610_64194\">Can\u0131 g\u00f6n\u00fclden destekleyece\u011fimiz bir proje olur. Belediye tiyatrosu bizim y\u00fcz ak\u0131m\u0131zd\u0131r.<\/p>\n<p id=\"yui_3_13_0_ym1_1_1392370975610_64195\">Neden y\u00fcz ak\u0131m\u0131zd\u0131r? \u00c7\u00fcnk\u00fc en karanl\u0131k anlarda dahi belediye tiyatrosu parlamas\u0131n\u0131 s\u00fcrd\u00fcrm\u00fc\u015f en somurtkan hallerimizde y\u00fcz\u00fcm\u00fcze tebess\u00fcm yerle\u015ftirmi\u015ftir. K\u00fclt\u00fcr sanat biriminin hali haz\u0131rda belediye tiyatrosunun binas\u0131 bitmemi\u015fken ve sorunlar yuma\u011f\u0131 halindeyken Arabahmet Tiyatrosu\u2019nun k\u00fclt\u00fcr birimi taraf\u0131ndan i\u015fletilmesi \u00e7ok daha do\u011fru ve amac\u0131na hizmet eden niteliktedir.<\/p>\n<p id=\"yui_3_13_0_ym1_1_1392370975610_64197\">Arabahmet K\u00fclt\u00fcrevi \u00fczerinden ba\u015flay\u0131p \u00fclkedeki genel \u00f6zelle\u015ftirme politikalar\u0131 \u00fczerine kafa yormal\u0131y\u0131z. Umar\u0131m bu sorun bir k\u0131v\u0131lc\u0131m yakar ve \u00fclkede kendini ayd\u0131n hisseden d\u00fc\u015f\u00fcnce \u00f6zg\u00fcrl\u00fc\u011f\u00fcn\u00fc savunan insanlar bu k\u0131v\u0131lc\u0131m etraf\u0131nda toparlanarak \u00fclkenin de\u011ferlerini pe\u015fke\u015f \u00a0\u00e7ekmeye \u00e7al\u0131\u015fanlara kar\u015f\u0131 bir ate\u015f yakabilir.\u00a0 \u00d6n\u00fcm\u00fczde bekleyen t\u00fcm sorunlar i\u00e7in tek bir g\u00fc\u00e7 halinde m\u00fccadele sergilemeliyiz.<\/p>\n<p>&nbsp;<\/p>\n<p>Kaynak: <a href=\"http:\/\/www.ankaradegillefkosa.org\/arabahmet-verilirken-belediye-meclisine-soran-olmadi-ozmen-birinci-ile-ozel-roportaj\/\">http:\/\/www.ankaradegillefkosa.org\/arabahmet-verilirken-belediye-meclisine-soran-olmadi-ozmen-birinci-ile-ozel-roportaj\/<\/a><\/p>\n","protected":false},"excerpt":{"rendered":"<p>Arabahamet K\u00fclt\u00fcrevi\u2019nin GA\u00dc\u2019ye devrinin her a\u015famas\u0131nda LTB Meclisi\u2019nin es ge\u00e7ildi\u011fini ifade eden \u00d6zmen Birinci: \u201cBelediye\u2019nin b\u00fcy\u00fck ortak olmu\u015f oldu\u011fu Arabahmet \u015firketinde sat\u0131lacak olan bir i\u011fnenin<\/p>\n","protected":false},"author":1,"featured_media":2188,"comment_status":"open","ping_status":"open","sticky":false,"template":"","format":"standard","meta":{"jetpack_post_was_ever_published":false,"_jetpack_newsletter_access":"","_jetpack_newsletter_tier_id":0,"jetpack_publicize_message":"","jetpack_is_tweetstorm":false,"jetpack_publicize_feature_enabled":true,"jetpack_social_post_already_shared":true,"jetpack_social_options":{"image_generator_settings":{"template":"highway","enabled":false}}},"categories":[38,43],"tags":[],"jetpack_publicize_connections":[],"jetpack_featured_media_url":"https:\/\/baraka.cc\/wp-content\/uploads\/2014\/02\/ozmen_birinci.jpg","jetpack_shortlink":"https:\/\/wp.me\/p4eHWX-zh","jetpack_sharing_enabled":true,"_links":{"self":[{"href":"https:\/\/baraka.cc\/index.php?rest_route=\/wp\/v2\/posts\/2187"}],"collection":[{"href":"https:\/\/baraka.cc\/index.php?rest_route=\/wp\/v2\/posts"}],"about":[{"href":"https:\/\/baraka.cc\/index.php?rest_route=\/wp\/v2\/types\/post"}],"author":[{"embeddable":true,"href":"https:\/\/baraka.cc\/index.php?rest_route=\/wp\/v2\/users\/1"}],"replies":[{"embeddable":true,"href":"https:\/\/baraka.cc\/index.php?rest_route=%2Fwp%2Fv2%2Fcomments&post=2187"}],"version-history":[{"count":3,"href":"https:\/\/baraka.cc\/index.php?rest_route=\/wp\/v2\/posts\/2187\/revisions"}],"predecessor-version":[{"id":2191,"href":"https:\/\/baraka.cc\/index.php?rest_route=\/wp\/v2\/posts\/2187\/revisions\/2191"}],"wp:featuredmedia":[{"embeddable":true,"href":"https:\/\/baraka.cc\/index.php?rest_route=\/wp\/v2\/media\/2188"}],"wp:attachment":[{"href":"https:\/\/baraka.cc\/index.php?rest_route=%2Fwp%2Fv2%2Fmedia&parent=2187"}],"wp:term":[{"taxonomy":"category","embeddable":true,"href":"https:\/\/baraka.cc\/index.php?rest_route=%2Fwp%2Fv2%2Fcategories&post=2187"},{"taxonomy":"post_tag","embeddable":true,"href":"https:\/\/baraka.cc\/index.php?rest_route=%2Fwp%2Fv2%2Ftags&post=2187"}],"curies":[{"name":"wp","href":"https:\/\/api.w.org\/{rel}","templated":true}]}}