{"id":2192,"date":"2014-02-17T14:00:15","date_gmt":"2014-02-17T12:00:15","guid":{"rendered":"https:\/\/baraka.cc\/?p=2192"},"modified":"2014-02-18T08:21:33","modified_gmt":"2014-02-18T06:21:33","slug":"arabahmet-kultur-evinin-fizibilite-raporu-belediye-baskani-ve-meclis-uyelerine-soruldu","status":"publish","type":"post","link":"https:\/\/baraka.cc\/?p=2192","title":{"rendered":"ARABAHMET K\u00dcLT\u00dcR EV\u0130\u2019N\u0130N F\u0130Z\u0130B\u0130L\u0130TE RAPORU BELED\u0130YE BA\u015eKANI VE MECL\u0130S \u00dcYELER\u0130NE SORULDU"},"content":{"rendered":"<p id=\"yui_3_13_0_ym1_1_1392703418649_9002\"><span id=\"yui_3_13_0_ym1_1_1392703418649_9003\" style=\"font-size: medium;\"><a href=\"https:\/\/baraka.cc\/wp-content\/uploads\/2014\/02\/ltb-foto.jpg\"><img decoding=\"async\" loading=\"lazy\" class=\"alignleft  wp-image-2193\" style=\"width: 273px; height: 174px;\" alt=\"ltb foto\" src=\"https:\/\/baraka.cc\/wp-content\/uploads\/2014\/02\/ltb-foto.jpg\" width=\"580\" height=\"305\" srcset=\"https:\/\/baraka.cc\/wp-content\/uploads\/2014\/02\/ltb-foto.jpg 580w, https:\/\/baraka.cc\/wp-content\/uploads\/2014\/02\/ltb-foto-300x157.jpg 300w\" sizes=\"(max-width: 580px) 100vw, 580px\" \/><\/a>Baraka K\u00fclt\u00fcr Merkezi, Arabahmet K\u00fclt\u00fcr Evi\u2019nin Girne Amerikan \u00dcniversitesi\u2019ne kiralanmas\u0131yla ilgili olarak, gerek Belediye yetkilileriyle g\u00f6r\u00fc\u015ferek gerekse kitle toplant\u0131lar\u0131 ve bas\u0131n a\u00e7\u0131klamalar\u0131 yaparak \u00f6zelle\u015ftirmeye kar\u015f\u0131 bir duru\u015f sergilemekte. Belediye\u2019nin halka ait de\u011ferleri kamuya a\u00e7\u0131k bir \u015fekilde kullanmas\u0131n\u0131, \u00f6zel bir \u015firkete devretmemesini savunan ve Belediye\u2019ye \u201ca\u00e7\u0131k \u00e7ek\u201d de veren Baraka K\u00fclt\u00fcr Merkezi, binan\u0131n Belediye\u2019ce saptanan tadilat veya restorasyon ihtiyac\u0131 ile ilgili fizibilite \u00e7al\u0131\u015fmas\u0131 hakk\u0131nda bir dilek\u00e7e verdi. Belediye Ba\u015fkan\u0131 ve Meclis \u00fcyelerine verilen dilek\u00e7ede, \u015fayet tadilat ve restorasyon ihtiyac\u0131n\u0131n b\u0131yutunu bilimsel olarak saptamak amac\u0131yla bir \u00e7al\u0131\u015fma yap\u0131ld\u0131ysa, hangi restorasyon uzmanlar\u0131ndan g\u00f6r\u00fc\u015f al\u0131nd\u0131\u011f\u0131, Belediye\u2019ce saptanan bulgular ve maliyetler hakk\u0131nda bilgi edinilmek istendi\u011fi bildirildi. <\/span><\/p>\n<p id=\"yui_3_13_0_ym1_1_1392703418649_9008\"><span id=\"yui_3_13_0_ym1_1_1392703418649_9006\" style=\"font-size: medium;\">Dernekten yap\u0131lan a\u00e7\u0131klamaya g\u00f6re: Belediye Ba\u015fkan\u0131 ve yetkilileriyle yap\u0131lan g\u00f6r\u00fc\u015fmelerde, Arabahmet K\u00fclt\u00fcr Evi\u2019nin tadilata ve restorasyona ihtiyac\u0131 oldu\u011fu s\u00f6ylenmi\u015f ve binan\u0131n bu sebeple kiralanmak zorunda oldu\u011fu da belirtilmi\u015fti. Ancak yap\u0131lmas\u0131 gereken tadilat veya restorasyonun i\u00e7eri\u011fi ve maliyeti ile ilgili bir a\u00e7\u0131klama yap\u0131lmam\u0131\u015ft\u0131. Belediyenin, kendi kullan\u0131m\u0131nda olan bir binas\u0131n\u0131, hele ki Lefko\u015fal\u0131 i\u00e7in nadir olan bir K\u00fclt\u00fcr Evi\u2019ni elden \u00e7\u0131kar\u0131p kiraya vermeden \u00f6nce, gerekli tadilat veya restorasyonun fizibilite \u00e7al\u0131\u015fmas\u0131n\u0131 yapm\u0131\u015f ve maliyeti de \u00e7\u0131karm\u0131\u015f olmas\u0131 gerekmektedir. \u015eayet yap\u0131lm\u0131\u015fsa, bu fizibilite \u00e7al\u0131\u015fmas\u0131n\u0131n veya tadilat ve restorasyon ihtiyac\u0131 ile ilgili uzman g\u00f6r\u00fc\u015flerinin kamuoyuyla da payla\u015f\u0131lmas\u0131 \u015feffafl\u0131k ilkesi gere\u011fidir. <\/span><\/p>\n<p id=\"yui_3_13_0_ym1_1_1392703418649_9155\"><span id=\"yui_3_13_0_ym1_1_1392703418649_9153\" style=\"font-size: medium;\">Baraka K\u00fclt\u00fcr Merkezi bu maksatla, Lefko\u015fa Belediye Ba\u015fkan\u0131 ve t\u00fcm Meclis \u00fcyelerine bir dilek\u00e7e sunarak, \u015fayet varsa, ihaleye \u00e7\u0131k\u0131lmadan \u00f6nce Arabahmet K\u00fclt\u00fcr Evi hakk\u0131nda Belediye taraf\u0131ndan yap\u0131lan fizibiltie raporu hakk\u0131nda bilgi edinme talebinde bulundu. <\/span><\/p>\n<p id=\"yui_3_13_0_ym1_1_1392703418649_9156\"><span style=\"font-size: medium;\">\u00a0<\/span><\/p>\n","protected":false},"excerpt":{"rendered":"<p>Baraka K\u00fclt\u00fcr Merkezi, Arabahmet K\u00fclt\u00fcr Evi\u2019nin Girne Amerikan \u00dcniversitesi\u2019ne kiralanmas\u0131yla ilgili olarak, gerek Belediye yetkilileriyle g\u00f6r\u00fc\u015ferek gerekse kitle toplant\u0131lar\u0131 ve bas\u0131n a\u00e7\u0131klamalar\u0131 yaparak \u00f6zelle\u015ftirmeye kar\u015f\u0131<\/p>\n","protected":false},"author":1,"featured_media":2193,"comment_status":"open","ping_status":"open","sticky":false,"template":"","format":"standard","meta":{"jetpack_post_was_ever_published":false,"_jetpack_newsletter_access":"","_jetpack_newsletter_tier_id":0,"jetpack_publicize_message":"","jetpack_is_tweetstorm":false,"jetpack_publicize_feature_enabled":true,"jetpack_social_post_already_shared":true,"jetpack_social_options":{"image_generator_settings":{"template":"highway","enabled":false}}},"categories":[1],"tags":[],"jetpack_publicize_connections":[],"jetpack_featured_media_url":"https:\/\/baraka.cc\/wp-content\/uploads\/2014\/02\/ltb-foto.jpg","jetpack_shortlink":"https:\/\/wp.me\/p4eHWX-zm","jetpack_sharing_enabled":true,"_links":{"self":[{"href":"https:\/\/baraka.cc\/index.php?rest_route=\/wp\/v2\/posts\/2192"}],"collection":[{"href":"https:\/\/baraka.cc\/index.php?rest_route=\/wp\/v2\/posts"}],"about":[{"href":"https:\/\/baraka.cc\/index.php?rest_route=\/wp\/v2\/types\/post"}],"author":[{"embeddable":true,"href":"https:\/\/baraka.cc\/index.php?rest_route=\/wp\/v2\/users\/1"}],"replies":[{"embeddable":true,"href":"https:\/\/baraka.cc\/index.php?rest_route=%2Fwp%2Fv2%2Fcomments&post=2192"}],"version-history":[{"count":1,"href":"https:\/\/baraka.cc\/index.php?rest_route=\/wp\/v2\/posts\/2192\/revisions"}],"predecessor-version":[{"id":2194,"href":"https:\/\/baraka.cc\/index.php?rest_route=\/wp\/v2\/posts\/2192\/revisions\/2194"}],"wp:featuredmedia":[{"embeddable":true,"href":"https:\/\/baraka.cc\/index.php?rest_route=\/wp\/v2\/media\/2193"}],"wp:attachment":[{"href":"https:\/\/baraka.cc\/index.php?rest_route=%2Fwp%2Fv2%2Fmedia&parent=2192"}],"wp:term":[{"taxonomy":"category","embeddable":true,"href":"https:\/\/baraka.cc\/index.php?rest_route=%2Fwp%2Fv2%2Fcategories&post=2192"},{"taxonomy":"post_tag","embeddable":true,"href":"https:\/\/baraka.cc\/index.php?rest_route=%2Fwp%2Fv2%2Ftags&post=2192"}],"curies":[{"name":"wp","href":"https:\/\/api.w.org\/{rel}","templated":true}]}}