{"id":2196,"date":"2014-02-18T13:47:23","date_gmt":"2014-02-18T11:47:23","guid":{"rendered":"https:\/\/baraka.cc\/?p=2196"},"modified":"2014-02-18T13:47:23","modified_gmt":"2014-02-18T11:47:23","slug":"sanayi-holding-belgeselinin-galasi-yapildi","status":"publish","type":"post","link":"https:\/\/baraka.cc\/?p=2196","title":{"rendered":"Sanayi Holding Belgeseli\u2019nin galas\u0131 yap\u0131ld\u0131"},"content":{"rendered":"<div id=\"yui_3_13_0_ym1_1_1392723047411_2486\">\n<div id=\"yiv7136538977\">\n<div dir=\"ltr\" id=\"yui_3_13_0_ym1_1_1392723047411_2485\">\n<p id=\"yui_3_13_0_ym1_1_1392723047411_2489\"><a href=\"https:\/\/baraka.cc\/wp-content\/uploads\/2014\/02\/download3.jpg\"><img decoding=\"async\" class=\"alignleft  wp-image-2197\" alt=\"download3\" src=\"https:\/\/baraka.cc\/wp-content\/uploads\/2014\/02\/download3-1024x680.jpg\" width=\"200\" srcset=\"https:\/\/baraka.cc\/wp-content\/uploads\/2014\/02\/download3-1024x680.jpg 1024w, https:\/\/baraka.cc\/wp-content\/uploads\/2014\/02\/download3-300x199.jpg 300w\" sizes=\"(max-width: 1024px) 100vw, 1024px\" \/><\/a>\u00a0 Baraka Film At\u00f6lyesi\u2019nin be\u015finci \u00fcretimi olan \u00fcretimin, dayan\u0131\u015fman\u0131n ve direni\u015fin belgeseli Sanayi Holding\u2019in gala g\u00f6sterimi d\u00fcn ak\u015fam AKM\u2019de, eski \u00e7al\u0131\u015fanlar\u0131n ve halk\u0131n yo\u011fun kat\u0131l\u0131m\u0131yla ger\u00e7ekle\u015fti. G\u00f6sterim \u00f6ncesinde ger\u00e7ekle\u015fen kokteylde, Sanayi Holding\u2019e can vermi\u015f ve y\u0131llard\u0131r g\u00f6r\u00fc\u015fmeyen emek\u00e7iler duygu dolu anlar ya\u015fad\u0131. Kokteyl s\u0131ras\u0131nda, Holding\u2019de \u00fcretilmi\u015f ve g\u00fcn\u00fcm\u00fcze kadar ula\u015fm\u0131\u015f olan masa, sandalye yatak \u00f6rt\u00fcs\u00fc gibi \u00fcr\u00fcnler sergilenirken, \u00e7e\u015fitli ki\u015filerin ar\u015fivlerinden derlenmi\u015f, Holding\u2019deki \u00e7al\u0131\u015fma ve arkada\u015fl\u0131k ortam\u0131n\u0131 g\u00f6zler \u00f6n\u00fcne seren foto\u011fraflar da sergi de yer ald\u0131.<\/p>\n<p>&nbsp;<\/p>\n<p><b>\u201c\u00dcretimden kopar\u0131ld\u0131\u011f\u0131m\u0131zdan rahats\u0131zl\u0131k duyuyordu\u2026\u201d<\/b><\/p>\n<p id=\"yui_3_13_0_ym1_1_1392723047411_2495\"><a href=\"https:\/\/baraka.cc\/wp-content\/uploads\/2014\/02\/download7.jpg\"><img decoding=\"async\" loading=\"lazy\" class=\"alignleft\" alt=\"download7\" src=\"https:\/\/baraka.cc\/wp-content\/uploads\/2014\/02\/download7-1024x680.jpg\" width=\"200\" height=\"133\" \/><\/a>G\u00f6sterim \u00f6ncesinde k\u0131sa bir konu\u015fma yapan Baraka Aktivisti Mine Balman, \u201cK\u0131br\u0131sl\u0131 T\u00fcrklerin \u00fcretimden kopar\u0131lmas\u0131ndan rahats\u0131zl\u0131k duyuyorduk. Gen\u00e7lerin i\u015fsiz kalmas\u0131ndan, yurtd\u0131\u015f\u0131na g\u00f6\u00e7 etmesinden rahats\u0131zl\u0131k duyuyorduk ve asl\u0131nda K\u0131br\u0131sl\u0131 T\u00fcrklerin de \u00fcretebildi\u011fini, yeniden \u00fcretebilece\u011fini \u00f6zellikle gen\u00e7 ku\u015faklara sinema yoluyla aktarmak istiyorduk. Bu belgesel b\u00f6yle ortaya \u00e7\u0131kt\u0131\u201d dedi. Konu\u015fmas\u0131n\u0131n sonunda Sanayi Holding\u2019e emek vermi\u015f t\u00fcm emek\u00e7ilere te\u015fekk\u00fcr eden Balman, \u201cSiz olmasayd\u0131n\u0131z, Sanayi Holding\u2019de olmazd\u0131\u201d dedi.<\/p>\n<p>&nbsp;<\/p>\n<p id=\"yui_3_13_0_ym1_1_1392723047411_2499\"><b id=\"yui_3_13_0_ym1_1_1392723047411_2498\">K\u0131zg\u0131nl\u0131k, g\u00f6zya\u015f\u0131 ve kahkaha i\u00e7 i\u00e7e\u2026<\/b><\/p>\n<p><a href=\"https:\/\/baraka.cc\/wp-content\/uploads\/2014\/02\/download4.jpg\"><img decoding=\"async\" loading=\"lazy\" class=\"alignleft\" alt=\"download4\" src=\"https:\/\/baraka.cc\/wp-content\/uploads\/2014\/02\/download4-1024x680.jpg\" width=\"200\" height=\"133\" \/><\/a>Belgeseli izleyenler, g\u00f6sterim s\u0131ras\u0131nda T\u00fcrkiye, Ortado\u011fu ve Avrupa\u2019n\u0131n farkl\u0131 yerlerine \u00fcretim yap\u0131p mal ihra\u00e7 eden b\u00f6yle bir kurumun ya\u011fmalan\u0131p bilin\u00e7li olarak kapat\u0131lmas\u0131na k\u0131zarken, orada kurulan dostluklar\u0131n anlat\u0131ld\u0131\u011f\u0131 sahnelerde duygu dolu anlar ya\u015fad\u0131.<\/p>\n<p><b>\u00a0<\/b><\/p>\n<p><b>\u0130kinci g\u00f6sterim Cumartesi g\u00fcn\u00fc\u2026<\/b><\/p>\n<p id=\"yui_3_13_0_ym1_1_1392723047411_2501\">K\u0131br\u0131sl\u0131 T\u00fcrklerin gerek \u00fcretim gerekse sendikal m\u00fccadele tarihinde \u00e7ok \u00f6nemli bir yeri olan Sanayi Holding Belgeseli\u2019nin ikinci g\u00f6sterimi ise 22 \u015eubat Cumartesi saat 19:00\u2019da yine AKM\u2019de ger\u00e7ekle\u015ftirilecek.<\/p>\n<p>&nbsp;<\/p>\n<p><b>13 emek\u00e7inin bireysel tan\u0131kl\u0131\u011f\u0131 var\u2026<\/b><\/p>\n<p id=\"yui_3_13_0_ym1_1_1392723047411_2503\">D\u00f6rt ayl\u0131k ar\u015fiv \u00e7al\u0131\u015fmas\u0131, iki ayl\u0131k \u00e7ekim ve iki ayl\u0131k kurgu s\u00fcrecinin ard\u0131ndan, tamamlanan belgesel\u00a0filmde, Sanayi Holding\u2019de farkl\u0131 fabrikalarda \u00e7al\u0131\u015fm\u0131\u015f 13 emek\u00e7inin bireysel tan\u0131kl\u0131klar\u0131 yer al\u0131yor. Ar\u015fiv \u00e7al\u0131\u015fmas\u0131nda, Halk\u0131n Sesi, YeniD\u00fczen, Devi\u015f\u2019in Sesi, S\u00f6z ve Ba\u011f\u0131ms\u0131zl\u0131k Yolu gibi gazete ar\u015fivlerinden yararlan\u0131l\u0131rken, Haspolat, Omorfo, Ma\u011fusa ve Lefko\u015fa\u2019da faaliyet g\u00f6steren fabrikalar\u0131n \u00e7ekimleri de yap\u0131ld\u0131. Belgeselde kullan\u0131lan \u201cYolda\u201d isimli \u00f6zg\u00fcn m\u00fczik ise Baraka M\u00fczik Toplulu\u011fu Sol Anahtar\u0131\u2019na ait.<\/p>\n<p id=\"yui_3_13_0_ym1_1_1392723047411_2516\">\n<p id=\"yui_3_13_0_ym1_1_1392723047411_2505\">\n<p>Fragman: <a id=\"yiv7136538977yui_3_13_0_ym1_1_1392720724624_9265\" href=\"http:\/\/youtu.be\/aDVWQp-hzn0\" target=\"_blank\" rel=\"nofollow\">http:\/\/youtu.be\/aDVWQp-hzn0<\/a><\/p>\n<\/div>\n<\/div>\n<\/div>\n","protected":false},"excerpt":{"rendered":"<p>\u00a0 Baraka Film At\u00f6lyesi\u2019nin be\u015finci \u00fcretimi olan \u00fcretimin, dayan\u0131\u015fman\u0131n ve direni\u015fin belgeseli Sanayi Holding\u2019in gala g\u00f6sterimi d\u00fcn ak\u015fam AKM\u2019de, eski \u00e7al\u0131\u015fanlar\u0131n ve halk\u0131n yo\u011fun kat\u0131l\u0131m\u0131yla<\/p>\n","protected":false},"author":1,"featured_media":2197,"comment_status":"open","ping_status":"open","sticky":false,"template":"","format":"standard","meta":{"jetpack_post_was_ever_published":false,"_jetpack_newsletter_access":"","_jetpack_newsletter_tier_id":0,"jetpack_publicize_message":"","jetpack_is_tweetstorm":false,"jetpack_publicize_feature_enabled":true,"jetpack_social_post_already_shared":true,"jetpack_social_options":{"image_generator_settings":{"template":"highway","enabled":false}}},"categories":[26],"tags":[],"jetpack_publicize_connections":[],"jetpack_featured_media_url":"https:\/\/baraka.cc\/wp-content\/uploads\/2014\/02\/download3.jpg","jetpack_shortlink":"https:\/\/wp.me\/p4eHWX-zq","jetpack_sharing_enabled":true,"_links":{"self":[{"href":"https:\/\/baraka.cc\/index.php?rest_route=\/wp\/v2\/posts\/2196"}],"collection":[{"href":"https:\/\/baraka.cc\/index.php?rest_route=\/wp\/v2\/posts"}],"about":[{"href":"https:\/\/baraka.cc\/index.php?rest_route=\/wp\/v2\/types\/post"}],"author":[{"embeddable":true,"href":"https:\/\/baraka.cc\/index.php?rest_route=\/wp\/v2\/users\/1"}],"replies":[{"embeddable":true,"href":"https:\/\/baraka.cc\/index.php?rest_route=%2Fwp%2Fv2%2Fcomments&post=2196"}],"version-history":[{"count":2,"href":"https:\/\/baraka.cc\/index.php?rest_route=\/wp\/v2\/posts\/2196\/revisions"}],"predecessor-version":[{"id":2201,"href":"https:\/\/baraka.cc\/index.php?rest_route=\/wp\/v2\/posts\/2196\/revisions\/2201"}],"wp:featuredmedia":[{"embeddable":true,"href":"https:\/\/baraka.cc\/index.php?rest_route=\/wp\/v2\/media\/2197"}],"wp:attachment":[{"href":"https:\/\/baraka.cc\/index.php?rest_route=%2Fwp%2Fv2%2Fmedia&parent=2196"}],"wp:term":[{"taxonomy":"category","embeddable":true,"href":"https:\/\/baraka.cc\/index.php?rest_route=%2Fwp%2Fv2%2Fcategories&post=2196"},{"taxonomy":"post_tag","embeddable":true,"href":"https:\/\/baraka.cc\/index.php?rest_route=%2Fwp%2Fv2%2Ftags&post=2196"}],"curies":[{"name":"wp","href":"https:\/\/api.w.org\/{rel}","templated":true}]}}