{"id":2223,"date":"2014-03-01T09:59:23","date_gmt":"2014-03-01T07:59:23","guid":{"rendered":"https:\/\/baraka.cc\/?p=2223"},"modified":"2014-03-01T09:59:23","modified_gmt":"2014-03-01T07:59:23","slug":"sorusturmalar-tutuklamalar-baskilar-bizi-yildiramaz","status":"publish","type":"post","link":"https:\/\/baraka.cc\/?p=2223","title":{"rendered":"\u201cSoru\u015fturmalar, Tutuklamalar, Bask\u0131lar Bizi Y\u0131ld\u0131ramaz\u201d"},"content":{"rendered":"<p>Sol partiler \u00a0ve demokratik kitle \u00f6rg\u00fctleri, \u201cK\u0131br\u0131s\u2019ta Vicdani Ret \u0130nisiyatifi\u201dnin organizasyonuyla, \u201cvicdani ret\u201d eylemi ger\u00e7ekle\u015ftirdi.<\/p>\n<p>Eylemde, Murat Kanatl\u0131\u2019n\u0131n vicdani ret hakk\u0131n\u0131 kullanmak istedi\u011fi i\u00e7in hapis cezas\u0131 almas\u0131 k\u0131nand\u0131.<\/p>\n<p>Ku\u011fulu Park\u2019ta toplanan eylemciler sloganlar atarak T\u00fcrkiye\u2019nin Lefko\u015fa B\u00fcy\u00fckel\u00e7ili\u011fi \u00f6n\u00fcne y\u00fcr\u00fcd\u00fc.<\/p>\n<p>Y\u00fcr\u00fcy\u00fc\u015f s\u0131ras\u0131nda\u00a0 \u201c\u0130syanday\u0131z.\u201d, \u201cUtan\u0131n\u201d, \u201cVicdan\u0131m\u0131z Karar\u0131 Reddediyor\u201d, \u201cSiyasi Mahkumlara \u00d6zg\u00fcrl\u00fck\u201d, \u201cYurt \u00d6devimiz Bar\u0131\u015f. Vicdani Ret Hakk\u0131m\u0131z\u201d yaz\u0131l\u0131 pankartlar ta\u015f\u0131nd\u0131.<\/p>\n<p>Eylemde s\u0131k s\u0131k \u201cYa\u015fas\u0131n devrinci dayan\u0131\u015fmam\u0131z\u201d, \u201cAnkara Elini Yakam\u0131zdan \u00c7ek\u201d, \u201cSoru\u015fturmalar, Tutuklamalar, Bask\u0131lar Bizi Y\u0131ld\u0131ramaz\u201d gibi sloganlar da at\u0131ld\u0131.<\/p>\n<p>TDP, BKP, YKP ve Baraka K\u00fclt\u00fcr Merkezi ile baz\u0131 demokratik kitle \u00f6rg\u00fctlerinin ortak bas\u0131n a\u00e7\u0131klamas\u0131 Halil Karapa\u015fao\u011flu taraf\u0131ndan okundu.<\/p>\n<p>Karapa\u015fao\u011flu,\u00a0 vicdani ret hakk\u0131n\u0131n\u00a0 insan haklar\u0131 temelinde hemen uygulanmas\u0131n\u0131 talep ettiklerini ifade etti.<\/p>\n<p>Karapa\u015fao\u011flu,\u00a0 zorunlu askerlik ile seferberli\u011fe kat\u0131lmay\u0131 reddedenler hakk\u0131nda soru\u015fturma, cezaland\u0131rma ve hapis cezalar\u0131n\u0131n son bulmas\u0131n\u0131 istedi.<br \/>\nA\u00e7\u0131klaman\u0131n okunmas\u0131n\u0131n ard\u0131ndan stant a\u00e7\u0131larak,\u00a0 vicdani ret ile ilgili davalar\u0131n geri \u00e7ekilmesi ve vicdani ret hakk\u0131n\u0131n uygulanmas\u0131 istemiyle imza kampanyas\u0131 ba\u015flat\u0131ld\u0131.<\/p>\n","protected":false},"excerpt":{"rendered":"<p>Sol partiler \u00a0ve demokratik kitle \u00f6rg\u00fctleri, \u201cK\u0131br\u0131s\u2019ta Vicdani Ret \u0130nisiyatifi\u201dnin organizasyonuyla, \u201cvicdani ret\u201d eylemi ger\u00e7ekle\u015ftirdi. Eylemde, Murat Kanatl\u0131\u2019n\u0131n vicdani ret hakk\u0131n\u0131 kullanmak istedi\u011fi i\u00e7in hapis<\/p>\n","protected":false},"author":1,"featured_media":2224,"comment_status":"open","ping_status":"open","sticky":false,"template":"","format":"standard","meta":{"jetpack_post_was_ever_published":false,"_jetpack_newsletter_access":"","_jetpack_newsletter_tier_id":0,"jetpack_publicize_message":"","jetpack_is_tweetstorm":false,"jetpack_publicize_feature_enabled":true,"jetpack_social_post_already_shared":true,"jetpack_social_options":{"image_generator_settings":{"template":"highway","enabled":false}}},"categories":[66],"tags":[],"jetpack_publicize_connections":[],"jetpack_featured_media_url":"https:\/\/baraka.cc\/wp-content\/uploads\/2014\/03\/1393607903-292x242.jpg","jetpack_shortlink":"https:\/\/wp.me\/p4eHWX-zR","jetpack_sharing_enabled":true,"_links":{"self":[{"href":"https:\/\/baraka.cc\/index.php?rest_route=\/wp\/v2\/posts\/2223"}],"collection":[{"href":"https:\/\/baraka.cc\/index.php?rest_route=\/wp\/v2\/posts"}],"about":[{"href":"https:\/\/baraka.cc\/index.php?rest_route=\/wp\/v2\/types\/post"}],"author":[{"embeddable":true,"href":"https:\/\/baraka.cc\/index.php?rest_route=\/wp\/v2\/users\/1"}],"replies":[{"embeddable":true,"href":"https:\/\/baraka.cc\/index.php?rest_route=%2Fwp%2Fv2%2Fcomments&post=2223"}],"version-history":[{"count":1,"href":"https:\/\/baraka.cc\/index.php?rest_route=\/wp\/v2\/posts\/2223\/revisions"}],"predecessor-version":[{"id":2225,"href":"https:\/\/baraka.cc\/index.php?rest_route=\/wp\/v2\/posts\/2223\/revisions\/2225"}],"wp:featuredmedia":[{"embeddable":true,"href":"https:\/\/baraka.cc\/index.php?rest_route=\/wp\/v2\/media\/2224"}],"wp:attachment":[{"href":"https:\/\/baraka.cc\/index.php?rest_route=%2Fwp%2Fv2%2Fmedia&parent=2223"}],"wp:term":[{"taxonomy":"category","embeddable":true,"href":"https:\/\/baraka.cc\/index.php?rest_route=%2Fwp%2Fv2%2Fcategories&post=2223"},{"taxonomy":"post_tag","embeddable":true,"href":"https:\/\/baraka.cc\/index.php?rest_route=%2Fwp%2Fv2%2Ftags&post=2223"}],"curies":[{"name":"wp","href":"https:\/\/api.w.org\/{rel}","templated":true}]}}