{"id":2234,"date":"2014-03-06T12:52:27","date_gmt":"2014-03-06T10:52:27","guid":{"rendered":"https:\/\/baraka.cc\/?p=2234"},"modified":"2014-03-06T12:52:27","modified_gmt":"2014-03-06T10:52:27","slug":"isiniz-boru","status":"publish","type":"post","link":"https:\/\/baraka.cc\/?p=2234","title":{"rendered":"\u0130\u015finiz Boru!"},"content":{"rendered":"<div id=\"yui_3_13_0_ym1_1_1394102907148_2358\">\n<div id=\"yui_3_13_0_ym1_1_1394102907148_2363\">\n<div id=\"yiv3991084258\">\n<div id=\"yui_3_13_0_ym1_1_1394102907148_2365\"><span id=\"yui_3_13_0_ym1_1_1394102907148_2364\" style=\"color: #006600; font-size: large;\">Baraka K\u00fclt\u00fcr Merkezi, Biyologlar Derne\u011fi ve Pir Sultan Abdal K\u00fclt\u00fcr Derne\u011fi olarak, 7 Mart Cuma g\u00fcn\u00fc, saat 16.00&#8217;da, G\u00f6nyeli \u00c7emberi&#8217;ndeki borular\u0131n \u00f6n\u00fcnde &#8220;\u0130\u015finiz Boru&#8221; ba\u015fl\u0131kl\u0131 bir bas\u0131n a\u00e7\u0131kllamas\u0131 yaparak T\u00fcrkiye&#8217;den su getirme projesiyle ilgili son durumu ve tespitlerimizi bas\u0131n ve kamuoyu ile payla\u015faca\u011f\u0131z. <\/span><\/div>\n<div><\/div>\n<div id=\"yui_3_13_0_ym1_1_1394102907148_2367\"><span id=\"yui_3_13_0_ym1_1_1394102907148_2366\" style=\"color: #006600; font-size: large;\">\u00a0<\/span><\/div>\n<\/div>\n<\/div>\n<\/div>\n","protected":false},"excerpt":{"rendered":"<p>Baraka K\u00fclt\u00fcr Merkezi, Biyologlar Derne\u011fi ve Pir Sultan Abdal K\u00fclt\u00fcr Derne\u011fi olarak, 7 Mart Cuma g\u00fcn\u00fc, saat 16.00&#8217;da, G\u00f6nyeli \u00c7emberi&#8217;ndeki borular\u0131n \u00f6n\u00fcnde &#8220;\u0130\u015finiz Boru&#8221; ba\u015fl\u0131kl\u0131<\/p>\n","protected":false},"author":1,"featured_media":2235,"comment_status":"open","ping_status":"open","sticky":false,"template":"","format":"standard","meta":{"jetpack_post_was_ever_published":false,"_jetpack_newsletter_access":"","_jetpack_newsletter_tier_id":0,"jetpack_publicize_message":"","jetpack_is_tweetstorm":false,"jetpack_publicize_feature_enabled":true,"jetpack_social_post_already_shared":true,"jetpack_social_options":{"image_generator_settings":{"template":"highway","enabled":false}}},"categories":[1],"tags":[],"jetpack_publicize_connections":[],"jetpack_featured_media_url":"https:\/\/baraka.cc\/wp-content\/uploads\/2014\/03\/asrin-projesi-kibrisin-ekolojik-dengesini-bozacak-1.jpg","jetpack_shortlink":"https:\/\/wp.me\/p4eHWX-A2","jetpack_sharing_enabled":true,"_links":{"self":[{"href":"https:\/\/baraka.cc\/index.php?rest_route=\/wp\/v2\/posts\/2234"}],"collection":[{"href":"https:\/\/baraka.cc\/index.php?rest_route=\/wp\/v2\/posts"}],"about":[{"href":"https:\/\/baraka.cc\/index.php?rest_route=\/wp\/v2\/types\/post"}],"author":[{"embeddable":true,"href":"https:\/\/baraka.cc\/index.php?rest_route=\/wp\/v2\/users\/1"}],"replies":[{"embeddable":true,"href":"https:\/\/baraka.cc\/index.php?rest_route=%2Fwp%2Fv2%2Fcomments&post=2234"}],"version-history":[{"count":1,"href":"https:\/\/baraka.cc\/index.php?rest_route=\/wp\/v2\/posts\/2234\/revisions"}],"predecessor-version":[{"id":2236,"href":"https:\/\/baraka.cc\/index.php?rest_route=\/wp\/v2\/posts\/2234\/revisions\/2236"}],"wp:featuredmedia":[{"embeddable":true,"href":"https:\/\/baraka.cc\/index.php?rest_route=\/wp\/v2\/media\/2235"}],"wp:attachment":[{"href":"https:\/\/baraka.cc\/index.php?rest_route=%2Fwp%2Fv2%2Fmedia&parent=2234"}],"wp:term":[{"taxonomy":"category","embeddable":true,"href":"https:\/\/baraka.cc\/index.php?rest_route=%2Fwp%2Fv2%2Fcategories&post=2234"},{"taxonomy":"post_tag","embeddable":true,"href":"https:\/\/baraka.cc\/index.php?rest_route=%2Fwp%2Fv2%2Ftags&post=2234"}],"curies":[{"name":"wp","href":"https:\/\/api.w.org\/{rel}","templated":true}]}}