{"id":2238,"date":"2014-03-07T10:20:25","date_gmt":"2014-03-07T08:20:25","guid":{"rendered":"https:\/\/baraka.cc\/?p=2238"},"modified":"2014-03-13T08:22:22","modified_gmt":"2014-03-13T06:22:22","slug":"baraka-kultur-merkezinin-8-mart-dunya-emekci-kadinlar-gunu-mesaji","status":"publish","type":"post","link":"https:\/\/baraka.cc\/?p=2238","title":{"rendered":"BARAKA K\u00dcLT\u00dcR MERKEZ\u0130\u2019N\u0130N 8 MART D\u00dcNYA EMEK\u00c7\u0130 KADINLAR G\u00dcN\u00dc MESAJI"},"content":{"rendered":"<p id=\"yui_3_13_0_ym1_1_1394171479049_48072\"><b id=\"yui_3_13_0_ym1_1_1394171479049_48071\"><i id=\"yui_3_13_0_ym1_1_1394171479049_48070\"><a href=\"https:\/\/baraka.cc\/wp-content\/uploads\/2014\/03\/8martfoto.jpg\"><img decoding=\"async\" class=\"alignleft  wp-image-2239\" alt=\"8martfoto\" src=\"https:\/\/baraka.cc\/wp-content\/uploads\/2014\/03\/8martfoto.jpg\" width=\"200\" srcset=\"https:\/\/baraka.cc\/wp-content\/uploads\/2014\/03\/8martfoto.jpg 960w, https:\/\/baraka.cc\/wp-content\/uploads\/2014\/03\/8martfoto-300x199.jpg 300w\" sizes=\"(max-width: 960px) 100vw, 960px\" \/><\/a>8 Mart Cumartesi g\u00fcn\u00fc saat 14.00\u2019te Meclis \u00f6n\u00fcnden ba\u015flayacak olan y\u00fcr\u00fcy\u00fc\u015fe, kendi kortejiyle kat\u0131lacak olan Baraka K\u00fclt\u00fcr Merkezi, D\u00fcnya Emek\u00e7i Kad\u0131nlar G\u00fcn\u00fc mesaj\u0131 yay\u0131nlad\u0131. <\/i><\/b><\/p>\n<p id=\"yui_3_13_0_ym1_1_1394171479049_48194\">Ekonomik ve sosyal haklar\u0131n budand\u0131\u011f\u0131, gerici politikalar\u0131n sinsice uyguland\u0131\u011f\u0131, zamlar ve \u00f6zelle\u015ftirmelerle ya\u015fam kalitesinin d\u00fc\u015ft\u00fc\u011f\u00fc, kad\u0131nlara uygulanan psikolojik, ekonomik, fiziksel ve politik \u015fiddetin \u00e7o\u011falarak devam etti\u011fi bir ortamda, Baraka K\u00fclt\u00fcr Merkezi olarak, 8 Mart D\u00fcnya Emek\u00e7i Kad\u0131nlar G\u00fcn\u00fc\u2019nde, m\u00fccadelemizi y\u00fckseltmek ve taleplerimizi hayk\u0131rmak i\u00e7in yine sokaklarday\u0131z.<\/p>\n<p id=\"yui_3_13_0_ym1_1_1394171479049_48196\">Ge\u00e7mi\u015f CTP h\u00fck\u00fcmeti d\u00f6neminde kad\u0131nlara arma\u011fan edilen, y\u0131pranma pay\u0131n\u0131 kald\u0131ran ve emeklilik ya\u015f\u0131n\u0131 art\u0131ran s\u00f6zde Sosyal G\u00fcvenlik Yasas\u0131\u2019n\u0131n ard\u0131ndan, ge\u00e7mi\u015f UBP h\u00fck\u00fcmetinin icraat\u0131 G\u00f6\u00e7 Yasas\u0131 ve \u00d6zelle\u015ftirme Yasas\u0131 ile emek\u00e7i kad\u0131nlar\u0131n haklar\u0131 budanmaya devam edildi. \u015eimdi ise elektri\u011fe yap\u0131lan zamla ba\u015flayan zam furyas\u0131, toplumsal roller gere\u011fi hayat\u0131n t\u00fcm y\u00fck\u00fcn\u00fc s\u0131rt\u0131nda ta\u015f\u0131yan kad\u0131nlar\u0131 peri\u015fan ediyor.<\/p>\n<p id=\"yui_3_13_0_ym1_1_1394171479049_48198\">CTP-BG DP-UG h\u00fck\u00fcmetinin asgari \u00fccretliye reva g\u00f6rd\u00fc\u011f\u00fc\u00a0 100 TL\u2019lik art\u0131\u015f ise, ya\u015fanan zam furyas\u0131n\u0131n ard\u0131ndan emek\u00e7inin eline ge\u00e7emeden eriyip gidiyor. \u00d6zel sekt\u00f6rde \u00e7al\u0131\u015fan emek\u00e7i kad\u0131nlar, sendikas\u0131z \u00e7al\u0131\u015fman\u0131n getirdi\u011fi d\u00fc\u015f\u00fck \u00fccretlere, uzun ve d\u00fczensiz \u00e7al\u0131\u015fma saatlerine mecbur b\u0131rak\u0131l\u0131yor. \u00dcyelerinin b\u00fcy\u00fck \u00e7o\u011funlu\u011fu kad\u0131nlardan olu\u015fan sendikalar ise kad\u0131nlar\u0131n \u00e7al\u0131\u015fma ve sosyal ya\u015fam\u0131n\u0131 kolayla\u015ft\u0131racak politikalar \u00fcretmekte yetersiz ve sinik kal\u0131yor. Kad\u0131nlar\u0131n, \u00e7al\u0131\u015fma ya\u015fam\u0131na at\u0131lmas\u0131nda \u00e7ok \u00f6nemli bir yere sahip olan \u00fccretsiz kre\u015f talebi devletin kar\u015f\u0131s\u0131na \u00e7\u0131kart\u0131lm\u0131yor. Son y\u0131llarda artarak devam etmekte olan neoliberal politikalar, e\u011fitim ve sa\u011fl\u0131\u011f\u0131 da piyasala\u015ft\u0131r\u0131rken, bunlardan yine en \u00e7ok etkilenen kad\u0131nlar oluyor.<\/p>\n<p>Kad\u0131na y\u00f6nelik \u015fiddeti g\u00f6rmezden gelen ve yokmu\u015f gibi davranan devlet, y\u0131llard\u0131r talep etti\u011fimiz s\u0131\u011f\u0131nma evini yapmak yerine, toplumun ihtiyac\u0131 olmayan ve kad\u0131n\u0131 toplumda yok sayan gerici politikalar\u0131n \u00fcr\u00fcn\u00fc, cami, k\u00fclliye ve imam hatipler in\u015fa ediyor.<\/p>\n<p id=\"yui_3_13_0_ym1_1_1394171479049_48200\">Gece kul\u00fcplerinde ya\u015fanan taciz ve cinayetler yok say\u0131l\u0131rken, polisin y\u0131lda birka\u00e7 kez gece kul\u00fcplerine yapt\u0131\u011f\u0131 \u201cHuzur Operasyonlar\u0131\u201dn\u0131n\u00a0 da amac\u0131 bilinmiyor! G\u00fcvencesiz ve sa\u011fl\u0131ks\u0131z ko\u015fullarda \u00e7al\u0131\u015fmak zorunda b\u0131rak\u0131lan seks i\u015f\u00e7isi kad\u0131nlar\u0131n \u00f6rg\u00fctlenme ve sosyal g\u00fcvence haklar\u0131 g\u00f6rmezden gelinmeye devam ediyor.<\/p>\n<p id=\"yui_3_13_0_ym1_1_1394171479049_48202\">K\u0131br\u0131s m\u00fczakerelerinin iki y\u0131l aradan sonra yeniden ba\u015flamas\u0131yla \u00fclkede yeni bir s\u00fcrece giriliyor ama girilen bu s\u00fcre\u00e7te ger\u00e7ek \u00f6zneler olan halk yine yer alm\u0131yor. Kurulan m\u00fczakere masalar\u0131nda, halk oturmuyor. Adada ger\u00e7ek anlamda bir bar\u0131\u015f i\u00e7in K\u0131br\u0131sl\u0131 Elenler ve K\u0131br\u0131sl\u0131 T\u00fcrkler, kad\u0131nlar\u0131n da yer ald\u0131\u011f\u0131, g\u00fcndelik ya\u015fam pratikleri ile bir birlerine temas etmeli, ortak m\u00fccadelelerini y\u00fckseltmelidirler.\u00a0 Olas\u0131 bir anla\u015fman\u0131n ard\u0131ndan iki halk\u0131n, b\u00fct\u00fcn d\u00fcnyada y\u0131k\u0131c\u0131 etkisini g\u00f6steren neoliberal politikalara kar\u015f\u0131 birlikte m\u00fccadele etmesi ger\u00e7ek anlamda bir yak\u0131nla\u015fmay\u0131 sa\u011flayacak esas olgulardan birisidir. Alk\u0131\u015flanacak olan masada imzalanan bir anla\u015fma de\u011fil ama anla\u015fman\u0131n ard\u0131ndan sol ve ilerici g\u00fc\u00e7lerin verecekleri emek ve bar\u0131\u015f eksenli ortak m\u00fccadeledir.<\/p>\n<p>Biz, Baraka aktivistleri, emek\u00e7i kad\u0131nlar\u0131n haklar\u0131 i\u00e7in, kad\u0131n\u0131n g\u00f6r\u00fcn\u00fcr k\u0131l\u0131nmas\u0131 ve \u015fiddetin son bulmas\u0131 i\u00e7in, adada ger\u00e7ek bir bar\u0131\u015f\u0131n sa\u011flanmas\u0131 i\u00e7in, dayatmalara ve gerici politikalara dur demek i\u00e7in m\u00fccadeleyi asla b\u0131rakm\u0131yoruz. 8 Mart emek\u00e7i kad\u0131nlar\u0131n m\u00fccadelesinde \u00e7ok \u00f6nemli bir g\u00fcnd\u00fcr Ama biz, kad\u0131nlar\u0131n insanca ya\u015fad\u0131\u011f\u0131 ve g\u00f6rmezden gelinmedi\u011fi bir d\u00fcnya i\u00e7in sesimizi her zaman y\u00fckseltmeye devam edece\u011fiz.<\/p>\n<p>&nbsp;<\/p>\n","protected":false},"excerpt":{"rendered":"<p>8 Mart Cumartesi g\u00fcn\u00fc saat 14.00\u2019te Meclis \u00f6n\u00fcnden ba\u015flayacak olan y\u00fcr\u00fcy\u00fc\u015fe, kendi kortejiyle kat\u0131lacak olan Baraka K\u00fclt\u00fcr Merkezi, D\u00fcnya Emek\u00e7i Kad\u0131nlar G\u00fcn\u00fc mesaj\u0131 yay\u0131nlad\u0131. Ekonomik<\/p>\n","protected":false},"author":1,"featured_media":2240,"comment_status":"open","ping_status":"open","sticky":false,"template":"","format":"standard","meta":{"jetpack_post_was_ever_published":false,"_jetpack_newsletter_access":"","_jetpack_newsletter_tier_id":0,"jetpack_publicize_message":"","jetpack_is_tweetstorm":false,"jetpack_publicize_feature_enabled":true,"jetpack_social_post_already_shared":true,"jetpack_social_options":{"image_generator_settings":{"template":"highway","enabled":false}}},"categories":[41,38,53],"tags":[],"jetpack_publicize_connections":[],"jetpack_featured_media_url":"https:\/\/baraka.cc\/wp-content\/uploads\/2014\/03\/8martfoto1.jpg","jetpack_shortlink":"https:\/\/wp.me\/p4eHWX-A6","jetpack_sharing_enabled":true,"_links":{"self":[{"href":"https:\/\/baraka.cc\/index.php?rest_route=\/wp\/v2\/posts\/2238"}],"collection":[{"href":"https:\/\/baraka.cc\/index.php?rest_route=\/wp\/v2\/posts"}],"about":[{"href":"https:\/\/baraka.cc\/index.php?rest_route=\/wp\/v2\/types\/post"}],"author":[{"embeddable":true,"href":"https:\/\/baraka.cc\/index.php?rest_route=\/wp\/v2\/users\/1"}],"replies":[{"embeddable":true,"href":"https:\/\/baraka.cc\/index.php?rest_route=%2Fwp%2Fv2%2Fcomments&post=2238"}],"version-history":[{"count":1,"href":"https:\/\/baraka.cc\/index.php?rest_route=\/wp\/v2\/posts\/2238\/revisions"}],"predecessor-version":[{"id":2241,"href":"https:\/\/baraka.cc\/index.php?rest_route=\/wp\/v2\/posts\/2238\/revisions\/2241"}],"wp:featuredmedia":[{"embeddable":true,"href":"https:\/\/baraka.cc\/index.php?rest_route=\/wp\/v2\/media\/2240"}],"wp:attachment":[{"href":"https:\/\/baraka.cc\/index.php?rest_route=%2Fwp%2Fv2%2Fmedia&parent=2238"}],"wp:term":[{"taxonomy":"category","embeddable":true,"href":"https:\/\/baraka.cc\/index.php?rest_route=%2Fwp%2Fv2%2Fcategories&post=2238"},{"taxonomy":"post_tag","embeddable":true,"href":"https:\/\/baraka.cc\/index.php?rest_route=%2Fwp%2Fv2%2Ftags&post=2238"}],"curies":[{"name":"wp","href":"https:\/\/api.w.org\/{rel}","templated":true}]}}