{"id":2243,"date":"2014-03-07T22:07:15","date_gmt":"2014-03-07T20:07:15","guid":{"rendered":"https:\/\/baraka.cc\/?p=2243"},"modified":"2014-03-07T22:07:15","modified_gmt":"2014-03-07T20:07:15","slug":"uc-orgutten-ortak-aciklama-isiniz-boru","status":"publish","type":"post","link":"https:\/\/baraka.cc\/?p=2243","title":{"rendered":"\u00dc\u00e7 \u00d6rg\u00fctten Ortak A\u00e7\u0131klama: \u201c\u0130\u015finiz Boru\u201d"},"content":{"rendered":"<p id=\"yui_3_13_0_ym1_1_1394222361558_3936\"><b id=\"yui_3_13_0_ym1_1_1394222361558_3938\">Biyologlar Derne\u011fi, Baraka K\u00fclt\u00fcr Merkezi ve Pir Sultan Abdal K\u00fclt<a href=\"https:\/\/baraka.cc\/wp-content\/uploads\/2014\/03\/DSC_0051.jpg\"><img decoding=\"async\" class=\"alignleft  wp-image-2244\" alt=\"DSC_0051\" src=\"https:\/\/baraka.cc\/wp-content\/uploads\/2014\/03\/DSC_0051-1024x680.jpg\" width=\"200\" srcset=\"https:\/\/baraka.cc\/wp-content\/uploads\/2014\/03\/DSC_0051-1024x680.jpg 1024w, https:\/\/baraka.cc\/wp-content\/uploads\/2014\/03\/DSC_0051-300x199.jpg 300w\" sizes=\"(max-width: 1024px) 100vw, 1024px\" \/><\/a> \u00fcr Derne\u011fi yapt\u0131klar\u0131 ortak bas\u0131n a\u00e7\u0131klamas\u0131nda T\u00fcrkiye\u2019den borularla su getirilmesi projesinin getirece\u011fi zararlara dikkat \u00e7ekerek, egemenlere \u2018i\u015finiz boru\u2019 dedi. <\/b><\/p>\n<p id=\"yui_3_13_0_ym1_1_1394222361558_3939\"><b>\u00a0<\/b><\/p>\n<p id=\"yui_3_13_0_ym1_1_1394222361558_3941\">K\u0131br\u0131s\u2019a T\u00fcrkiye\u2019den borularla su getirme projesinin olumsuz taraflar\u0131na dikkat \u00e7ekmek \u00fczere \u00fc\u00e7 \u00f6rg\u00fct ortak bas\u0131n a\u00e7\u0131klamas\u0131 yapt\u0131. G\u00f6nyeli \u00c7emberi\u2019ndeki su borular\u0131n\u0131n \u00f6n\u00fcnde ger\u00e7ekle\u015ftirilen a\u00e7\u0131klamada \u201cAsr\u0131n Projesi\u201d oldu\u011fu iddia edilen su getirme projesinin asr\u0131n hatas\u0131 oldu\u011fu vurguland\u0131. \u00c7ember\u2019deki borularlara \u00fczerinde \u201c\u0130\u015finiz Boru\u201d yaz\u0131l\u0131 pankart as\u0131ld\u0131.<\/p>\n<p id=\"yui_3_13_0_ym1_1_1394222361558_3942\">\n<p id=\"yui_3_13_0_ym1_1_1394222361558_3944\">7 Mart 2014 g\u00fcn\u00fc bitece\u011fi s\u00f6ylenmi\u015f olan projenin hen\u00fcz tamamlanamam\u0131\u015f oldu\u011funa dikkat \u00e7ekilerek, egemenlerin bu konuda da yalan s\u00f6yledi\u011fi belirtildi.<\/p>\n<p id=\"yui_3_13_0_ym1_1_1394222361558_3946\">Biyologlar Derne\u011fi\u2019nden Hasan Sarpten taraf\u0131ndan okunan a\u00e7\u0131klamada \u015fu ifadelere yer verildi: \u201c\u015eimdi de 20 Temmuz\u2019da gelecek, olmad\u0131 Eyl\u00fcl\u2019de su gelir diyorlar. Biz de onlara i\u015finiz boru diyoruz&#8230; Onlar yine yalan s\u00f6yl\u00fcyorlar. T\u0131pk\u0131 bu projenin bizim su sorunumuzu \u00e7\u00f6zmek ve gelece\u011fimizi kurtarmak i\u00e7in oldu\u011funu s\u00f6yledikleri gibi. Yoksa, dert su sorununu \u00e7\u00f6zmek olsayd\u0131, \u00e7ok daha ucuz, \u00e7ok daha kolay ve daha da \u00f6nemlisi do\u011fa ile uyumlu i\u015fler yap\u0131labilirdi. Mesela, \u00f6nce Haspolat\u2019taki suyu ar\u0131t\u0131p \u00e7oktan Mesarya\u2019n\u0131n su sorunu \u00e7\u00f6z\u00fclebilirdi.\u201d<\/p>\n<p>&nbsp;<\/p>\n<p id=\"yui_3_13_0_ym1_1_1394222361558_3948\">Biyologlar Derne\u011fi, Baraka K\u00fclt\u00fcr Merkezi ve Pir Sultan Abdal K\u00fclt\u00fcr Derne\u011fi\u2019nin d\u00fczenledi\u011fi ortak a\u00e7\u0131klamada bu projenin \u00f6nemli bir ekolojik tahribata yol a\u00e7t\u0131\u011f\u0131 ayr\u0131ca suyun \u00f6zelle\u015ftirilmesine sebep olaca\u011f\u0131 belirtilirken, \u00fclkemizin politik ba\u011f\u0131ml\u0131l\u0131\u011f\u0131n\u0131 da artt\u0131raca\u011f\u0131na vurgu yap\u0131ld\u0131.<\/p>\n<p id=\"yui_3_13_0_ym1_1_1394222361558_3949\">\n<p id=\"yui_3_13_0_ym1_1_1394222361558_3951\">Konuyla ilgili olarak bildiride \u015funlar belirtildi: \u201cBu sorunun cevab\u0131n\u0131n \u201cHay\u0131r\u201d oldu\u011fu g\u00fcn gibi ortadad\u0131r. \u00d6yleyse, bunun ad\u0131 \u201cAsr\u0131n Projesi\u201d de\u011fil, \u201cAsr\u0131n Hatas\u0131\u201dd\u0131r. \u00c7\u00fcnk\u00fc, bu proje su sorunumuzu \u00e7\u00f6zmeyece\u011fi gibi, gelece\u011fimizi de \u00f6nemli \u00f6l\u00e7\u00fcde tehdit etmektedir. Evet; su sorunumuz vard\u0131r ve bu sorun kendi kaynaklar\u0131m\u0131z\u0131n do\u011fru kullan\u0131m\u0131yla \u00e7\u00f6z\u00fcl\u00fcr. Bu proje ile de\u011fil, \u00e7\u00fcnk\u00fc&#8230; Bu proje ile \u00e7ok b\u00fcy\u00fck bir do\u011fa tahribat\u0131 ya\u015fanacakt\u0131r, ya\u015fanmaktad\u0131r. Bu proje ile su ticari bir meta olarak sat\u0131lacak ve bedeli a\u011f\u0131r olacakt\u0131r. Bu proje ile ba\u011f\u0131ml\u0131l\u0131\u011f\u0131m\u0131z daha da artacak, s\u00f6z hakk\u0131m\u0131z daha da azalacakt\u0131r.\u201d<\/p>\n<p>&nbsp;<\/p>\n<p id=\"yui_3_13_0_ym1_1_1394222361558_3953\">Sarpten projenin do\u011faya getirece\u011fi zarara dikkat \u00e7ektikten sonra her \u015feyden \u00f6nce do\u011fa ile bar\u0131\u015f\u0131k olunmas\u0131 gerekti\u011fini ifade ederek\u00a0 \u201cBunun i\u00e7in de K\u0131br\u0131s halklar\u0131 olarak her \u015feyden \u00f6nce do\u011fayla bar\u0131\u015fmam\u0131z gerekir! Ve inan\u0131n sonras\u0131nda bar\u0131\u015f\u0131 sa\u011flamak \u00e7ok daha kolay olacakt\u0131r. Yoksa, \u201ci\u015fimiz boru\u201ddan \u00f6teye gitmez&#8230;\u201d dedi.<\/p>\n<p id=\"yui_3_13_0_ym1_1_1394222361558_3966\">\n<p id=\"yui_3_13_0_ym1_1_1394222361558_3955\">\n<p id=\"yui_3_13_0_ym1_1_1394222361558_3965\"><b>\u00a0<\/b><\/p>\n<p id=\"yui_3_13_0_ym1_1_1394222361558_3956\"><b>\u00a0<\/b><\/p>\n<p id=\"yui_3_13_0_ym1_1_1394222361558_3959\"><b id=\"yui_3_13_0_ym1_1_1394222361558_3958\">\u0130\u015fte a\u00e7\u0131klaman\u0131n tam metni:<\/b><\/p>\n<p id=\"yui_3_13_0_ym1_1_1394222361558_3967\" align=\"center\"><b>\u00a0<\/b><\/p>\n<p id=\"yui_3_13_0_ym1_1_1394222361558_3960\" align=\"center\"><b>\u00a0<\/b><\/p>\n<p id=\"yui_3_13_0_ym1_1_1394222361558_3968\" align=\"center\"><b>\u00a0<\/b><\/p>\n<p id=\"yui_3_13_0_ym1_1_1394222361558_3961\" align=\"center\"><b>\u00a0<\/b><\/p>\n<p id=\"yui_3_13_0_ym1_1_1394222361558_3969\" align=\"center\"><b>\u0130\u015e\u0130N\u0130Z BORU!<\/b><\/p>\n<p id=\"yui_3_13_0_ym1_1_1394222361558_3962\">\n<p id=\"yui_3_13_0_ym1_1_1394222361558_3964\"><b id=\"yui_3_13_0_ym1_1_1394222361558_3938\"><a href=\"https:\/\/baraka.cc\/wp-content\/uploads\/2014\/03\/DSC_0059.jpg\"><img decoding=\"async\" loading=\"lazy\" class=\"alignleft\" alt=\"DSC_0059\" src=\"https:\/\/baraka.cc\/wp-content\/uploads\/2014\/03\/DSC_0059-1024x680.jpg\" width=\"200\" height=\"133\" \/><\/a><\/b>T\u00fcrkiye\u2019den borularla su getirip \u201cta\u015f\u0131ma suyla\u201d bu adada kendi de\u011firmenlerini d\u00f6nd\u00fcrmeye \u00e7al\u0131\u015fanlar\u0131n s\u00f6ylediklerinin ger\u00e7ek d\u0131\u015f\u0131 oldu\u011fu yava\u015f yava\u015f ortaya \u00e7\u0131kmaya ba\u015flad\u0131. Bug\u00fcn, s\u00f6zde \u201cAsr\u0131n Projesi\u201dnin tamamlanaca\u011f\u0131 ve Ge\u00e7itk\u00f6y Baraj\u0131\u2019na suyun akaca\u011f\u0131 g\u00fcnd\u00fc. T\u00fcrkiye Ba\u015fbakan\u0131 Erdo\u011fan, Cumhurba\u015fkan\u0131 Ero\u011flu\u2019nun do\u011fum g\u00fcn\u00fc olan 7 Mart 2014 saat 12.59\u2019da K\u0131br\u0131s\u2019ta su sorunun tarih olaca\u011f\u0131n\u0131 s\u00f6ylemi\u015fti.<\/p>\n<p>&nbsp;<\/p>\n<p id=\"yui_3_13_0_ym1_1_1394222361558_3970\">Ama, olmad\u0131&#8230; \u015eimdi de 20 Temmuz\u2019da gelecek, olmad\u0131 Eyl\u00fcl\u2019de su gelir diyorlar. Biz de onlara i\u015finiz boru diyoruz&#8230; Onlar yine yalan s\u00f6yl\u00fcyorlar. T\u0131pk\u0131 bu projenin bizim su sorunumuzu \u00e7\u00f6zmek ve gelece\u011fimizi kurtarmak i\u00e7in oldu\u011funu s\u00f6yledikleri gibi. Yoksa, dert su sorununu \u00e7\u00f6zmek olsayd\u0131, \u00e7ok daha ucuz, \u00e7ok daha kolay ve daha da \u00f6nemlisi do\u011fa ile uyumlu i\u015fler yap\u0131labilirdi. Mesela, \u00f6nce Haspolat\u2019taki suyu ar\u0131t\u0131p \u00e7oktan Mesarya\u2019n\u0131n su sorunu \u00e7\u00f6z\u00fclebilirdi.<\/p>\n<p>&nbsp;<\/p>\n<p id=\"yui_3_13_0_ym1_1_1394222361558_3973\">Kald\u0131 ki su sorunu, su ta\u015f\u0131makla \u00e7\u00f6z\u00fclmez, akl\u0131c\u0131 bir su politikas\u0131yla \u00e7\u00f6z\u00fcl\u00fcr. B\u0131rak\u0131n ak\u0131lc\u0131 olmas\u0131n\u0131, ak\u0131lc\u0131 olmayan bile bir su politikam\u0131z dahi yok. Biz daha su yasas\u0131 bile olmayan bir \u00fclkeyiz. Kendi suyumuzu ak\u0131ll\u0131ca kullan\u0131p, sa\u011fl\u0131kl\u0131 bir su y\u00f6netim politikas\u0131 olu\u015fturmad\u0131\u011f\u0131m\u0131z, mevcut suyumuzu alabildi\u011fine kirletip israf etmeye devam etti\u011fimiz s\u00fcrece bu su gelse bile ger\u00e7ekten derdimize \u00e7are olacak m\u0131?<\/p>\n<p id=\"yui_3_13_0_ym1_1_1394222361558_3974\">\n<p id=\"yui_3_13_0_ym1_1_1394222361558_3976\">Bu sorunun cevab\u0131n\u0131n \u201cHay\u0131r\u201d oldu\u011fu g\u00fcn gibi ortadad\u0131r. \u00d6yleyse, bunun ad\u0131 \u201cAsr\u0131n Projesi\u201d de\u011fil, \u201cAsr\u0131n Hatas\u0131\u201dd\u0131r. \u00c7\u00fcnk\u00fc, bu proje su sorunumuzu \u00e7\u00f6zmeyece\u011fi gibi, gelece\u011fimizi de \u00f6nemli \u00f6l\u00e7\u00fcde tehdit etmektedir. Evet; su sorunumuz vard\u0131r ve bu sorun kendi kaynaklar\u0131m\u0131z\u0131n do\u011fru kullan\u0131m\u0131yla \u00e7\u00f6z\u00fcl\u00fcr. Bu proje ile de\u011fil, \u00e7\u00fcnk\u00fc&#8230;<\/p>\n<p id=\"yui_3_13_0_ym1_1_1394222361558_3977\">\n<p>1-Bu proje ile \u00e7ok b\u00fcy\u00fck bir do\u011fa tahribat\u0131 ya\u015fanacakt\u0131r, ya\u015fanmaktad\u0131r.<\/p>\n<p id=\"yui_3_13_0_ym1_1_1394222361558_3979\">2-Bu proje ile su ticari bir meta olarak sat\u0131lacak ve bedeli a\u011f\u0131r olacakt\u0131r..<\/p>\n<p>3-Bu proje ile ba\u011f\u0131ml\u0131l\u0131\u011f\u0131m\u0131z daha da artacak, s\u00f6z hakk\u0131m\u0131z daha da azalacakt\u0131r.<\/p>\n<p id=\"yui_3_13_0_ym1_1_1394222361558_3980\">\n<p id=\"yui_3_13_0_ym1_1_1394222361558_3982\">Bununla birlikte, \u201csu\u201d ve de \u201cgaz\u201d gibi do\u011fal kaynaklar\u0131n K\u0131br\u0131s\u2019ta bar\u0131\u015f\u0131n sa\u011flanmas\u0131na katk\u0131 sa\u011flayaca\u011f\u0131 ise b\u00fcy\u00fck bir yan\u0131lg\u0131d\u0131r. Do\u011fa i\u00e7in sava\u015f\u0131n sonunda bir antla\u015fma de\u011fil, do\u011fay\u0131 korumak i\u00e7in bar\u0131\u015f istiyoruz. K\u0131br\u0131s\u2019ta bar\u0131\u015f bu topraklarda ya\u015fayan halklar taraf\u0131ndan \u201chemen \u015fimdi\u201d sa\u011flanmal\u0131d\u0131r. Aksi durumda, bu adadaki do\u011fal kaynaklar\u0131n payla\u015f\u0131m\u0131 \u00fczerine d\u0131\u015f g\u00fc\u00e7lerin \u00e7\u0131karlar\u0131 do\u011frultusanda yap\u0131lacak bir antla\u015fma bar\u0131\u015f de\u011fil, do\u011fay\u0131 s\u00f6m\u00fcrmek i\u00e7in bir sava\u015f olur.<\/p>\n<p>&nbsp;<\/p>\n<p id=\"yui_3_13_0_ym1_1_1394222361558_3985\">Biliniz ki, ekolojist hareketler bar\u0131\u015f hareketlerinin en b\u00fcy\u00fck destek\u00e7isidir. Ve, bizler de bu adada daha insanca ve daha mutlu bir \u015fekilde d\u00fcnya halklar\u0131yla karde\u015f\u00e7e ya\u015famak i\u00e7in bar\u0131\u015f istiyoruz&#8230; Bunun i\u00e7in de K\u0131br\u0131s halklar\u0131 olarak her\u015feyden \u00f6nce do\u011fayla bar\u0131\u015fmam\u0131z gerekir! Ve inan\u0131n sonras\u0131nda bar\u0131\u015f\u0131 sa\u011flamak \u00e7ok daha kolay olacakt\u0131r. Yoksa, \u201ci\u015fimiz boru\u201ddan \u00f6teye gitmez&#8230;<\/p>\n<p>&nbsp;<\/p>\n<p id=\"yui_3_13_0_ym1_1_1394222361558_3986\">\n<p><b>Biyologlar Derne\u011fi, Baraka K\u00fclt\u00fcr Merkezi, K\u0131br\u0131s Pir Sultan Abdal K\u00fclt\u00fcr Derne\u011fi<\/b><\/p>\n<p id=\"yui_3_13_0_ym1_1_1394222361558_3987\"><b>\u00a0<\/b><\/p>\n<p id=\"yui_3_13_0_ym1_1_1394222361558_3994\"><b>7 Mart 2014<\/b><\/p>\n","protected":false},"excerpt":{"rendered":"<p>Biyologlar Derne\u011fi, Baraka K\u00fclt\u00fcr Merkezi ve Pir Sultan Abdal K\u00fclt \u00fcr Derne\u011fi yapt\u0131klar\u0131 ortak bas\u0131n a\u00e7\u0131klamas\u0131nda T\u00fcrkiye\u2019den borularla su getirilmesi projesinin getirece\u011fi zararlara dikkat \u00e7ekerek,<\/p>\n","protected":false},"author":1,"featured_media":2245,"comment_status":"open","ping_status":"open","sticky":false,"template":"","format":"standard","meta":{"jetpack_post_was_ever_published":false,"_jetpack_newsletter_access":"","_jetpack_newsletter_tier_id":0,"jetpack_publicize_message":"","jetpack_is_tweetstorm":false,"jetpack_publicize_feature_enabled":true,"jetpack_social_post_already_shared":true,"jetpack_social_options":{"image_generator_settings":{"template":"highway","enabled":false}}},"categories":[41,38],"tags":[],"jetpack_publicize_connections":[],"jetpack_featured_media_url":"https:\/\/baraka.cc\/wp-content\/uploads\/2014\/03\/DSC_0059.jpg","jetpack_shortlink":"https:\/\/wp.me\/p4eHWX-Ab","jetpack_sharing_enabled":true,"_links":{"self":[{"href":"https:\/\/baraka.cc\/index.php?rest_route=\/wp\/v2\/posts\/2243"}],"collection":[{"href":"https:\/\/baraka.cc\/index.php?rest_route=\/wp\/v2\/posts"}],"about":[{"href":"https:\/\/baraka.cc\/index.php?rest_route=\/wp\/v2\/types\/post"}],"author":[{"embeddable":true,"href":"https:\/\/baraka.cc\/index.php?rest_route=\/wp\/v2\/users\/1"}],"replies":[{"embeddable":true,"href":"https:\/\/baraka.cc\/index.php?rest_route=%2Fwp%2Fv2%2Fcomments&post=2243"}],"version-history":[{"count":2,"href":"https:\/\/baraka.cc\/index.php?rest_route=\/wp\/v2\/posts\/2243\/revisions"}],"predecessor-version":[{"id":2247,"href":"https:\/\/baraka.cc\/index.php?rest_route=\/wp\/v2\/posts\/2243\/revisions\/2247"}],"wp:featuredmedia":[{"embeddable":true,"href":"https:\/\/baraka.cc\/index.php?rest_route=\/wp\/v2\/media\/2245"}],"wp:attachment":[{"href":"https:\/\/baraka.cc\/index.php?rest_route=%2Fwp%2Fv2%2Fmedia&parent=2243"}],"wp:term":[{"taxonomy":"category","embeddable":true,"href":"https:\/\/baraka.cc\/index.php?rest_route=%2Fwp%2Fv2%2Fcategories&post=2243"},{"taxonomy":"post_tag","embeddable":true,"href":"https:\/\/baraka.cc\/index.php?rest_route=%2Fwp%2Fv2%2Ftags&post=2243"}],"curies":[{"name":"wp","href":"https:\/\/api.w.org\/{rel}","templated":true}]}}