{"id":2249,"date":"2014-03-12T08:18:29","date_gmt":"2014-03-12T06:18:29","guid":{"rendered":"https:\/\/baraka.cc\/?p=2249"},"modified":"2014-03-12T08:18:29","modified_gmt":"2014-03-12T06:18:29","slug":"berkin-icin-yuruduk-katil-devlet-hesap-verecek","status":"publish","type":"post","link":"https:\/\/baraka.cc\/?p=2249","title":{"rendered":"BERK\u0130N \u0130\u00c7\u0130N Y\u00dcR\u00dcD\u00dcK: &#8220;KAT\u0130L DEVLET HESAP VERECEK&#8221;"},"content":{"rendered":"<p><a href=\"https:\/\/baraka.cc\/wp-content\/uploads\/2014\/03\/photo-3-1.jpg\"><img decoding=\"async\" class=\"alignleft  wp-image-2250\" alt=\"photo-3-1\" src=\"https:\/\/baraka.cc\/wp-content\/uploads\/2014\/03\/photo-3-1-1024x768.jpg\" width=\"200\" srcset=\"https:\/\/baraka.cc\/wp-content\/uploads\/2014\/03\/photo-3-1-1024x768.jpg 1024w, https:\/\/baraka.cc\/wp-content\/uploads\/2014\/03\/photo-3-1-300x225.jpg 300w\" sizes=\"(max-width: 1024px) 100vw, 1024px\" \/><\/a>T\u00fcrkiye\u2019de Gezi direni\u015fi s\u0131ras\u0131nda bakkala ekmek almak i\u00e7in giderken gaz bombas\u0131 kaps\u00fcl\u00fc ile vurulan ve 269 g\u00fcn ya\u015fam\u00a0 m\u00fccadelesi veren Berkin Elvan\u2019\u0131n \u00f6l\u00fcm\u00fc \u00fczerine T\u00fcrkiye\u2019nin \u00e7e\u015fitli yerlerinde oldu\u011fu gibi K\u0131br\u0131s\u2019ta da eylem d\u00fczenlendi.<\/p>\n<p>&nbsp;<\/p>\n<p>Bkp Gen\u00e7lik, Tdp Gen\u00e7lik, Ykp Gen\u00e7lik, Ctp Gen\u00e7lik, Baraka K\u00fclt\u00fcr Merkezi, Devrimci Kom\u00fcnist Birlik, Pir Sultan Abdal\u2019\u0131n yapt\u0131\u011f\u0131 \u00e7a\u011fr\u0131 ile bug\u00fcn saat 17:30\u2019da Ku\u011fulu Park\u2019ta toplanan kalabal\u0131k daha sonra TC El\u00e7ili\u011fine y\u00fcr\u00fcd\u00fc.<\/p>\n<p>&nbsp;<\/p>\n<p>Eylemde s\u0131k s\u0131k \u2018Katil Devlet Hesap Verecek\u2019, \u2018Berkin Elvan \u00d6l\u00fcm\u00fcs\u00fczd\u00fcr\u2019, \u2018\u0130syan Berkin \u00d6zg\u00fcrl\u00fck\u2019 ve \u2018Bu Daha Ba\u015flang\u0131\u00e7 M\u00fccadeleye Devam\u2019 sloganlar\u0131 at\u0131ld\u0131.<\/p>\n<p>&nbsp;<\/p>\n<p>Polis yine eylemcilerin TC El\u00e7ili\u011fi \u00f6n\u00fcne ilerlemelerine izin vermedi ve yolu kesti. Eylemciler de polisin \u00f6n\u00fcne dizilerek sloganlar\u0131n\u0131 atmaya devam etti.<\/p>\n<p>&nbsp;<\/p>\n<p><strong>\u00a0T\u00fcrkiye halklar\u0131 \u00e7ocuk kan\u0131 ile beslenen AKP iktidar\u0131ndan hesab\u0131 soracakt\u0131r<\/strong><\/p>\n<p>Hasan Y\u0131k\u0131c\u0131 taraf\u0131ndan okunan bas\u0131n a\u00e7\u0131klamas\u0131nda ise \u201c\u00c7ocuklar\u0131n eve d\u00f6nerken gaz bombas\u0131 de\u011fil, ekme\u011fin kenar\u0131n\u0131 yiyerek eve d\u00f6nd\u00fc\u011f\u00fc bir \u00fclke i\u00e7in yolda\u015flar\u0131m\u0131z\u0131 m\u00fccadeleye davet ediyor ve elimizden gelen deste\u011fi koyma\u011fa haz\u0131rlan\u0131yoruz. Bug\u00fcn Berkin Elvan\u2019\u0131n \u00f6l\u00fcm\u00fc ile sadece gencecik bir bedene de\u011fil, T\u00fcrkiye\u2019de olmayan adalete, demokrasiye, \u00f6zg\u00fcrl\u00fc\u011fe de veda ediyoruz.\u201ddenildi.<\/p>\n<p>&nbsp;<\/p>\n<p>Bas\u0131n a\u00e7\u0131klams\u0131nda T\u00fcrkiye halklar\u0131 ile dayan\u0131\u015fma mesajlar\u0131 g\u00f6nderilirken \u015funlar da ifade edildi: \u201cElbet T\u00fcrkiye halklar\u0131 \u00e7ocuk kan\u0131 ile beslenen AKP iktidar\u0131ndan hesab\u0131 soracakt\u0131r. Gezi direni\u015finden buyan\u0131 sokakta ve direni\u015fte \u0131srar edenleri K\u0131br\u0131s\u2019tan da selamalar, T\u00fcrkiye halklar\u0131n\u0131n \u2018s\u00f6z yetki karar iktidar halka\u2019 m\u00fccadelesine omuz veririz.\u201d<\/p>\n<p>Yar\u0131n tekrar 17:30\u2032da daha kalabal\u0131k bir \u015fekilde bulu\u015fup El\u00e7ili\u011fe y\u00fcr\u00fcmek i\u00e7in \u00f6rg\u00fctler kendi aralar\u0131nda anla\u015ft\u0131lar.<\/p>\n<p>&nbsp;<\/p>\n<p><strong>A\u00e7\u0131klaman\u0131n tam metni \u015f\u00f6yle:<\/strong><\/p>\n<p>Berkin Bug\u00fcn \u00d6LD\u00dc\u2026 269 g\u00fcnd\u00fcr ya\u015fama tutunma m\u00fccadelesi veren Berkin Elvan\u2019\u0131 bug\u00fcn kaybettik. Bug\u00fcn T\u00fcrkiye\u2019de ya\u015fama hakk\u0131n\u0131n hi\u00e7e say\u0131ld\u0131\u011f\u0131n\u0131, bir \u00e7ocu\u011funun \u00f6l\u00fcm\u00fcyle kan\u0131tlayanlar\u0131 \u015fiddette k\u0131n\u0131yoruz. \u00c7ocuklar\u0131n ekmek almak i\u00e7in evden \u00e7\u0131k\u0131p, bir daha geri d\u00f6nmedi\u011fi bir \u00fclkede ya\u015fayan karde\u015flerimizin ac\u0131s\u0131n\u0131, derinden payla\u015f\u0131yoruz. \u00c7ocuklar\u0131n eve d\u00f6nerken gaz bombas\u0131 de\u011fil, ekme\u011fin kenar\u0131n\u0131 yiyerek eve d\u00f6nd\u00fc\u011f\u00fc bir \u00fclke i\u00e7in yolda\u015flar\u0131m\u0131z\u0131 m\u00fccadeleye davet ediyor ve elimizden gelen deste\u011fi koyma\u011fa haz\u0131rlan\u0131yoruz. Bug\u00fcn Berkin Elvan\u2019\u0131n \u00f6l\u00fcm\u00fc ile sadece gencecik bir bedene de\u011fil, T\u00fcrkiye\u2019de olmayan adalete, demokrasiye, \u00f6zg\u00fcrl\u00fc\u011fe de veda ediyoruz. Berkin\u2019in annesinin dedi\u011fi gibi Berkin Elvan\u2019\u0131 allah almad\u0131, Tayyip ald\u0131. Bilinmesini isteriz ki, bug\u00fcn burada toplanan \u00f6rg\u00fctlerin t\u00fcm\u00fcn\u00fcn, bu hazin ve ac\u0131 sonlar\u0131 yaratan zihniyet ile do\u011frudan kavgas\u0131 var. \u0130nsan hak ve \u00f6zg\u00fcrl\u00fcklerine sayg\u0131 duymayan, resmi g\u00fc\u00e7 kullanma tekelini elinde bulunduran ve bu g\u00fcc\u00fc halk\u0131na kar\u015f\u0131 kullanan elleri kanl\u0131 zihniyet e\u011fer g\u00fcc\u00fc yetiyorsa bizi de sustursun\u2026 Berkin Elvan\u2019\u0131n gencecik bedenine k\u0131yanlar iyi bilmelidir, bundan b\u00f6yle hepimiz Berkin Elvan\u2019\u0131z. Yan\u0131m\u0131zda getirmi\u015f oldu\u011fumuz ekmekleri t\u0131pk\u0131 Berkin\u2019in yiyemedi\u011fi gibi bizlerde yemiyoruz. Berkin\u2019e bir ekme\u011fi \u00e7ok g\u00f6renlere bug\u00fcn onlarca ekmek getirdik. Art\u0131k g\u00f6z\u00fcn\u00fcz doysun. Ellerine Berkin\u2019in kan\u0131 bula\u015fan her kim varsa, adalet kar\u015f\u0131s\u0131nda hesap vermeli, yaralanan vicdanlar i\u00e7in toplumdan \u00f6z\u00fcr dilenmelidir. Elbet T\u00fcrkiye halklar\u0131 \u00e7ocuk kan\u0131 ile beslenen AKP iktidar\u0131ndan hesab\u0131 soracakt\u0131r. Gezi direni\u015finden buyan\u0131 sokakta ve direni\u015fte \u0131srar edenleri K\u0131br\u0131s\u2019tan da selamalar, T\u00fcrkiye halklar\u0131n\u0131n \u2018s\u00f6z yetki karar iktidar halka\u2019 m\u00fccadelesine omuz veririz.<\/p>\n<p>Bkp Gen\u00e7lik, Tdp Gen\u00e7lik, Ykp Gen\u00e7lik, Ctp Gen\u00e7lik, Baraka K\u00fclt\u00fcr Merkezi, Devrimci Kom\u00fcnist Birlik, Pir Sultan Abdal<\/p>\n","protected":false},"excerpt":{"rendered":"<p>T\u00fcrkiye\u2019de Gezi direni\u015fi s\u0131ras\u0131nda bakkala ekmek almak i\u00e7in giderken gaz bombas\u0131 kaps\u00fcl\u00fc ile vurulan ve 269 g\u00fcn ya\u015fam\u00a0 m\u00fccadelesi veren Berkin Elvan\u2019\u0131n \u00f6l\u00fcm\u00fc \u00fczerine T\u00fcrkiye\u2019nin<\/p>\n","protected":false},"author":1,"featured_media":2250,"comment_status":"open","ping_status":"open","sticky":false,"template":"","format":"standard","meta":{"jetpack_post_was_ever_published":false,"_jetpack_newsletter_access":"","_jetpack_newsletter_tier_id":0,"jetpack_publicize_message":"","jetpack_is_tweetstorm":false,"jetpack_publicize_feature_enabled":true,"jetpack_social_post_already_shared":true,"jetpack_social_options":{"image_generator_settings":{"template":"highway","enabled":false}}},"categories":[66],"tags":[],"jetpack_publicize_connections":[],"jetpack_featured_media_url":"https:\/\/baraka.cc\/wp-content\/uploads\/2014\/03\/photo-3-1.jpg","jetpack_shortlink":"https:\/\/wp.me\/p4eHWX-Ah","jetpack_sharing_enabled":true,"_links":{"self":[{"href":"https:\/\/baraka.cc\/index.php?rest_route=\/wp\/v2\/posts\/2249"}],"collection":[{"href":"https:\/\/baraka.cc\/index.php?rest_route=\/wp\/v2\/posts"}],"about":[{"href":"https:\/\/baraka.cc\/index.php?rest_route=\/wp\/v2\/types\/post"}],"author":[{"embeddable":true,"href":"https:\/\/baraka.cc\/index.php?rest_route=\/wp\/v2\/users\/1"}],"replies":[{"embeddable":true,"href":"https:\/\/baraka.cc\/index.php?rest_route=%2Fwp%2Fv2%2Fcomments&post=2249"}],"version-history":[{"count":1,"href":"https:\/\/baraka.cc\/index.php?rest_route=\/wp\/v2\/posts\/2249\/revisions"}],"predecessor-version":[{"id":2251,"href":"https:\/\/baraka.cc\/index.php?rest_route=\/wp\/v2\/posts\/2249\/revisions\/2251"}],"wp:featuredmedia":[{"embeddable":true,"href":"https:\/\/baraka.cc\/index.php?rest_route=\/wp\/v2\/media\/2250"}],"wp:attachment":[{"href":"https:\/\/baraka.cc\/index.php?rest_route=%2Fwp%2Fv2%2Fmedia&parent=2249"}],"wp:term":[{"taxonomy":"category","embeddable":true,"href":"https:\/\/baraka.cc\/index.php?rest_route=%2Fwp%2Fv2%2Fcategories&post=2249"},{"taxonomy":"post_tag","embeddable":true,"href":"https:\/\/baraka.cc\/index.php?rest_route=%2Fwp%2Fv2%2Ftags&post=2249"}],"curies":[{"name":"wp","href":"https:\/\/api.w.org\/{rel}","templated":true}]}}