{"id":2253,"date":"2014-03-12T08:13:12","date_gmt":"2014-03-12T06:13:12","guid":{"rendered":"https:\/\/baraka.cc\/?p=2253"},"modified":"2014-03-13T08:14:05","modified_gmt":"2014-03-13T06:14:05","slug":"gocmen-isciler-hakkinda-basin-bildirisi","status":"publish","type":"post","link":"https:\/\/baraka.cc\/?p=2253","title":{"rendered":"G\u00d6\u00c7MEN \u0130\u015e\u00c7\u0130LER HAKKINDA BASIN B\u0130LD\u0130R\u0130S\u0130"},"content":{"rendered":"<div id=\"yui_3_13_0_ym1_1_1394690676995_8313\">K\u0131br\u0131s\u2019\u0131n kuzeyi de g\u00fcneyi de neredeyse ayn\u0131 sorunlarla bo\u011fu\u015fuyor. Kuzeyde IMF-D\u00fcnya Bankas\u0131-TC eliyle , g\u00fcneyde ise Troyka eliyle dayat\u0131lan neo-liberal politikalar\u0131n bir sonucu da g\u00f6\u00e7men i\u015f\u00e7ilerin ya\u015fam ko\u015fullar\u0131n\u0131n daha da k\u00f6t\u00fcle\u015fmesi.\u00a0D\u00fcnyan\u0131n de\u011fi\u015fik yelerinden K\u0131br\u0131s\u2019a gelen bu i\u015f\u00e7iler sa\u011fl\u0131ks\u0131z ko\u015fullarda, sosyal g\u00fcvenlikleri olmadan, asgari \u00fccretin de alt\u0131nda miktarlarla ve \u00e7o\u011fu zaman hayati tehlike alt\u0131nda \u00e7al\u0131\u015ft\u0131r\u0131l\u0131yorlar. Ay ge\u00e7miyor ki hem kuzeyden hem g\u00fcneyden i\u015f\u00e7i \u00f6l\u00fcmleri haberi gelmesin. Bu i\u015f\u00e7ilerin ve onlar\u0131n ailelerinin k\u00fclt\u00fcrel farkl\u0131l\u0131klar\u0131 nedeniyle ayr\u0131mc\u0131l\u0131\u011fa, d\u0131\u015flanmaya maruz kalmas\u0131 ise art\u0131k g\u00fcnl\u00fck s\u0131radan olaylar haline gelmi\u015f durumda. Bu duruma son \u00f6rnek ge\u00e7en hafta bir grup Vietnaml\u0131 emek\u00e7inin k\u00f6pekleri pi\u015firip yemesine verilen tepkiler oldu ne yaz\u0131k ki. Elbette her hayvan sever, k\u00f6peklerin \u00f6ld\u00fcr\u00fclmesine\u00a0kar\u015f\u0131 \u00e7\u0131kmal\u0131 ve \u00f6ld\u00fcrenlerin gereken cezay\u0131 almas\u0131n\u0131 talep etmelidir.\u00a0Ancak tepkiler bunu a\u015ft\u0131; \u0130\u015f\u00e7ilerin tutuklanmas\u0131, s\u0131n\u0131rd\u0131\u015f\u0131 edilmesi talep edildi. \u201cYa sev ya terk et\u201d slogan\u0131na benzer bi\u00e7imde \u201cBe\u011fenmiyorlarsa \u00e7eker giderler\u201d denildi. \u00a0Oysa sorunun Vietnaml\u0131 emek\u00e7iler ya da onlar\u0131n k\u00fclt\u00fcrleri olmad\u0131\u011f\u0131, sorunun onlar\u0131 s\u00f6m\u00fcr\u00fc ko\u015fullar\u0131nda buraya getiren neo-liberal sistemle, onlar\u0131n yerel toplumla kayna\u015fmalar\u0131n\u0131n hi\u00e7bir zeminini haz\u0131rlamayan \u00c7al\u0131\u015fma Bakanl\u0131\u011f\u0131 oldu\u011fu g\u00f6r\u00fclmeliydi. Oysa yoksulluk ko\u015fullar\u0131nda ya\u015fayan 3. \u00fclkelerden g\u00f6\u00e7men i\u015f\u00e7ilere verilen asgari \u00fccreti daha da azaltmay\u0131 d\u00fc\u015f\u00fcnen kktc devleti sorgulanmal\u0131yd\u0131. Bu nedenle Baraka olarak gerek devlete gerekse de \u00c7al\u0131\u015fma Bakanl\u0131\u011f\u0131\u2019na nereden gelirlerse gelsinler g\u00f6\u00e7men i\u015f\u00e7ilerin temel ve sosyal ihtiya\u00e7lar\u0131n\u0131 kar\u015f\u0131lama y\u00fck\u00fcml\u00fcl\u00fckleri oldu\u011funu, bu insanlar\u0131n k\u00fclt\u00fcrel uyum sa\u011flama s\u00fcre\u00e7lerinden ge\u00e7irilmesi gerekti\u011fi ve bunun da kendi g\u00f6revleri oldu\u011funu hat\u0131rlat\u0131r\u0131z. Sorun ne k\u00f6pek yiyen Vietnaml\u0131 i\u015f\u00e7iler ne de onlarla k\u00fclt\u00fcrel anlamda \u00e7at\u0131\u015fan K\u0131br\u0131sl\u0131 hayvan severlerdir. Sorun, g\u00f6\u00e7melnerin insanca ya\u015fama ve \u00e7al\u0131\u015fma ko\u015fullar\u0131n\u0131 yaratmadan \u00fclkeye gelmelerine olanak veren ve bu k\u00fclt\u00fcrleri kayna\u015ft\u0131ramayan sistemin kendisidir.<\/div>\n","protected":false},"excerpt":{"rendered":"<p>K\u0131br\u0131s\u2019\u0131n kuzeyi de g\u00fcneyi de neredeyse ayn\u0131 sorunlarla bo\u011fu\u015fuyor. Kuzeyde IMF-D\u00fcnya Bankas\u0131-TC eliyle , g\u00fcneyde ise Troyka eliyle dayat\u0131lan neo-liberal politikalar\u0131n bir sonucu da g\u00f6\u00e7men<\/p>\n","protected":false},"author":1,"featured_media":17,"comment_status":"open","ping_status":"open","sticky":false,"template":"","format":"standard","meta":{"jetpack_post_was_ever_published":false,"_jetpack_newsletter_access":"","_jetpack_newsletter_tier_id":0,"jetpack_publicize_message":"","jetpack_is_tweetstorm":false,"jetpack_publicize_feature_enabled":true,"jetpack_social_post_already_shared":true,"jetpack_social_options":{"image_generator_settings":{"template":"highway","enabled":false}}},"categories":[41,38],"tags":[],"jetpack_publicize_connections":[],"jetpack_featured_media_url":"https:\/\/baraka.cc\/wp-content\/uploads\/2013\/04\/baraka-renkli.png","jetpack_shortlink":"https:\/\/wp.me\/p4eHWX-Al","jetpack_sharing_enabled":true,"_links":{"self":[{"href":"https:\/\/baraka.cc\/index.php?rest_route=\/wp\/v2\/posts\/2253"}],"collection":[{"href":"https:\/\/baraka.cc\/index.php?rest_route=\/wp\/v2\/posts"}],"about":[{"href":"https:\/\/baraka.cc\/index.php?rest_route=\/wp\/v2\/types\/post"}],"author":[{"embeddable":true,"href":"https:\/\/baraka.cc\/index.php?rest_route=\/wp\/v2\/users\/1"}],"replies":[{"embeddable":true,"href":"https:\/\/baraka.cc\/index.php?rest_route=%2Fwp%2Fv2%2Fcomments&post=2253"}],"version-history":[{"count":1,"href":"https:\/\/baraka.cc\/index.php?rest_route=\/wp\/v2\/posts\/2253\/revisions"}],"predecessor-version":[{"id":2254,"href":"https:\/\/baraka.cc\/index.php?rest_route=\/wp\/v2\/posts\/2253\/revisions\/2254"}],"wp:featuredmedia":[{"embeddable":true,"href":"https:\/\/baraka.cc\/index.php?rest_route=\/wp\/v2\/media\/17"}],"wp:attachment":[{"href":"https:\/\/baraka.cc\/index.php?rest_route=%2Fwp%2Fv2%2Fmedia&parent=2253"}],"wp:term":[{"taxonomy":"category","embeddable":true,"href":"https:\/\/baraka.cc\/index.php?rest_route=%2Fwp%2Fv2%2Fcategories&post=2253"},{"taxonomy":"post_tag","embeddable":true,"href":"https:\/\/baraka.cc\/index.php?rest_route=%2Fwp%2Fv2%2Ftags&post=2253"}],"curies":[{"name":"wp","href":"https:\/\/api.w.org\/{rel}","templated":true}]}}