{"id":2256,"date":"2014-03-13T08:17:26","date_gmt":"2014-03-13T06:17:26","guid":{"rendered":"https:\/\/baraka.cc\/?p=2256"},"modified":"2014-03-13T08:17:26","modified_gmt":"2014-03-13T06:17:26","slug":"lefkosa-sokaklari-inledi-her-yer-berkin-her-yer-direnis","status":"publish","type":"post","link":"https:\/\/baraka.cc\/?p=2256","title":{"rendered":"LEFKO\u015eA SOKAKLARI \u0130NLED\u0130: HER YER BERK\u0130N HER YER D\u0130REN\u0130\u015e"},"content":{"rendered":"<p><a href=\"https:\/\/baraka.cc\/wp-content\/uploads\/2014\/03\/Berkin_04.jpg\"><img decoding=\"async\" class=\"alignleft  wp-image-2257\" alt=\"Berkin_04\" src=\"https:\/\/baraka.cc\/wp-content\/uploads\/2014\/03\/Berkin_04-1024x682.jpg\" width=\"200\" srcset=\"https:\/\/baraka.cc\/wp-content\/uploads\/2014\/03\/Berkin_04-1024x682.jpg 1024w, https:\/\/baraka.cc\/wp-content\/uploads\/2014\/03\/Berkin_04-300x200.jpg 300w, https:\/\/baraka.cc\/wp-content\/uploads\/2014\/03\/Berkin_04.jpg 1380w\" sizes=\"(max-width: 1024px) 100vw, 1024px\" \/><\/a>Berkin Elvan i\u00e7in ve T\u00fcrkiye\u2019deki \u2018Berkin Elvan \u0130syan\u0131\u2019 ile dayan\u0131\u015fmak \u00a0i\u00e7in bir eylem daha ger\u00e7ekle\u015fti. 1000\u2032e yak\u0131n ki\u015finin \u00a0kat\u0131ld\u0131\u011f\u0131 eylemde Lefko\u015fa sokaklar\u0131 \u2018Her Yer Berkin Her Yer Direni\u015f\u2019 sloganlar\u0131yla inledi.<\/p>\n<p>Bkp Gen\u00e7lik, Tdp Gen\u00e7lik, Ykp Gen\u00e7lik, Ctp Gen\u00e7lik, Baraka K\u00fclt\u00fcr Merkezi, Devrimci Kom\u00fcnist Birlik, Pir Sultan Abdal, Poseidon K\u00fclt\u00fcr Merkezi saat 17:30\u2019da Ku\u011fulu Park\u2019a \u00e7a\u011fr\u0131 yapm\u0131\u015ft\u0131. Ku\u011fulu Park\u2019a ayr\u0131ca DA\u00dc, YD\u00dc ve ODT\u00dc\u2019den de kalabal\u0131k \u00f6\u011frenci gruplar\u0131 geldi.<\/p>\n<p>Ku\u011fulu Park\u2019ta ba\u015flayan y\u00fcr\u00fcy\u00fc\u015f Dereboyu\u2019ndaki Pronto \u00c7emberine \u00a0ve oradan da TC El\u00e7ili\u011fi \u00f6n\u00fcn\u00fcnde sonland\u0131.<\/p>\n<p>&nbsp;<\/p>\n<p>&nbsp;<\/p>\n<p><a href=\"https:\/\/baraka.cc\/wp-content\/uploads\/2014\/03\/Berkin_06.jpg\"><img decoding=\"async\" class=\"alignleft  wp-image-2258\" alt=\"Berkin_06\" src=\"https:\/\/baraka.cc\/wp-content\/uploads\/2014\/03\/Berkin_06-1024x682.jpg\" width=\"200\" srcset=\"https:\/\/baraka.cc\/wp-content\/uploads\/2014\/03\/Berkin_06-1024x682.jpg 1024w, https:\/\/baraka.cc\/wp-content\/uploads\/2014\/03\/Berkin_06-300x200.jpg 300w, https:\/\/baraka.cc\/wp-content\/uploads\/2014\/03\/Berkin_06.jpg 1380w\" sizes=\"(max-width: 1024px) 100vw, 1024px\" \/><\/a>TC El\u00e7ili\u011fi \u00f6n\u00fcnde M\u00fcn\u00fcr Ravanc\u0131o\u011flu taraf\u0131ndan okunan a\u00e7\u0131klama \u015f\u00f6yle:<\/p>\n<p>AKP iktidar\u0131 h\u00fck\u00fcmet etme\u011fe ba\u015flad\u0131\u011f\u0131 g\u00fcnden bu yana T\u00fcrkiye\u2019de insanl\u0131k onurunu ayaklar alt\u0131na alan b\u00fct\u00fcn s\u00fcre\u00e7leri b\u00fcy\u00fck bir kayg\u0131yla izliyoruz. T\u00fcrkiye\u2019de mevcut AKP iktidar\u0131 d\u00f6neminde insan hayat\u0131 hi\u00e7e say\u0131lm\u0131\u015f, ya\u015fama hakk\u0131 g\u00f6z ard\u0131 edilmi\u015f ve kendini ifade \u00f6zg\u00fcrl\u00fc\u011f\u00fc ayaklar alt\u0131na al\u0131nm\u0131\u015ft\u0131r. Bu zalim uygulamalara art\u0131k dur denmelidir. D\u00fcnya \u00fczerinde hi\u00e7bir \u00fclke, hi\u00e7bir toplum, hi\u00e7bir halk bu \u015fekilde y\u00f6netilmeyi hak etmemektedir. T\u00fcrkiye\u2019de mevcut rejim alt\u0131nda ya\u015fam\u0131n\u0131 s\u00fcrd\u00fcren insanlar\u0131n h\u00fcrriyetlerine, fikir ve ifade \u00f6zg\u00fcrl\u00fcklerine, bas\u0131n \u00f6zg\u00fcrl\u00fc\u011f\u00fcne yap\u0131lan bask\u0131lar\u0131n t\u00fcm d\u00fcnya gibi bizler de fark\u0131nday\u0131z. Bug\u00fcn buradan TC B\u00fcy\u00fckel\u00e7ili\u011fi \u00f6n\u00fcnde, T.C Devleti yetkililerine \u015fu \u00e7a\u011fr\u0131y\u0131 yap\u0131yoruz DERHAL; \u00d6zg\u00fcrl\u00fc\u011f\u00fcn \u00f6n\u00fcne \u00f6rm\u00fc\u015f oldu\u011funuz duvarlar\u0131 kald\u0131r\u0131n. \u015eiddeti, toplumu b\u00f6l ve y\u00f6net politikalar\u0131n\u0131z\u0131 terk edin. B\u0131rak\u0131n \u00fclkenizin insanlar\u0131 \u00f6zg\u00fcrce ya\u015fas\u0131n, b\u00fcy\u00fcs\u00fcn, konu\u015fsun ve bu sayede insanl\u0131k onlar\u0131n ye\u015fertece\u011fi g\u00fczel bir gelece\u011fe yol als\u0131n. E\u011fer \u00f6leceklerse hayallerini ya\u015farken \u00f6ls\u00fcn \u00e7ocuklar, bir polis kur\u015funuyla de\u011fil.<\/p>\n","protected":false},"excerpt":{"rendered":"<p>Berkin Elvan i\u00e7in ve T\u00fcrkiye\u2019deki \u2018Berkin Elvan \u0130syan\u0131\u2019 ile dayan\u0131\u015fmak \u00a0i\u00e7in bir eylem daha ger\u00e7ekle\u015fti. 1000\u2032e yak\u0131n ki\u015finin \u00a0kat\u0131ld\u0131\u011f\u0131 eylemde Lefko\u015fa sokaklar\u0131 \u2018Her Yer Berkin<\/p>\n","protected":false},"author":1,"featured_media":2257,"comment_status":"open","ping_status":"open","sticky":false,"template":"","format":"standard","meta":{"jetpack_post_was_ever_published":false,"_jetpack_newsletter_access":"","_jetpack_newsletter_tier_id":0,"jetpack_publicize_message":"","jetpack_is_tweetstorm":false,"jetpack_publicize_feature_enabled":true,"jetpack_social_post_already_shared":true,"jetpack_social_options":{"image_generator_settings":{"template":"highway","enabled":false}}},"categories":[66],"tags":[],"jetpack_publicize_connections":[],"jetpack_featured_media_url":"https:\/\/baraka.cc\/wp-content\/uploads\/2014\/03\/Berkin_04.jpg","jetpack_shortlink":"https:\/\/wp.me\/p4eHWX-Ao","jetpack_sharing_enabled":true,"_links":{"self":[{"href":"https:\/\/baraka.cc\/index.php?rest_route=\/wp\/v2\/posts\/2256"}],"collection":[{"href":"https:\/\/baraka.cc\/index.php?rest_route=\/wp\/v2\/posts"}],"about":[{"href":"https:\/\/baraka.cc\/index.php?rest_route=\/wp\/v2\/types\/post"}],"author":[{"embeddable":true,"href":"https:\/\/baraka.cc\/index.php?rest_route=\/wp\/v2\/users\/1"}],"replies":[{"embeddable":true,"href":"https:\/\/baraka.cc\/index.php?rest_route=%2Fwp%2Fv2%2Fcomments&post=2256"}],"version-history":[{"count":1,"href":"https:\/\/baraka.cc\/index.php?rest_route=\/wp\/v2\/posts\/2256\/revisions"}],"predecessor-version":[{"id":2259,"href":"https:\/\/baraka.cc\/index.php?rest_route=\/wp\/v2\/posts\/2256\/revisions\/2259"}],"wp:featuredmedia":[{"embeddable":true,"href":"https:\/\/baraka.cc\/index.php?rest_route=\/wp\/v2\/media\/2257"}],"wp:attachment":[{"href":"https:\/\/baraka.cc\/index.php?rest_route=%2Fwp%2Fv2%2Fmedia&parent=2256"}],"wp:term":[{"taxonomy":"category","embeddable":true,"href":"https:\/\/baraka.cc\/index.php?rest_route=%2Fwp%2Fv2%2Fcategories&post=2256"},{"taxonomy":"post_tag","embeddable":true,"href":"https:\/\/baraka.cc\/index.php?rest_route=%2Fwp%2Fv2%2Ftags&post=2256"}],"curies":[{"name":"wp","href":"https:\/\/api.w.org\/{rel}","templated":true}]}}