{"id":2261,"date":"2014-03-19T10:19:31","date_gmt":"2014-03-19T08:19:31","guid":{"rendered":"https:\/\/baraka.cc\/?p=2261"},"modified":"2014-03-19T10:19:31","modified_gmt":"2014-03-19T08:19:31","slug":"baraka-ve-pir-sultandan-ortak-30-mart-kizildere-katliami-anmasi","status":"publish","type":"post","link":"https:\/\/baraka.cc\/?p=2261","title":{"rendered":"Baraka ve Pir Sultan\u2019dan Ortak 30 Mart K\u0131z\u0131ldere Katliam\u0131 anmas\u0131&#8230;"},"content":{"rendered":"<div id=\"yui_3_13_0_ym1_1_1395213267185_10873\">\n<div id=\"yiv1946206862\">\n<div dir=\"ltr\" id=\"yui_3_13_0_ym1_1_1395213267185_10877\"><a href=\"https:\/\/baraka.cc\/wp-content\/uploads\/2014\/03\/30mart2014.jpg\"><img decoding=\"async\" loading=\"lazy\" class=\"alignleft size-full wp-image-2262\" alt=\"30mart2014\" src=\"https:\/\/baraka.cc\/wp-content\/uploads\/2014\/03\/30mart2014.jpg\" width=\"430\" height=\"609\" srcset=\"https:\/\/baraka.cc\/wp-content\/uploads\/2014\/03\/30mart2014.jpg 430w, https:\/\/baraka.cc\/wp-content\/uploads\/2014\/03\/30mart2014-211x300.jpg 211w\" sizes=\"(max-width: 430px) 100vw, 430px\" \/><\/a><b id=\"yui_3_13_0_ym1_1_1395213267185_10882\">T\u00fcrkiye&#8217;de 30 Mart 1972&#8217;de d\u00fczenlenen sald\u0131r\u0131da K\u0131z\u0131ldere&#8217;de bir evde \u00f6ld\u00fcr\u00fclen 10 T\u00fcrkiye Halk Kurtulu\u015f Partisi\/cephesi (Thkp\/c) Ve T\u00fcrkiye Halk Kurtulu\u015f Ordusu (Thko) \u00fcyesi gen\u00e7,\u00a0 30 Mart Pazar Ak\u015fam\u0131 K\u0131br\u0131s T\u00fcrk \u00d6\u011fretmenler Sendikas\u0131 (Kt\u00f6s)&#8217;de d\u00fczenlenecek gecede an\u0131lacak.<\/b><\/p>\n<p id=\"yui_3_13_0_ym1_1_1395213267185_10884\"><b>\u00a0<\/b><\/p>\n<p id=\"yui_3_13_0_ym1_1_1395213267185_10887\"><b id=\"yui_3_13_0_ym1_1_1395213267185_10886\">Baraka K\u00fclt\u00fcr Merkezi ve Pir Sultan Abdal K\u00fclt\u00fcr Derne\u011fi taraf\u0131ndan ortak d\u00fczenlenecek anma gecesinden 30 Mart ile ilgili konu\u015fmalar yap\u0131lacak ve \u015fiirler okunacak. <\/b><\/p>\n<p id=\"yui_3_13_0_ym1_1_1395213267185_10888\"><b>\u00a0<\/b><\/p>\n<p id=\"yui_3_13_0_ym1_1_1395213267185_10891\"><b id=\"yui_3_13_0_ym1_1_1395213267185_10890\">K\u0131sa bir belgeselin de g\u00f6sterilece\u011fi gecede ayr\u0131ca Sol Anahtar\u0131 m\u00fczik grubu ve Arda G\u00fcnd\u00fcz de sahne alacak.<\/b><\/p>\n<p id=\"yui_3_13_0_ym1_1_1395213267185_10892\"><b>\u00a0<\/b><\/p>\n<p id=\"yui_3_13_0_ym1_1_1395213267185_10895\"><b id=\"yui_3_13_0_ym1_1_1395213267185_10894\">Mahir \u00c7ayan ve arkada\u015flar\u0131n\u0131n an\u0131laca\u011f\u0131 ortak etkinlik 30 Mart Pazar ak\u015fam\u0131 saat 19:00\u2019da KT\u00d6S\u2019de ger\u00e7ekle\u015ftirilecek.<\/b><\/p>\n<\/div>\n<\/div>\n<\/div>\n","protected":false},"excerpt":{"rendered":"<p>T\u00fcrkiye&#8217;de 30 Mart 1972&#8217;de d\u00fczenlenen sald\u0131r\u0131da K\u0131z\u0131ldere&#8217;de bir evde \u00f6ld\u00fcr\u00fclen 10 T\u00fcrkiye Halk Kurtulu\u015f Partisi\/cephesi (Thkp\/c) Ve T\u00fcrkiye Halk Kurtulu\u015f Ordusu (Thko) \u00fcyesi gen\u00e7,\u00a0 30<\/p>\n","protected":false},"author":1,"featured_media":2262,"comment_status":"open","ping_status":"open","sticky":false,"template":"","format":"standard","meta":{"jetpack_post_was_ever_published":false,"_jetpack_newsletter_access":"","_jetpack_newsletter_tier_id":0,"jetpack_publicize_message":"","jetpack_is_tweetstorm":false,"jetpack_publicize_feature_enabled":true,"jetpack_social_post_already_shared":true,"jetpack_social_options":{"image_generator_settings":{"template":"highway","enabled":false}}},"categories":[57],"tags":[],"jetpack_publicize_connections":[],"jetpack_featured_media_url":"https:\/\/baraka.cc\/wp-content\/uploads\/2014\/03\/30mart2014.jpg","jetpack_shortlink":"https:\/\/wp.me\/p4eHWX-At","jetpack_sharing_enabled":true,"_links":{"self":[{"href":"https:\/\/baraka.cc\/index.php?rest_route=\/wp\/v2\/posts\/2261"}],"collection":[{"href":"https:\/\/baraka.cc\/index.php?rest_route=\/wp\/v2\/posts"}],"about":[{"href":"https:\/\/baraka.cc\/index.php?rest_route=\/wp\/v2\/types\/post"}],"author":[{"embeddable":true,"href":"https:\/\/baraka.cc\/index.php?rest_route=\/wp\/v2\/users\/1"}],"replies":[{"embeddable":true,"href":"https:\/\/baraka.cc\/index.php?rest_route=%2Fwp%2Fv2%2Fcomments&post=2261"}],"version-history":[{"count":1,"href":"https:\/\/baraka.cc\/index.php?rest_route=\/wp\/v2\/posts\/2261\/revisions"}],"predecessor-version":[{"id":2263,"href":"https:\/\/baraka.cc\/index.php?rest_route=\/wp\/v2\/posts\/2261\/revisions\/2263"}],"wp:featuredmedia":[{"embeddable":true,"href":"https:\/\/baraka.cc\/index.php?rest_route=\/wp\/v2\/media\/2262"}],"wp:attachment":[{"href":"https:\/\/baraka.cc\/index.php?rest_route=%2Fwp%2Fv2%2Fmedia&parent=2261"}],"wp:term":[{"taxonomy":"category","embeddable":true,"href":"https:\/\/baraka.cc\/index.php?rest_route=%2Fwp%2Fv2%2Fcategories&post=2261"},{"taxonomy":"post_tag","embeddable":true,"href":"https:\/\/baraka.cc\/index.php?rest_route=%2Fwp%2Fv2%2Ftags&post=2261"}],"curies":[{"name":"wp","href":"https:\/\/api.w.org\/{rel}","templated":true}]}}