{"id":2268,"date":"2014-03-21T11:09:13","date_gmt":"2014-03-21T09:09:13","guid":{"rendered":"https:\/\/baraka.cc\/?p=2268"},"modified":"2014-03-21T11:09:13","modified_gmt":"2014-03-21T09:09:13","slug":"argasdi-secme-yazilar-inatla-gecen-10-yil-cikti","status":"publish","type":"post","link":"https:\/\/baraka.cc\/?p=2268","title":{"rendered":"Argasdi Se\u00e7me Yaz\u0131lar \u2013 \u0130natla Ge\u00e7en 10 Y\u0131l \u00c7\u0131kt\u0131"},"content":{"rendered":"<p><a href=\"https:\/\/baraka.cc\/wp-content\/uploads\/2014\/03\/Argasdi_Se\u00e7me_Yaz\u0131lar_Kapak.jpg\"><img decoding=\"async\" class=\"alignleft  wp-image-2269\" alt=\"Argasdi_Se\u00e7me_Yaz\u0131lar_Kapak\" src=\"https:\/\/baraka.cc\/wp-content\/uploads\/2014\/03\/Argasdi_Se\u00e7me_Yaz\u0131lar_Kapak-1024x743.jpg\" width=\"200\" srcset=\"https:\/\/baraka.cc\/wp-content\/uploads\/2014\/03\/Argasdi_Se\u00e7me_Yaz\u0131lar_Kapak-1024x743.jpg 1024w, https:\/\/baraka.cc\/wp-content\/uploads\/2014\/03\/Argasdi_Se\u00e7me_Yaz\u0131lar_Kapak-300x217.jpg 300w\" sizes=\"(max-width: 1024px) 100vw, 1024px\" \/><\/a>Baraka\u2019n\u0131n dergisi Argasdi\u2019nin 10 y\u0131l\u0131 kapsayan makalelerinden olu\u015fan \u201cArgasdi Se\u00e7me Yaz\u0131lar \u2013 \u0130natla Ge\u00e7en 10 Y\u0131l\u201d \u00e7\u0131kt\u0131.<\/p>\n<p>&nbsp;<\/p>\n<p>Baraka K\u00fclt\u00fcr Merkezi\u2019nin \u00fc\u00e7 ayda bir \u00e7\u0131kan Argasdi dergisi kitapla\u015ft\u0131r\u0131ld\u0131. 10 y\u0131l\u0131 a\u015fk\u0131n bir s\u00fcre zarf\u0131 i\u00e7inde periyodlar\u0131 hi\u00e7 aksamadan \u00e7\u0131kan Argasdi dergisindeki yaz\u0131lar\u0131n derlendi\u011fi kitap \u201cArgasdi Se\u00e7me Yaz\u0131lar \u2013 \u0130natla Ge\u00e7en 10 Y\u0131l\u201d ismi ile raflardaki yerini ald\u0131.<\/p>\n<p>&nbsp;<\/p>\n<p>Kitap, derginin \u00e7\u0131k\u0131\u015f\u0131 ile aradan ge\u00e7en 10 y\u0131ll\u0131k zaman i\u00e7erisinde yay\u0131nlanan yaz\u0131lar\u0131n temalara ayr\u0131larak derlenmesinden olu\u015fuyor. Buna g\u00f6re kitapta g\u00fcndem yaz\u0131lar, ekoloji, emek, feminizm,gen\u00e7lik, g\u00f6\u00e7menler, K\u0131br\u0131s sorunu, medya, m\u00fccadele tart\u0131\u015fmalar\u0131, sanat ve yerel y\u00f6netimler olmak \u00fczere 12 farkl\u0131 katagori var. Her kategoride ayr\u0131 bir giri\u015f yaz\u0131s\u0131 bulunurken kitapta toplam, 123 makele yer almakta.<\/p>\n<p>&nbsp;<\/p>\n<p>Edit\u00f6rl\u00fc\u011f\u00fcn\u00fc Hasan Y\u0131k\u0131c\u0131 ve M\u00fcn\u00fcr Rahvanc\u0131o\u011flu\u2019nun, koordinasyonu Argasdi Hammaliye Kurulu\u2019ndan Besim Baysal, \u015eifa Al\u00e7\u0131c\u0131o\u011flu, Ba\u015fak \u00d6nel ve Zekiye \u015eent\u00fcrkler\u2019in yapt\u0131\u011f\u0131 kitab\u0131n tasar\u0131m\u0131n\u0131 \u00d6mer Tatl\u0131su ger\u00e7ekle\u015ftirdi.<\/p>\n<p>&nbsp;<\/p>\n<p>Kitab\u0131n arka kapa\u011f\u0131nda \u015funlar yazmakta: Argasdi ehlile\u015ftirilmeyen ve yok edilemeyen bir ottur. Bu 10 y\u0131l zarf\u0131nda Argasdi\u2019miz biraz olsun boy att\u0131, uzad\u0131, b\u00fcy\u00fcd\u00fc ve bu \u00fclkenin yar\u0131 \u00e7orak topraklar\u0131na yay\u0131ld\u0131. En basitinden bir dergi mezarl\u0131\u011f\u0131 olan \u00fclkemizde belki de bir ilk olarak\u00a0 periyodundan hi\u00e7 \u00f6d\u00fcn vermeden y\u0131llarca vakti vaktine gazete bayilerindeki yerini ald\u0131.<\/p>\n<p>&nbsp;<\/p>\n<p>\u00dczerimize bu 10 y\u0131l\u0131n birikimini \u00f6n\u00fcm\u00fczdeki d\u00f6nemlere aktarmak ve bunu yeni deneyim ve fikirlerle geli\u015ftirmek beslemek d\u00fc\u015fmekte.<\/p>\n<p>&nbsp;<\/p>\n<p>Argasdi geli\u015ferek ve yeni filizler\u00a0 vererek yay\u0131lmaya devam edecek. K\u00f6klerimiz sa\u011flam; s\u00f6k\u00fclmeyiz, yanmay\u0131z, kopmay\u0131z&#8230; Yava\u015f yava\u015f devrimin ve ba\u011f\u0131ms\u0131zl\u0131\u011f\u0131n topra\u011f\u0131nda englleri ge\u00e7e ge\u00e7e k\u0131vr\u0131lmaktay\u0131z. Ba\u015fka bir d\u00fcnya m\u00fcmk\u00fcn, bu bug\u00fcn daha da ger\u00e7ek.\u201d<\/p>\n<p>&nbsp;<\/p>\n<p>Argasdi Kitapl\u0131\u011f\u0131\u2019n\u0131n \u00fc\u00e7\u00fcnc\u00fc \u00fcretimi olan \u2018Argasdi Se\u00e7me Yaz\u0131lar\u2019 20 tl olup, Baraka K\u00fclt\u00fcr Merkezi\u2019nden ve t\u00fcm kitap\u00e7\u0131lardan edinilebilir.<\/p>\n<p>&nbsp;<\/p>\n","protected":false},"excerpt":{"rendered":"<p>Baraka\u2019n\u0131n dergisi Argasdi\u2019nin 10 y\u0131l\u0131 kapsayan makalelerinden olu\u015fan \u201cArgasdi Se\u00e7me Yaz\u0131lar \u2013 \u0130natla Ge\u00e7en 10 Y\u0131l\u201d \u00e7\u0131kt\u0131. &nbsp; Baraka K\u00fclt\u00fcr Merkezi\u2019nin \u00fc\u00e7 ayda bir \u00e7\u0131kan<\/p>\n","protected":false},"author":1,"featured_media":2269,"comment_status":"open","ping_status":"open","sticky":false,"template":"","format":"standard","meta":{"jetpack_post_was_ever_published":false,"_jetpack_newsletter_access":"","_jetpack_newsletter_tier_id":0,"jetpack_publicize_message":"","jetpack_is_tweetstorm":false,"jetpack_publicize_feature_enabled":true,"jetpack_social_post_already_shared":true,"jetpack_social_options":{"image_generator_settings":{"template":"highway","enabled":false}}},"categories":[40,39],"tags":[],"jetpack_publicize_connections":[],"jetpack_featured_media_url":"https:\/\/baraka.cc\/wp-content\/uploads\/2014\/03\/Argasdi_Se\u00e7me_Yaz\u0131lar_Kapak.jpg","jetpack_shortlink":"https:\/\/wp.me\/p4eHWX-AA","jetpack_sharing_enabled":true,"_links":{"self":[{"href":"https:\/\/baraka.cc\/index.php?rest_route=\/wp\/v2\/posts\/2268"}],"collection":[{"href":"https:\/\/baraka.cc\/index.php?rest_route=\/wp\/v2\/posts"}],"about":[{"href":"https:\/\/baraka.cc\/index.php?rest_route=\/wp\/v2\/types\/post"}],"author":[{"embeddable":true,"href":"https:\/\/baraka.cc\/index.php?rest_route=\/wp\/v2\/users\/1"}],"replies":[{"embeddable":true,"href":"https:\/\/baraka.cc\/index.php?rest_route=%2Fwp%2Fv2%2Fcomments&post=2268"}],"version-history":[{"count":1,"href":"https:\/\/baraka.cc\/index.php?rest_route=\/wp\/v2\/posts\/2268\/revisions"}],"predecessor-version":[{"id":2270,"href":"https:\/\/baraka.cc\/index.php?rest_route=\/wp\/v2\/posts\/2268\/revisions\/2270"}],"wp:featuredmedia":[{"embeddable":true,"href":"https:\/\/baraka.cc\/index.php?rest_route=\/wp\/v2\/media\/2269"}],"wp:attachment":[{"href":"https:\/\/baraka.cc\/index.php?rest_route=%2Fwp%2Fv2%2Fmedia&parent=2268"}],"wp:term":[{"taxonomy":"category","embeddable":true,"href":"https:\/\/baraka.cc\/index.php?rest_route=%2Fwp%2Fv2%2Fcategories&post=2268"},{"taxonomy":"post_tag","embeddable":true,"href":"https:\/\/baraka.cc\/index.php?rest_route=%2Fwp%2Fv2%2Ftags&post=2268"}],"curies":[{"name":"wp","href":"https:\/\/api.w.org\/{rel}","templated":true}]}}