{"id":2271,"date":"2014-03-26T14:18:12","date_gmt":"2014-03-26T12:18:12","guid":{"rendered":"https:\/\/baraka.cc\/?p=2271"},"modified":"2014-03-26T14:18:12","modified_gmt":"2014-03-26T12:18:12","slug":"istemem-eksik-olsun","status":"publish","type":"post","link":"https:\/\/baraka.cc\/?p=2271","title":{"rendered":"\u0130STEMEM EKS\u0130K OLSUN!"},"content":{"rendered":"<p id=\"yui_3_13_0_ym1_1_1395835871053_2580\"><span id=\"yui_3_13_0_ym1_1_1395835871053_2581\" style=\"font-family: Times New Roman;\"><a href=\"https:\/\/baraka.cc\/wp-content\/uploads\/2014\/03\/bte-foto1.jpg\"><img decoding=\"async\" class=\"alignleft  wp-image-2272\" alt=\"bte foto1\" src=\"https:\/\/baraka.cc\/wp-content\/uploads\/2014\/03\/bte-foto1.jpg\" width=\"200\" srcset=\"https:\/\/baraka.cc\/wp-content\/uploads\/2014\/03\/bte-foto1.jpg 960w, https:\/\/baraka.cc\/wp-content\/uploads\/2014\/03\/bte-foto1-300x120.jpg 300w\" sizes=\"(max-width: 960px) 100vw, 960px\" \/><\/a>Bug\u00fcn D\u00fcnya Tiyatro G\u00fcn\u00fc&#8230; Ve yine devlet erkan\u0131 ile b\u00fcy\u00fck patronlar, en birinci tiyatro sever kesilecek, sanat\u0131n ve sanat\u00e7\u0131n\u0131n \u00f6nemi \u00fczerine nutuklar \u00e7ekecekler&#8230; Her t\u00fcrl\u00fc gereksiz harcamaya imkan bulan devlet, imkans\u0131zl\u0131klardan dem vururken sahne sahibi b\u00fcy\u00fck patronlar, halk\u0131n ve \u00e7al\u0131\u015fanlar\u0131n\u0131n s\u0131rt\u0131ndan kazand\u0131klar\u0131yla a\u00e7t\u0131klar\u0131 salonlarda boy g\u00f6sterecekler&#8230; \u00c7al\u0131\u015fanlar\u0131n eme\u011fini s\u00f6m\u00fcrmekte beis g\u00f6rmeyen sermayedarlar, topluma ho\u015f g\u00f6r\u00fcnmek ad\u0131na sanat\u00e7\u0131lara kar\u015f\u0131 en g\u00fcle\u00e7 y\u00fcz\u00fcn\u00fc tak\u0131nacaklar.<\/span><\/p>\n<p id=\"yui_3_13_0_ym1_1_1395835871053_2583\"><span id=\"yui_3_13_0_ym1_1_1395835871053_2584\" style=\"font-family: Times New Roman;\">Bu \u00fclkenin onurlu sanat\u00e7\u0131lar\u0131 ise bir yandan ger\u00e7ek tiyatro severler olan seyircileriyle bulu\u015fman\u0131n co\u015fkusunu ya\u015farken di\u011fer yandan y\u0131l\u0131n her g\u00fcn\u00fc ya\u015fad\u0131klar\u0131 sorunlarla bo\u011fu\u015fmaya devam edecekler. Y\u0131llard\u0131r in\u015faat\u0131 s\u00fcren Ba\u015fkent Tiyatro Projesi yar\u0131m kalm\u0131\u015f vaziyette, Devlet Tiyatrosu sahnesiz, amat\u00f6r ve \u00f6zel tiyatrolar t\u00fcm olanaklardan yoksun bir \u015fekilde sanat yapma m\u00fccadelesi verecek.<\/span><\/p>\n<p id=\"yui_3_13_0_ym1_1_1395835871053_2587\"><span id=\"yui_3_13_0_ym1_1_1395835871053_2585\" style=\"font-family: Times New Roman;\">Son y\u0131llarda halk\u0131n haklar\u0131na yap\u0131lan sald\u0131r\u0131lar, tiyatro ve sanat alan\u0131nda da kendini g\u00f6stermekte. K\u00fclt\u00fcr-sanata ayr\u0131lan b\u00fct\u00e7e s\u00fcrekli k\u0131s\u0131lmakta, Belediye\u2019ye yani t\u00fcm halka ait olan Arabahmet K\u00fclt\u00fcrevi g\u00fczelle\u015ftirilme bahanesiyle \u00f6zelle\u015ftirilmekte. B\u00f6ylelikle alternatif bir s\u00f6z\u00fc olan amat\u00f6r dernek tiyatrolar\u0131n\u0131n seyirciyle bulu\u015fma olana\u011f\u0131, patronlar\u0131n iki duda\u011f\u0131 aras\u0131na b\u0131rak\u0131lmakta. Tiyatro sanat\u00e7\u0131lar\u0131n\u0131n sesinin k\u0131s\u0131lmas\u0131 pahas\u0131na haklar\u0131 geriletilmekte ve \u00f6zg\u00fcrce sanatlar\u0131n\u0131 \u00fcretebilecekleri yasalar \u0131srarla yap\u0131lmamakta ve imkanlar yarat\u0131lmamakta.<\/span><\/p>\n<p id=\"yui_3_13_0_ym1_1_1395835871053_2590\"><span id=\"yui_3_13_0_ym1_1_1395835871053_2588\" style=\"font-family: Times New Roman;\">Hal b\u00f6yleyken ne yapmak gerek peki? Cyrano de Bergerac\u2019\u0131n o \u00fcnl\u00fc tirad\u0131nda dedi\u011fi gibi: <i id=\"yui_3_13_0_ym1_1_1395835871053_2591\">\u201cSa\u011flam bir arka m\u0131 bulmal\u0131? Bir a\u011fa\u00e7 g\u00f6vdesine dolanan sarma\u015f\u0131k gibi, \u00f6n\u00fcnde e\u011filerek efendimiz sanmak m\u0131? Bilek g\u00fcc\u00fc yerine, dolanla t\u0131rmanmak m\u0131? \u0130stemem, eksik olsun! Herkesin yapt\u0131\u011f\u0131 \u015feyleri mi yapmal\u0131? Bir bakan\u0131n y\u00fcz\u00fcn\u00fc g\u00fcld\u00fcrmek i\u00e7in biraz \u015faklabanl\u0131k edip, taklalar m\u0131 atmal\u0131? Onun bunun \u00f6n\u00fcnde hep boyun mu e\u011fmeli? \u0130stemem, eksik olsun! Korkmak, t\u00fckenmek, bitmek\u2026 \u015eiir yazacak yerde e\u015fe dosta gitmek. \u0130stemem, eksik olsun! Ama \u015fark\u0131 s\u00f6ylemek, d\u00fc\u015flemek, g\u00fclmek, y\u00fcr\u00fcmek\u2026 \u00d6zg\u00fcr olmak! D\u00fcnyaya kendi g\u00f6zlerinle bakmak. Sesini \u00e7\u0131nlatmak, akl\u0131na esince \u015fapkan\u0131 yan yat\u0131rmak. Bir hi\u00e7 u\u011fruna k\u0131l\u0131c\u0131na ya da kalemine sar\u0131lmak; ne \u00fcn pe\u015finde olmak, para pul d\u00fc\u015f\u00fcnmek; isteyince Ay\u2019a bile gidebilmek\u2026Ba\u015far\u0131y\u0131 aln\u0131n\u0131n teriyle elde edebilmek\u2026\u201d<\/i><\/span><\/p>\n<p id=\"yui_3_13_0_ym1_1_1395835871053_2594\"><span id=\"yui_3_13_0_ym1_1_1395835871053_2592\" style=\"font-family: Times New Roman;\">Her \u015feye ra\u011fmen, insanl\u0131k var oldu\u011fundan bu yana ya\u015fayan bir sanat olan tiyatro insanl\u0131k yarar\u0131na var olacak&#8230; Ne devletin ihmaline ve ilerici sanat\u0131 bask\u0131lamaya \u00e7al\u0131\u015fmas\u0131na ne de patronlar\u0131n tekeline kalmayacak! Susmayaca\u011f\u0131z&#8230; \u00c7\u00fcnk\u00fc tiyatro bir devrim provas\u0131d\u0131r!<\/span><\/p>\n","protected":false},"excerpt":{"rendered":"<p>Bug\u00fcn D\u00fcnya Tiyatro G\u00fcn\u00fc&#8230; Ve yine devlet erkan\u0131 ile b\u00fcy\u00fck patronlar, en birinci tiyatro sever kesilecek, sanat\u0131n ve sanat\u00e7\u0131n\u0131n \u00f6nemi \u00fczerine nutuklar \u00e7ekecekler&#8230; Her t\u00fcrl\u00fc<\/p>\n","protected":false},"author":1,"featured_media":2272,"comment_status":"open","ping_status":"open","sticky":false,"template":"","format":"standard","meta":{"jetpack_post_was_ever_published":false,"_jetpack_newsletter_access":"","_jetpack_newsletter_tier_id":0,"jetpack_publicize_message":"","jetpack_is_tweetstorm":false,"jetpack_publicize_feature_enabled":true,"jetpack_social_post_already_shared":true,"jetpack_social_options":{"image_generator_settings":{"template":"highway","enabled":false}}},"categories":[21,41,38],"tags":[],"jetpack_publicize_connections":[],"jetpack_featured_media_url":"https:\/\/baraka.cc\/wp-content\/uploads\/2014\/03\/bte-foto1.jpg","jetpack_shortlink":"https:\/\/wp.me\/p4eHWX-AD","jetpack_sharing_enabled":true,"_links":{"self":[{"href":"https:\/\/baraka.cc\/index.php?rest_route=\/wp\/v2\/posts\/2271"}],"collection":[{"href":"https:\/\/baraka.cc\/index.php?rest_route=\/wp\/v2\/posts"}],"about":[{"href":"https:\/\/baraka.cc\/index.php?rest_route=\/wp\/v2\/types\/post"}],"author":[{"embeddable":true,"href":"https:\/\/baraka.cc\/index.php?rest_route=\/wp\/v2\/users\/1"}],"replies":[{"embeddable":true,"href":"https:\/\/baraka.cc\/index.php?rest_route=%2Fwp%2Fv2%2Fcomments&post=2271"}],"version-history":[{"count":1,"href":"https:\/\/baraka.cc\/index.php?rest_route=\/wp\/v2\/posts\/2271\/revisions"}],"predecessor-version":[{"id":2273,"href":"https:\/\/baraka.cc\/index.php?rest_route=\/wp\/v2\/posts\/2271\/revisions\/2273"}],"wp:featuredmedia":[{"embeddable":true,"href":"https:\/\/baraka.cc\/index.php?rest_route=\/wp\/v2\/media\/2272"}],"wp:attachment":[{"href":"https:\/\/baraka.cc\/index.php?rest_route=%2Fwp%2Fv2%2Fmedia&parent=2271"}],"wp:term":[{"taxonomy":"category","embeddable":true,"href":"https:\/\/baraka.cc\/index.php?rest_route=%2Fwp%2Fv2%2Fcategories&post=2271"},{"taxonomy":"post_tag","embeddable":true,"href":"https:\/\/baraka.cc\/index.php?rest_route=%2Fwp%2Fv2%2Ftags&post=2271"}],"curies":[{"name":"wp","href":"https:\/\/api.w.org\/{rel}","templated":true}]}}