{"id":2275,"date":"2014-03-27T15:48:17","date_gmt":"2014-03-27T13:48:17","guid":{"rendered":"https:\/\/baraka.cc\/?p=2275"},"modified":"2014-03-27T15:48:17","modified_gmt":"2014-03-27T13:48:17","slug":"baraka-tiyatro-ekibi-lefkosa-sanat-tiyatrosu-ve-lefkeli-yavas-tiyatro-sanat-severleri-dunya-tiyatro-gunu-yuruyusune-cagirdi","status":"publish","type":"post","link":"https:\/\/baraka.cc\/?p=2275","title":{"rendered":"Baraka Tiyatro Ekibi, Lefko\u015fa Sanat Tiyatrosu ve Lefkeli Yava\u015f Tiyatro Sanat Severleri D\u00fcnya Tiyatro G\u00fcn\u00fc Y\u00fcr\u00fcy\u00fc\u015f\u00fcne \u00c7a\u011f\u0131rd\u0131"},"content":{"rendered":"<p id=\"yui_3_13_0_ym1_1_1395927681284_2524\"><b id=\"yui_3_13_0_ym1_1_1395927681284_2523\"><a href=\"https:\/\/baraka.cc\/wp-content\/uploads\/2014\/03\/tiy.jpg\"><img decoding=\"async\" class=\"alignleft  wp-image-2276\" alt=\"tiy\" src=\"https:\/\/baraka.cc\/wp-content\/uploads\/2014\/03\/tiy.jpg\" width=\"200\" srcset=\"https:\/\/baraka.cc\/wp-content\/uploads\/2014\/03\/tiy.jpg 1000w, https:\/\/baraka.cc\/wp-content\/uploads\/2014\/03\/tiy-300x136.jpg 300w\" sizes=\"(max-width: 1000px) 100vw, 1000px\" \/><\/a>Baraka Tiyatro Ekibi, Lefko\u015fa Sanat Tiyatrosu ve Lefkeli Yava\u015f Tiyatro, D\u00fcnya Tiyatro G\u00fcn\u00fc etkinlikleri \u00e7er\u00e7evesinde y\u00fcr\u00fcy\u00fc\u015f ve sokak g\u00f6sterileri d\u00fczenleyecek.\u00a0 29 Mart Cumartesi g\u00fcn\u00fc saat 10.00\u2019da Saray\u00f6n\u00fc\u2019nden ba\u015flayacak olan D\u00fcnya Tiyatro G\u00fcn\u00fc Y\u00fcr\u00fcy\u00fc\u015f\u00fc, Arasta, B\u00fcy\u00fck Han ve Bandabuliya b\u00f6lgelerinde yap\u0131lacak g\u00f6sterilerle devam edecek. Y\u00fcr\u00fcy\u00fc\u015fte, \u00fc\u00e7 tiyatro toplulu\u011funun g\u00f6steri takvimleri ile D\u00fcnya Tiyatro G\u00fcn\u00fc Mesajlar\u0131 da da\u011f\u0131t\u0131lacak. Yediden yetmi\u015fe t\u00fcm sanat severlerin ve tiyatro setyircilerinin davetli oldu\u011fu etkinli\u011fe, dileyen tiyatro severler ve \u00e7ocuklar kost\u00fcmleriyle de kat\u0131labilecek. <\/b><\/p>\n<p id=\"yui_3_13_0_ym1_1_1395927681284_2533\">\n<p id=\"yui_3_13_0_ym1_1_1395927681284_2534\">\u00dc\u00e7 tiyatro toplulu\u011funun ortak imzas\u0131yla yay\u0131nlad\u0131\u011f\u0131 mesaj ise \u015f\u00f6yle:<\/p>\n<p id=\"yui_3_13_0_ym1_1_1395927681284_2536\">\n<p id=\"yui_3_13_0_ym1_1_1395927681284_2538\">Bir D\u00fcnya Tiyatro G\u00fcn\u00fc\u2019nde daha, her t\u00fcrl\u00fc bask\u0131 ve imkans\u0131zl\u0131klara ra\u011fmen ya\u015famlar\u0131m\u0131z\u0131, fikirlerimizi tiyatroya adam\u0131\u015f insanlar olarak, sahneleri sokaklara, sokaklar\u0131 sahnelere ta\u015f\u0131yoruz. Bu s\u00f6m\u00fcr\u00fc d\u00fczenine ve hizmetkarlar\u0131na kar\u015f\u0131 m\u00fccadelemizle, kavgam\u0131zla ve de oyunlar\u0131m\u0131zla cevap veriyoruz.<\/p>\n<p id=\"yui_3_13_0_ym1_1_1395927681284_2539\">\n\u0130nsanl\u0131k tarihi kadar eski olan ve \u00f6z\u00fcnde isyan ve \u00f6zg\u00fcrl\u00fck bar\u0131nd\u0131ran tiyatro, sanata ve sanat\u00e7\u0131ya sadece g\u00f6stermelik bir de\u011fer verilen, \u00f6zg\u00fcrce \u00fcretebilecekleri imkanlar sa\u011flanmayan, K\u00fclt\u00fcrevleri\u2019nin pe\u015fke\u015f \u00e7ekildi\u011fi, k\u00fclliyelerin a\u00e7\u0131ld\u0131\u011f\u0131, insanlar\u0131n k\u00f6lele\u015ftirildi\u011fi bu d\u00fczende her zamankinden daha da anlaml\u0131&#8230;<\/p>\n<p id=\"yui_3_13_0_ym1_1_1395927681284_2542\">\n\u00dczerimize d\u00fc\u015fen sorumlulu\u011fun bilinciyle, bar\u0131\u015ftan, emekten ve adaletten yana saf tutuyoruz. Tiyatro masklar\u0131m\u0131z\u0131 sadece aksesuar olarak de\u011fil, halk\u0131 kand\u0131rmaya \u00e7al\u0131\u015fanlar\u0131n maskesini d\u00fc\u015f\u00fcrmek i\u00e7in de tak\u0131yoruz. Ezberimizi yaparken, \u00e7\u0131karc\u0131 siyaset\u00e7ilerin, rant d\u00fc\u015fk\u00fcn\u00fc sermayedarlar\u0131n da ezberini bozmay\u0131 d\u00fc\u015fl\u00fcyoruz. Sesimizi yaln\u0131zca arka s\u0131radaki seyirciler i\u00e7in de\u011fil, t\u00fcm ezilenler i\u00e7in y\u00fckseltiyor, \u015fark\u0131lar\u0131m\u0131z\u0131 \u00e7ok seslili\u011fin, halklar\u0131n karde\u015fli\u011finin bir simgesi olarak s\u00f6yl\u00fcyoruz. Bize bi\u00e7ilen cinsiyet\u00e7i ve milliyet\u00e7i rolleri kabul etmeyip kendi hikayemizi yaratmak istiyoruz.<\/p>\n<p id=\"yui_3_13_0_ym1_1_1395927681284_2545\">\nBir D\u00fcnya Tiyatro G\u00fcn\u00fc\u2019nde daha, \u00fclkemizi ve d\u00fcnyay\u0131 daha ya\u015fanabilir daha \u015fenlikli bir yere d\u00f6n\u00fc\u015ft\u00fcrmek i\u00e7in sokakta ve sahnedeyiz. Bu oyuna seyirci kalmay\u0131n!<\/p>\n<p>Baraka Tiyatro Ekibi, Lefko\u015fa Sanat Tiyatrosu, Lefkeli Yava\u015f Tiyatro<\/p>\n","protected":false},"excerpt":{"rendered":"<p>Baraka Tiyatro Ekibi, Lefko\u015fa Sanat Tiyatrosu ve Lefkeli Yava\u015f Tiyatro, D\u00fcnya Tiyatro G\u00fcn\u00fc etkinlikleri \u00e7er\u00e7evesinde y\u00fcr\u00fcy\u00fc\u015f ve sokak g\u00f6sterileri d\u00fczenleyecek.\u00a0 29 Mart Cumartesi g\u00fcn\u00fc saat<\/p>\n","protected":false},"author":1,"featured_media":2276,"comment_status":"open","ping_status":"open","sticky":false,"template":"","format":"standard","meta":{"jetpack_post_was_ever_published":false,"_jetpack_newsletter_access":"","_jetpack_newsletter_tier_id":0,"jetpack_publicize_message":"","jetpack_is_tweetstorm":false,"jetpack_publicize_feature_enabled":true,"jetpack_social_post_already_shared":true,"jetpack_social_options":{"image_generator_settings":{"template":"highway","enabled":false}}},"categories":[21,41,38],"tags":[],"jetpack_publicize_connections":[],"jetpack_featured_media_url":"https:\/\/baraka.cc\/wp-content\/uploads\/2014\/03\/tiy.jpg","jetpack_shortlink":"https:\/\/wp.me\/p4eHWX-AH","jetpack_sharing_enabled":true,"_links":{"self":[{"href":"https:\/\/baraka.cc\/index.php?rest_route=\/wp\/v2\/posts\/2275"}],"collection":[{"href":"https:\/\/baraka.cc\/index.php?rest_route=\/wp\/v2\/posts"}],"about":[{"href":"https:\/\/baraka.cc\/index.php?rest_route=\/wp\/v2\/types\/post"}],"author":[{"embeddable":true,"href":"https:\/\/baraka.cc\/index.php?rest_route=\/wp\/v2\/users\/1"}],"replies":[{"embeddable":true,"href":"https:\/\/baraka.cc\/index.php?rest_route=%2Fwp%2Fv2%2Fcomments&post=2275"}],"version-history":[{"count":1,"href":"https:\/\/baraka.cc\/index.php?rest_route=\/wp\/v2\/posts\/2275\/revisions"}],"predecessor-version":[{"id":2277,"href":"https:\/\/baraka.cc\/index.php?rest_route=\/wp\/v2\/posts\/2275\/revisions\/2277"}],"wp:featuredmedia":[{"embeddable":true,"href":"https:\/\/baraka.cc\/index.php?rest_route=\/wp\/v2\/media\/2276"}],"wp:attachment":[{"href":"https:\/\/baraka.cc\/index.php?rest_route=%2Fwp%2Fv2%2Fmedia&parent=2275"}],"wp:term":[{"taxonomy":"category","embeddable":true,"href":"https:\/\/baraka.cc\/index.php?rest_route=%2Fwp%2Fv2%2Fcategories&post=2275"},{"taxonomy":"post_tag","embeddable":true,"href":"https:\/\/baraka.cc\/index.php?rest_route=%2Fwp%2Fv2%2Ftags&post=2275"}],"curies":[{"name":"wp","href":"https:\/\/api.w.org\/{rel}","templated":true}]}}