{"id":2278,"date":"2014-03-28T21:30:59","date_gmt":"2014-03-28T19:30:59","guid":{"rendered":"https:\/\/baraka.cc\/?p=2278"},"modified":"2014-03-31T11:56:39","modified_gmt":"2014-03-31T09:56:39","slug":"kuzeyde-de-guneyde-de-fasist-yapilar-kapatilmali","status":"publish","type":"post","link":"https:\/\/baraka.cc\/?p=2278","title":{"rendered":"KUZEYDE DE G\u00dcNEYDE DE FA\u015e\u0130ST YAPILAR KAPATILMALI"},"content":{"rendered":"<div id=\"yui_3_13_0_1_1396207569474_4247\"><a href=\"https:\/\/baraka.cc\/wp-content\/uploads\/2013\/04\/baraka-renkli.png\"><img decoding=\"async\" class=\"alignleft  wp-image-17\" alt=\"baraka renkli\" src=\"https:\/\/baraka.cc\/wp-content\/uploads\/2013\/04\/baraka-renkli-1024x459.png\" width=\"200\" srcset=\"https:\/\/baraka.cc\/wp-content\/uploads\/2013\/04\/baraka-renkli-1024x459.png 1024w, https:\/\/baraka.cc\/wp-content\/uploads\/2013\/04\/baraka-renkli-300x134.png 300w\" sizes=\"(max-width: 1024px) 100vw, 1024px\" \/><\/a>B\u00f6l\u00fcnm\u00fc\u015f adam\u0131z\u0131n iki taraf\u0131nda da fa\u015fizm b\u00fcy\u00fcmek ve halklar aras\u0131 d\u00fc\u015fmanl\u0131\u011f\u0131 k\u00f6r\u00fcklemek i\u00e7in elinden geleni yap\u0131yor. Ge\u00e7ti\u011fimiz hafta, e\u011fitim \u015furas\u0131nda al\u0131nan kararlar bahane g\u00f6sterilerek ba\u015fta KT\u00d6S olmak \u00fczere t\u00fcm e\u011fitim sendikalar\u0131na y\u00f6nelik yap\u0131lan T\u00fcrk milliyet\u00e7isi fa\u015fist eylem, ard\u0131ndan bu hafta Limasol`da Mehmet Ali Talat`\u0131n konferans\u0131 bahane edilerek ELAM taraf\u0131ndan ger\u00e7ekle\u015ftirilen fa\u015fist sald\u0131r\u0131, iki halk\u0131n i\u00e7indeki fa\u015fist \u00e7evrelerin d\u00fc\u015fmanl\u0131k siyasetini yaymak i\u00e7in elinden geleni yapaca\u011f\u0131n\u0131 g\u00f6steriyor. Y\u0131llarca hem emperyalizmin m\u00fcdahaleleri hem de iki halk i\u00e7indeki fa\u015fist \u00e7evrelerin politikalar\u0131 sonucu kar\u015f\u0131 kar\u015f\u0131ya getirilen K\u0131br\u0131s halklar\u0131 yine ayn\u0131 zemine \u00e7ekilmek isteniyor. Bu \u00e7abalar halklar aras\u0131 fiili temas\u0131n b\u00f6l\u00fcnm\u00fc\u015fl\u00fckten \u00f6t\u00fcr\u00fc \u00e7ok s\u0131n\u0131rl\u0131 oldu\u011fu ko\u015fullarda dahi d\u00fc\u015fmanl\u0131k siyasetiyle halklar\u0131n bar\u0131\u015f m\u00fccadelesine yeterince zarar veriyor. T\u00fcm bu g\u00f6stergeler iki halk\u0131n karde\u015fli\u011fini ve adada bar\u0131\u015f\u0131 savunan kesimlerin \u00f6n\u00fcndeki g\u00f6revleri de belli ediyor. Ge\u00e7mi\u015f y\u0131llar\u0131n ac\u0131 deneyimleri ve 40 y\u0131l\u0131 a\u015fk\u0131n s\u00fcredir s\u00fcren b\u00f6l\u00fcnm\u00fc\u015fl\u00fck iki halk aras\u0131 d\u00fc\u015fmanl\u0131k siyasetinin K\u0131br\u0131s halklar\u0131n\u0131n de\u011fil egemen \u00e7evrelerin ve onlar\u0131n yerli i\u015fbirlik\u00e7ilerinin \u00e7\u0131kar\u0131na oldu\u011funu g\u00f6stermi\u015ftir. K\u0131br\u0131sl\u0131 T\u00fcrk ve Elenler ada \u00fczerinde neredeyse t\u00fcm s\u00f6z ve yetkilerini kaybederken, \u201cvatan millet\u201d diyerek halklar\u0131 zehirleyen fa\u015fistler bu d\u00fczen \u00fczerinden kendi zenginliklerini yaratm\u0131\u015flard\u0131r. Bu anlay\u0131\u015f bi\u00e7im olarak farkl\u0131l\u0131k g\u00f6sterse de adan\u0131n iki taraf\u0131nda da bir g\u00fcce sahip ve yapt\u0131klar\u0131 her eylemle birbirlerini b\u00fcy\u00fct\u00fcyorlar. Ancak ge\u00e7mi\u015f yanl\u0131\u015flar\u0131n ve ac\u0131 deneyimlerin esareti alt\u0131nda ya\u015fayan bir ku\u015fa\u011f\u0131n \u00fcyeleri olan biz Barakac\u0131lar fa\u015fizmin her t\u00fcrl\u00fcs\u00fcn\u00fcn kar\u015f\u0131s\u0131nda oldu\u011fumuzu, adada bar\u0131\u015f ve halklar\u0131n karde\u015fli\u011fi m\u00fccadelesinin d\u00fc\u015fmanl\u0131k siyasetine boyun e\u011fmeyece\u011fini duyururuz. K\u0131br\u0131sl\u0131 Elen ve K\u0131br\u0131sl\u0131 T\u00fcrk halklar\u0131 \u00f6zg\u00fcr ve ba\u011f\u0131ms\u0131z bir ya\u015fam i\u00e7in bar\u0131\u015fa muhta\u00e7t\u0131r. Bu konuda en b\u00fcy\u00fck g\u00f6rev iki halk\u0131n devrimcilerine d\u00fc\u015fmektedir. Buna ek olarak, hem K\u0131br\u0131sl\u0131 Elen halk\u0131ndan pek \u00e7ok kesim ELAM\u2019\u0131n bu fa\u015fist\u00e7e sald\u0131r\u0131s\u0131na kar\u015f\u0131 tepkisini ortaya koymu\u015ftur; hem de K\u0131br\u0131sl\u0131 T\u00fcrk halk\u0131ndan pek \u00e7ok kesim, ge\u00e7mi\u015fte \u00dclk\u00fc Ocaklar\u0131, Gen\u00e7 M\u00fccahitler gibi fa\u015fist yap\u0131lanmalar\u0131n yapt\u0131\u011f\u0131 fa\u015fist eylemler kar\u015f\u0131s\u0131nda tepkisini ortaya koymu\u015ftur. Halklar, kendi fa\u015fistlerine g\u00f6z a\u00e7t\u0131rmamaya \u00e7al\u0131\u015farak bar\u0131\u015fa verdikleri \u00f6nemi g\u00f6stermektedirler. \u0130ki halk\u0131n da fa\u015fizme kar\u015f\u0131 bu hakl\u0131 \u00f6fkesinin sonu\u00e7 al\u0131c\u0131 olmas\u0131 anlam\u0131nda, K\u0131br\u0131s\u2019\u0131n hem kuzeyindeki hem de g\u00fcneyindeki fa\u015fist yap\u0131lanmalar amas\u0131z kay\u0131ts\u0131z kapat\u0131lmal\u0131 ve \u00e7al\u0131\u015fmalar\u0131yla faaliyetleri engellenmelidir Baraka olarak, adada bar\u0131\u015f ve ba\u011f\u0131ms\u0131zl\u0131k i\u00e7in iki halk\u0131n i\u00e7in t\u00fcm ilerici ve devrimci unsurlar\u0131yla beraber m\u00fccadele etmeye devam edece\u011fiz. Ya\u015fam\u0131 fa\u015fizmin \u00f6ld\u00fcrmesine izin vermeyece\u011fiz.<\/div>\n","protected":false},"excerpt":{"rendered":"<p>B\u00f6l\u00fcnm\u00fc\u015f adam\u0131z\u0131n iki taraf\u0131nda da fa\u015fizm b\u00fcy\u00fcmek ve halklar aras\u0131 d\u00fc\u015fmanl\u0131\u011f\u0131 k\u00f6r\u00fcklemek i\u00e7in elinden geleni yap\u0131yor. Ge\u00e7ti\u011fimiz hafta, e\u011fitim \u015furas\u0131nda al\u0131nan kararlar bahane g\u00f6sterilerek ba\u015fta<\/p>\n","protected":false},"author":1,"featured_media":17,"comment_status":"open","ping_status":"open","sticky":false,"template":"","format":"standard","meta":{"jetpack_post_was_ever_published":false,"_jetpack_newsletter_access":"","_jetpack_newsletter_tier_id":0,"jetpack_publicize_message":"KUZEYDE DE G\u00dcNEYDE DE FA\u015e\u0130ST YAPILAR KAPATILMALI","jetpack_is_tweetstorm":false,"jetpack_publicize_feature_enabled":true,"jetpack_social_post_already_shared":true,"jetpack_social_options":{"image_generator_settings":{"template":"highway","enabled":false}}},"categories":[41,38],"tags":[],"jetpack_publicize_connections":[],"jetpack_featured_media_url":"https:\/\/baraka.cc\/wp-content\/uploads\/2013\/04\/baraka-renkli.png","jetpack_shortlink":"https:\/\/wp.me\/p4eHWX-AK","jetpack_sharing_enabled":true,"_links":{"self":[{"href":"https:\/\/baraka.cc\/index.php?rest_route=\/wp\/v2\/posts\/2278"}],"collection":[{"href":"https:\/\/baraka.cc\/index.php?rest_route=\/wp\/v2\/posts"}],"about":[{"href":"https:\/\/baraka.cc\/index.php?rest_route=\/wp\/v2\/types\/post"}],"author":[{"embeddable":true,"href":"https:\/\/baraka.cc\/index.php?rest_route=\/wp\/v2\/users\/1"}],"replies":[{"embeddable":true,"href":"https:\/\/baraka.cc\/index.php?rest_route=%2Fwp%2Fv2%2Fcomments&post=2278"}],"version-history":[{"count":1,"href":"https:\/\/baraka.cc\/index.php?rest_route=\/wp\/v2\/posts\/2278\/revisions"}],"predecessor-version":[{"id":2279,"href":"https:\/\/baraka.cc\/index.php?rest_route=\/wp\/v2\/posts\/2278\/revisions\/2279"}],"wp:featuredmedia":[{"embeddable":true,"href":"https:\/\/baraka.cc\/index.php?rest_route=\/wp\/v2\/media\/17"}],"wp:attachment":[{"href":"https:\/\/baraka.cc\/index.php?rest_route=%2Fwp%2Fv2%2Fmedia&parent=2278"}],"wp:term":[{"taxonomy":"category","embeddable":true,"href":"https:\/\/baraka.cc\/index.php?rest_route=%2Fwp%2Fv2%2Fcategories&post=2278"},{"taxonomy":"post_tag","embeddable":true,"href":"https:\/\/baraka.cc\/index.php?rest_route=%2Fwp%2Fv2%2Ftags&post=2278"}],"curies":[{"name":"wp","href":"https:\/\/api.w.org\/{rel}","templated":true}]}}