{"id":2280,"date":"2014-03-29T21:35:33","date_gmt":"2014-03-29T19:35:33","guid":{"rendered":"https:\/\/baraka.cc\/?p=2280"},"modified":"2014-03-31T11:56:54","modified_gmt":"2014-03-31T09:56:54","slug":"dunya-tiyatro-gunu-yuruyusu","status":"publish","type":"post","link":"https:\/\/baraka.cc\/?p=2280","title":{"rendered":"D\u00fcnya Tiyatro G\u00fcn\u00fc Y\u00fcr\u00fcy\u00fc\u015f\u00fc"},"content":{"rendered":"<p><strong><a href=\"https:\/\/baraka.cc\/wp-content\/uploads\/2014\/03\/110.jpg\"><img decoding=\"async\" class=\"alignleft  wp-image-2281\" alt=\"110\" src=\"https:\/\/baraka.cc\/wp-content\/uploads\/2014\/03\/110.jpg\" width=\"200\" srcset=\"https:\/\/baraka.cc\/wp-content\/uploads\/2014\/03\/110.jpg 960w, https:\/\/baraka.cc\/wp-content\/uploads\/2014\/03\/110-300x225.jpg 300w\" sizes=\"(max-width: 960px) 100vw, 960px\" \/><\/a> Baraka Tiyatro Ekibi, Lefko\u015fa Sanat Tiyatrosu, Lefkeli Yava\u015f Tiyatro,<\/strong> D\u00fcnya Tiyatro g\u00fcn\u00fc dolay\u0131s\u0131yla Lefko\u015fa\u2019da ortak bir y\u00fcr\u00fcy\u00fc\u015f d\u00fczenledi.<\/p>\n<p>Saray\u00f6n\u00fc\u2019nde ba\u015flayan y\u00fcr\u00fcy\u00fc\u015f, Arasta, B\u00fcy\u00fck Han ve Bandabuliya\u2019ya kadar s\u00fcrd\u00fc.<\/p>\n<p>B\u00fcy\u00fck Han\u2019da \u00fc\u00e7 tiyatro toplulu\u011funun imzas\u0131 bulunan ortak bildiri okundu.<\/p>\n<p><strong>Bildiri \u015f\u00f6yle:<\/strong><\/p>\n<p>Bir D\u00fcnya Tiyatro G\u00fcn\u00fc\u2019nde daha, her t\u00fcrl\u00fc bask\u0131 ve imkans\u0131zl\u0131klara ra\u011fmen ya\u015famlar\u0131m\u0131z\u0131, fikirlerimizi tiyatroya adam\u0131\u015f insanlar olarak, sahneleri sokaklara, sokaklar\u0131 sahnelere ta\u015f\u0131yoruz. Bu s\u00f6m\u00fcr\u00fc d\u00fczenine ve hizmetkarlar\u0131na kar\u015f\u0131 m\u00fccadelemizle, kavgam\u0131zla ve de oyunlar\u0131m\u0131zla cevap veriyoruz.<\/p>\n<p><strong><a href=\"https:\/\/baraka.cc\/wp-content\/uploads\/2014\/03\/44.jpg\"><img decoding=\"async\" loading=\"lazy\" class=\"alignleft\" alt=\"44\" src=\"https:\/\/baraka.cc\/wp-content\/uploads\/2014\/03\/44.jpg\" width=\"200\" height=\"150\" \/><\/a><\/strong>\u0130nsanl\u0131k tarihi kadar eski olan ve \u00f6z\u00fcnde isyan ve \u00f6zg\u00fcrl\u00fck bar\u0131nd\u0131ran tiyatro, sanata ve sanat\u00e7\u0131ya sadece g\u00f6stermelik bir de\u011fer verilen, \u00f6zg\u00fcrce \u00fcretebilecekleri imkanlar sa\u011flanmayan, K\u00fclt\u00fcrevleri\u2019nin pe\u015fke\u015f \u00e7ekildi\u011fi, k\u00fclliyelerin a\u00e7\u0131ld\u0131\u011f\u0131, insanlar\u0131n k\u00f6lele\u015ftirildi\u011fi bu d\u00fczende her zamankinden daha da anlaml\u0131\u2026<\/p>\n<p>\u00dczerimize d\u00fc\u015fen sorumlulu\u011fun bilinciyle, bar\u0131\u015ftan, emekten ve adaletten yana saf tutuyoruz. Tiyatro masklar\u0131m\u0131z\u0131 sadece aksesuar olarak de\u011fil, halk\u0131 kand\u0131rmaya \u00e7al\u0131\u015fanlar\u0131n maskesini d\u00fc\u015f\u00fcrmek i\u00e7in de tak\u0131yoruz. Ezberimizi yaparken, \u00e7\u0131karc\u0131 siyaset\u00e7ilerin, rant d\u00fc\u015fk\u00fcn\u00fc sermayedarlar\u0131n da ezberini bozmay\u0131 d\u00fc\u015fl\u00fcyoruz. Sesimizi yaln\u0131zca arka s\u0131radaki seyirciler i\u00e7in de\u011fil, t\u00fcm ezilenler i\u00e7in y\u00fckseltiyor, \u015fark\u0131lar\u0131m\u0131z\u0131 \u00e7ok seslili\u011fin, halklar\u0131n karde\u015fli\u011finin bir simgesi olarak s\u00f6yl\u00fcyoruz. Bize bi\u00e7ilen cinsiyet\u00e7i ve milliyet\u00e7i rolleri kabul etmeyip kendi hikayemizi yaratmak istiyoruz.<\/p>\n<p>Bir D\u00fcnya Tiyatro G\u00fcn\u00fc\u2019nde daha, \u00fclkemizi ve d\u00fcnyay\u0131 daha ya\u015fanabilir daha \u015fenlikli bir yere d\u00f6n\u00fc\u015ft\u00fcrmek i\u00e7in sokakta ve sahnedeyiz. Bu oyuna seyirci kalmay\u0131n!<\/p>\n<p><strong>Baraka Tiyatro Ekibi, Lefko\u015fa Sanat Tiyatrosu, Lefkeli Yava\u015f Tiyatro<br \/>\n<\/strong><\/p>\n","protected":false},"excerpt":{"rendered":"<p>Baraka Tiyatro Ekibi, Lefko\u015fa Sanat Tiyatrosu, Lefkeli Yava\u015f Tiyatro, D\u00fcnya Tiyatro g\u00fcn\u00fc dolay\u0131s\u0131yla Lefko\u015fa\u2019da ortak bir y\u00fcr\u00fcy\u00fc\u015f d\u00fczenledi. Saray\u00f6n\u00fc\u2019nde ba\u015flayan y\u00fcr\u00fcy\u00fc\u015f, Arasta, B\u00fcy\u00fck Han ve<\/p>\n","protected":false},"author":1,"featured_media":2281,"comment_status":"open","ping_status":"open","sticky":false,"template":"","format":"standard","meta":{"jetpack_post_was_ever_published":false,"_jetpack_newsletter_access":"","_jetpack_newsletter_tier_id":0,"jetpack_publicize_message":"","jetpack_is_tweetstorm":false,"jetpack_publicize_feature_enabled":true,"jetpack_social_post_already_shared":true,"jetpack_social_options":{"image_generator_settings":{"template":"highway","enabled":false}}},"categories":[21],"tags":[],"jetpack_publicize_connections":[],"jetpack_featured_media_url":"https:\/\/baraka.cc\/wp-content\/uploads\/2014\/03\/110.jpg","jetpack_shortlink":"https:\/\/wp.me\/p4eHWX-AM","jetpack_sharing_enabled":true,"_links":{"self":[{"href":"https:\/\/baraka.cc\/index.php?rest_route=\/wp\/v2\/posts\/2280"}],"collection":[{"href":"https:\/\/baraka.cc\/index.php?rest_route=\/wp\/v2\/posts"}],"about":[{"href":"https:\/\/baraka.cc\/index.php?rest_route=\/wp\/v2\/types\/post"}],"author":[{"embeddable":true,"href":"https:\/\/baraka.cc\/index.php?rest_route=\/wp\/v2\/users\/1"}],"replies":[{"embeddable":true,"href":"https:\/\/baraka.cc\/index.php?rest_route=%2Fwp%2Fv2%2Fcomments&post=2280"}],"version-history":[{"count":1,"href":"https:\/\/baraka.cc\/index.php?rest_route=\/wp\/v2\/posts\/2280\/revisions"}],"predecessor-version":[{"id":2283,"href":"https:\/\/baraka.cc\/index.php?rest_route=\/wp\/v2\/posts\/2280\/revisions\/2283"}],"wp:featuredmedia":[{"embeddable":true,"href":"https:\/\/baraka.cc\/index.php?rest_route=\/wp\/v2\/media\/2281"}],"wp:attachment":[{"href":"https:\/\/baraka.cc\/index.php?rest_route=%2Fwp%2Fv2%2Fmedia&parent=2280"}],"wp:term":[{"taxonomy":"category","embeddable":true,"href":"https:\/\/baraka.cc\/index.php?rest_route=%2Fwp%2Fv2%2Fcategories&post=2280"},{"taxonomy":"post_tag","embeddable":true,"href":"https:\/\/baraka.cc\/index.php?rest_route=%2Fwp%2Fv2%2Ftags&post=2280"}],"curies":[{"name":"wp","href":"https:\/\/api.w.org\/{rel}","templated":true}]}}