{"id":2286,"date":"2014-03-31T11:17:09","date_gmt":"2014-03-31T09:17:09","guid":{"rendered":"https:\/\/baraka.cc\/?p=2286"},"modified":"2014-04-07T10:43:07","modified_gmt":"2014-04-07T08:43:07","slug":"kizildere-anmasi-gerceklestirildi","status":"publish","type":"post","link":"https:\/\/baraka.cc\/?p=2286","title":{"rendered":"K\u0131z\u0131ldere Anmas\u0131 Ger\u00e7ekle\u015ftirildi"},"content":{"rendered":"<p><a href=\"https:\/\/baraka.cc\/wp-content\/uploads\/2014\/03\/30mart2014_1.jpg\"><img decoding=\"async\" loading=\"lazy\" class=\"alignleft size-medium wp-image-2287\" alt=\"30mart2014_1\" src=\"https:\/\/baraka.cc\/wp-content\/uploads\/2014\/03\/30mart2014_1-300x199.jpg\" width=\"300\" height=\"199\" srcset=\"https:\/\/baraka.cc\/wp-content\/uploads\/2014\/03\/30mart2014_1-300x199.jpg 300w, https:\/\/baraka.cc\/wp-content\/uploads\/2014\/03\/30mart2014_1.jpg 960w\" sizes=\"(max-width: 300px) 100vw, 300px\" \/><\/a>\u00a0\u00a0 Baraka K\u00fclt\u00fcr Merkezi ve K\u0131br\u0131s Pir Sultan Abdal K\u00fclt\u00fcr Derne\u011fi, T\u00fcrkiye\u2019de 30 Mart 1972\u2032de d\u00fczenlenen sald\u0131r\u0131da K\u0131z\u0131ldere\u2019de bir evde \u00f6ld\u00fcr\u00fclen 10 T\u00fcrkiye Halk Kurtulu\u015f Partisi\/cephesi (THKP\/C) Ve T\u00fcrkiye Halk Kurtulu\u015f Ordusu (THKO) \u00fcyesi genci, 30 Mart Pazar ak\u015fam\u0131 K\u0131br\u0131s T\u00fcrk \u00d6\u011fretmenler Sendikas\u0131 (KT\u00d6S)\u2019da and\u0131. Baraka K\u00fclt\u00fcr Merkezi ve Pir Sultan Abdal K\u00fclt\u00fcr Derne\u011fi taraf\u0131ndan ortak d\u00fczenlenen anma gecesinden 30 Mart ve devrimci m\u00fccadelenin g\u00fcncelli\u011fiyle ilgili konu\u015fmalar konu\u015fmalar yap\u0131d\u0131. Baraka&#8217;dan M\u00fcn\u00fcr Rahvanc\u0131o\u011flu ve K\u0131br\u0131s Pir Sultan&#8217;dan Tuncer \u00d6zbahad\u0131r yapt\u0131klar\u0131 a\u00e7\u0131l\u0131\u015f konu\u015fmalarda Mahir \u00c7ayan ve arkada\u015flar\u0131n\u0131n m\u00fccadelesinin \u00f6nemine ve bug\u00fcn i\u00e7in ifade etti\u011fi anlama i\u015faret ettiler. Etkinlikte THKP-C ve THKO&#8217;nun m\u00fccadelesini anlatan k\u0131sa bir video da g\u00f6sterildi. \u00c7e\u015fitli \u015fiirlerin okundu\u011fu gecede, Baraka m\u00fczik grubu Sol Anahtar\u0131, Pir Sultan Abdal K\u00fclt\u00fcr Derne\u011fi M\u00fczik Grubu ve Arda G\u00fcnd\u00fcz de sahne ald\u0131.<\/p>\n<p>&nbsp;<\/p>\n<p><a href=\"https:\/\/baraka.cc\/wp-content\/uploads\/2014\/03\/30mart2014_4.jpg\"><img decoding=\"async\" alt=\"30mart2014_4\" src=\"https:\/\/baraka.cc\/wp-content\/uploads\/2014\/03\/30mart2014_4.jpg\" width=\"200\" \/><\/a> <a href=\"https:\/\/baraka.cc\/wp-content\/uploads\/2014\/03\/30mart2014_2.jpg\"><img decoding=\"async\" alt=\"30mart2014_2\" src=\"https:\/\/baraka.cc\/wp-content\/uploads\/2014\/03\/30mart2014_2.jpg\" width=\"200\" \/><\/a> <a href=\"https:\/\/baraka.cc\/wp-content\/uploads\/2014\/03\/30mart2014_3.jpg\"><img decoding=\"async\" alt=\"30mart2014_3\" src=\"https:\/\/baraka.cc\/wp-content\/uploads\/2014\/03\/30mart2014_3.jpg\" width=\"200\" \/><\/a><\/p>\n","protected":false},"excerpt":{"rendered":"<p>\u00a0\u00a0 Baraka K\u00fclt\u00fcr Merkezi ve K\u0131br\u0131s Pir Sultan Abdal K\u00fclt\u00fcr Derne\u011fi, T\u00fcrkiye\u2019de 30 Mart 1972\u2032de d\u00fczenlenen sald\u0131r\u0131da K\u0131z\u0131ldere\u2019de bir evde \u00f6ld\u00fcr\u00fclen 10 T\u00fcrkiye Halk Kurtulu\u015f<\/p>\n","protected":false},"author":1,"featured_media":2287,"comment_status":"open","ping_status":"open","sticky":false,"template":"","format":"standard","meta":{"jetpack_post_was_ever_published":false,"_jetpack_newsletter_access":"","_jetpack_newsletter_tier_id":0,"jetpack_publicize_message":"","jetpack_is_tweetstorm":false,"jetpack_publicize_feature_enabled":true,"jetpack_social_post_already_shared":true,"jetpack_social_options":{"image_generator_settings":{"template":"highway","enabled":false}}},"categories":[57,24,23],"tags":[],"jetpack_publicize_connections":[],"jetpack_featured_media_url":"https:\/\/baraka.cc\/wp-content\/uploads\/2014\/03\/30mart2014_1.jpg","jetpack_shortlink":"https:\/\/wp.me\/p4eHWX-AS","jetpack_sharing_enabled":true,"_links":{"self":[{"href":"https:\/\/baraka.cc\/index.php?rest_route=\/wp\/v2\/posts\/2286"}],"collection":[{"href":"https:\/\/baraka.cc\/index.php?rest_route=\/wp\/v2\/posts"}],"about":[{"href":"https:\/\/baraka.cc\/index.php?rest_route=\/wp\/v2\/types\/post"}],"author":[{"embeddable":true,"href":"https:\/\/baraka.cc\/index.php?rest_route=\/wp\/v2\/users\/1"}],"replies":[{"embeddable":true,"href":"https:\/\/baraka.cc\/index.php?rest_route=%2Fwp%2Fv2%2Fcomments&post=2286"}],"version-history":[{"count":1,"href":"https:\/\/baraka.cc\/index.php?rest_route=\/wp\/v2\/posts\/2286\/revisions"}],"predecessor-version":[{"id":2291,"href":"https:\/\/baraka.cc\/index.php?rest_route=\/wp\/v2\/posts\/2286\/revisions\/2291"}],"wp:featuredmedia":[{"embeddable":true,"href":"https:\/\/baraka.cc\/index.php?rest_route=\/wp\/v2\/media\/2287"}],"wp:attachment":[{"href":"https:\/\/baraka.cc\/index.php?rest_route=%2Fwp%2Fv2%2Fmedia&parent=2286"}],"wp:term":[{"taxonomy":"category","embeddable":true,"href":"https:\/\/baraka.cc\/index.php?rest_route=%2Fwp%2Fv2%2Fcategories&post=2286"},{"taxonomy":"post_tag","embeddable":true,"href":"https:\/\/baraka.cc\/index.php?rest_route=%2Fwp%2Fv2%2Ftags&post=2286"}],"curies":[{"name":"wp","href":"https:\/\/api.w.org\/{rel}","templated":true}]}}